{"id":5125,"date":"2026-04-24T13:06:48","date_gmt":"2026-04-24T11:06:48","guid":{"rendered":"https:\/\/agora.xtec.cat\/ceipfarigola-seva\/?p=5125"},"modified":"2026-04-24T13:06:48","modified_gmt":"2026-04-24T11:06:48","slug":"setmana-de-sant-jordi-del-20-al-25-dabril-de-2026","status":"publish","type":"post","link":"https:\/\/agora.xtec.cat\/ceipfarigola-seva\/general\/setmana-de-sant-jordi-del-20-al-25-dabril-de-2026\/","title":{"rendered":"Setmana de Sant Jordi (del 20 al 25 d&#8217;abril de 2026)"},"content":{"rendered":"<p>La setmana de Sant Jordi sempre \u00e9s una setmana ben especial!<\/p>\n<p>Al llarg de la setmana tota l\u2019escola s\u2019ha omplert de creativitat amb el taller d&#8217;il\u00b7lustraci\u00f3 condu\u00eft per la D\u00e0lia Adillon. Tot l\u2019alumnat, des dels m\u00e9s petits fins als m\u00e9s grans, hi ha participat amb molta il\u00b7lusi\u00f3, descobrint noves t\u00e8cniques i deixant volar la imaginaci\u00f3.<\/p>\n<p>El dia de Sant Jordi ha comen\u00e7at ben d\u2019hora: l\u2019alumnat de 6\u00e8, amb l\u2019ajuda de les fam\u00edlies, la tutora i l\u2019Equip Directiu, ha muntat la parada de llibres i de roses a la Pla\u00e7a de la Creu. Al llarg del mat\u00ed, totes les classes hi han anat passant per visitar-la i han tingut l\u2019oportunitat de comprar llibres, contribuint aix\u00ed a fer cr\u00e9ixer el gust per la lectura.<\/p>\n<p>A la tarda, hem celebrat la <strong>&#8220;I Fira de Sant Jordi&#8221;<\/strong> a l\u2019escola. El pati i les aules de prim\u00e0ria s\u2019han omplert de vida amb paradetes i activitats diverses: fer roses, crear dracs, ballar danses i dibuixar. Ha estat una tarda molt divertida i participativa que ha fet gaudir tothom.<\/p>\n<p>Volem agrair especialment a les fam\u00edlies que ens han vingut a ajudar i han fet possible aquesta jornada tan especial. Tamb\u00e9 volem donar les gr\u00e0cies a l\u2019alumnat de l&#8217;institut de Taradell que, els dies previs, ens ha donat un cop de m\u00e0 en la preparaci\u00f3 de totes les activitats dins el programa \u201cServei comunitari&#8221;.<\/p>\n<p>Ha estat un dia ben bonic i emocionant que, sens dubte, recordarem!<\/p>\n<p>Moltes gr\u00e0cies a totes i tots! Bona diada de Sant Jordi 2026!<\/p>\n<p><a href=\"https:\/\/agora.xtec.cat\/ceipfarigola-seva\/fotos\/\">ENLLA\u00c7 A LES FOTOGRAFIES<\/a><\/p>\n<p><a href=\"https:\/\/agora.xtec.cat\/ceipfarigola-seva\/wp-content\/uploads\/usu217\/2026\/04\/SANT-JORDI-1.jpg\"><img loading=\"lazy\" decoding=\"async\" class=\" wp-image-5129\" src=\"https:\/\/agora.xtec.cat\/ceipfarigola-seva\/wp-content\/uploads\/usu217\/2026\/04\/SANT-JORDI-1-1024x1024.jpg\" alt=\"\" width=\"365\" height=\"365\" srcset=\"https:\/\/agora.xtec.cat\/ceipfarigola-seva\/wp-content\/uploads\/usu217\/2026\/04\/SANT-JORDI-1-1024x1024.jpg 1024w, https:\/\/agora.xtec.cat\/ceipfarigola-seva\/wp-content\/uploads\/usu217\/2026\/04\/SANT-JORDI-1-300x300.jpg 300w, https:\/\/agora.xtec.cat\/ceipfarigola-seva\/wp-content\/uploads\/usu217\/2026\/04\/SANT-JORDI-1-150x150.jpg 150w, https:\/\/agora.xtec.cat\/ceipfarigola-seva\/wp-content\/uploads\/usu217\/2026\/04\/SANT-JORDI-1-768x768.jpg 768w, https:\/\/agora.xtec.cat\/ceipfarigola-seva\/wp-content\/uploads\/usu217\/2026\/04\/SANT-JORDI-1-1536x1536.jpg 1536w, https:\/\/agora.xtec.cat\/ceipfarigola-seva\/wp-content\/uploads\/usu217\/2026\/04\/SANT-JORDI-1.jpg 2048w\" sizes=\"auto, (max-width: 365px) 100vw, 365px\" \/><\/a><\/p>\n<p>(Dibuix de la portada Joan Turu)<\/p>\n","protected":false},"excerpt":{"rendered":"<p>La setmana de Sant Jordi sempre \u00e9s una setmana ben especial! Al llarg de la setmana tota l\u2019escola s\u2019ha omplert de creativitat amb el taller d&#8217;il\u00b7lustraci\u00f3 condu\u00eft per la D\u00e0lia Adillon. Tot l\u2019alumnat, des dels m\u00e9s petits fins als m\u00e9s grans, hi ha participat amb molta il\u00b7lusi\u00f3, descobrint noves t\u00e8cniques i deixant volar la imaginaci\u00f3. [&hellip;]<\/p>\n","protected":false},"author":38,"featured_media":5127,"comment_status":"open","ping_status":"open","sticky":false,"template":"","format":"standard","meta":{"_bbp_topic_count":0,"_bbp_reply_count":0,"_bbp_total_topic_count":0,"_bbp_total_reply_count":0,"_bbp_voice_count":0,"_bbp_anonymous_reply_count":0,"_bbp_topic_count_hidden":0,"_bbp_reply_count_hidden":0,"_bbp_forum_subforum_count":0,"site-sidebar-layout":"default","site-content-layout":"","ast-site-content-layout":"default","site-content-style":"default","site-sidebar-style":"default","ast-global-header-display":"","ast-banner-title-visibility":"","ast-main-header-display":"","ast-hfb-above-header-display":"","ast-hfb-below-header-display":"","ast-hfb-mobile-header-display":"","site-post-title":"","ast-breadcrumbs-content":"","ast-featured-img":"","footer-sml-layout":"","theme-transparent-header-meta":"default","adv-header-id-meta":"","stick-header-meta":"","header-above-stick-meta":"","header-main-stick-meta":"","header-below-stick-meta":"","astra-migrate-meta-layouts":"set","ast-page-background-enabled":"default","ast-page-background-meta":{"desktop":{"background-color":"var(--ast-global-color-4)","background-image":"","background-repeat":"repeat","background-position":"center center","background-size":"auto","background-attachment":"scroll","background-type":"","background-media":"","overlay-type":"","overlay-color":"","overlay-opacity":"","overlay-gradient":""},"tablet":{"background-color":"","background-image":"","background-repeat":"repeat","background-position":"center center","background-size":"auto","background-attachment":"scroll","background-type":"","background-media":"","overlay-type":"","overlay-color":"","overlay-opacity":"","overlay-gradient":""},"mobile":{"background-color":"","background-image":"","background-repeat":"repeat","background-position":"center center","background-size":"auto","background-attachment":"scroll","background-type":"","background-media":"","overlay-type":"","overlay-color":"","overlay-opacity":"","overlay-gradient":""}},"ast-content-background-meta":{"desktop":{"background-color":"var(--ast-global-color-5)","background-image":"","background-repeat":"repeat","background-position":"center center","background-size":"auto","background-attachment":"scroll","background-type":"","background-media":"","overlay-type":"","overlay-color":"","overlay-opacity":"","overlay-gradient":""},"tablet":{"background-color":"var(--ast-global-color-5)","background-image":"","background-repeat":"repeat","background-position":"center center","background-size":"auto","background-attachment":"scroll","background-type":"","background-media":"","overlay-type":"","overlay-color":"","overlay-opacity":"","overlay-gradient":""},"mobile":{"background-color":"var(--ast-global-color-5)","background-image":"","background-repeat":"repeat","background-position":"center center","background-size":"auto","background-attachment":"scroll","background-type":"","background-media":"","overlay-type":"","overlay-color":"","overlay-opacity":"","overlay-gradient":""}},"footnotes":""},"categories":[109,8,10,11,110,13,12,3,2,1,4],"tags":[],"class_list":["post-5125","post","type-post","status-publish","format-standard","has-post-thumbnail","hentry","category-1r","category-2n","category-3r","category-4t","category-5e","category-6e","category-grans","category-mitjanes","category-petites","category-general","category-portada"],"post_mailing_queue_ids":[],"_links":{"self":[{"href":"https:\/\/agora.xtec.cat\/ceipfarigola-seva\/wp-json\/wp\/v2\/posts\/5125","targetHints":{"allow":["GET"]}}],"collection":[{"href":"https:\/\/agora.xtec.cat\/ceipfarigola-seva\/wp-json\/wp\/v2\/posts"}],"about":[{"href":"https:\/\/agora.xtec.cat\/ceipfarigola-seva\/wp-json\/wp\/v2\/types\/post"}],"author":[{"embeddable":true,"href":"https:\/\/agora.xtec.cat\/ceipfarigola-seva\/wp-json\/wp\/v2\/users\/38"}],"replies":[{"embeddable":true,"href":"https:\/\/agora.xtec.cat\/ceipfarigola-seva\/wp-json\/wp\/v2\/comments?post=5125"}],"version-history":[{"count":6,"href":"https:\/\/agora.xtec.cat\/ceipfarigola-seva\/wp-json\/wp\/v2\/posts\/5125\/revisions"}],"predecessor-version":[{"id":5139,"href":"https:\/\/agora.xtec.cat\/ceipfarigola-seva\/wp-json\/wp\/v2\/posts\/5125\/revisions\/5139"}],"wp:featuredmedia":[{"embeddable":true,"href":"https:\/\/agora.xtec.cat\/ceipfarigola-seva\/wp-json\/wp\/v2\/media\/5127"}],"wp:attachment":[{"href":"https:\/\/agora.xtec.cat\/ceipfarigola-seva\/wp-json\/wp\/v2\/media?parent=5125"}],"wp:term":[{"taxonomy":"category","embeddable":true,"href":"https:\/\/agora.xtec.cat\/ceipfarigola-seva\/wp-json\/wp\/v2\/categories?post=5125"},{"taxonomy":"post_tag","embeddable":true,"href":"https:\/\/agora.xtec.cat\/ceipfarigola-seva\/wp-json\/wp\/v2\/tags?post=5125"}],"curies":[{"name":"wp","href":"https:\/\/api.w.org\/{rel}","templated":true}]}}