{"id":5113,"date":"2026-04-16T16:00:46","date_gmt":"2026-04-16T14:00:46","guid":{"rendered":"https:\/\/agora.xtec.cat\/ceipfarigola-seva\/?p=5113"},"modified":"2026-04-16T16:00:46","modified_gmt":"2026-04-16T14:00:46","slug":"sortides-del-projecte-del-montseny-3r-i-4t-el-riu-gurri","status":"publish","type":"post","link":"https:\/\/agora.xtec.cat\/ceipfarigola-seva\/general\/sortides-del-projecte-del-montseny-3r-i-4t-el-riu-gurri\/","title":{"rendered":"Sortides del projecte del Montseny 3r i 4t: el riu Gurri"},"content":{"rendered":"<p>Durant el projecte del Montseny vam fer dues sortides per estudiar el <b>riu Gurri<\/b>, un riu de la comarca d\u2019Osona que neix al mass\u00eds del Montseny i desemboca al riu Ter.<\/p>\n<p>A la primera sortida vam observar el riu i vam estudiar el <b>cabal<\/b>, \u00e9s a dir, la quantitat d\u2019aigua que passa pel riu. Tamb\u00e9 vam mirar la vegetaci\u00f3 de ribera i vam buscar petits organismes aqu\u00e0tics, que ens ajuden a saber si l\u2019aigua \u00e9s de bona qualitat.<\/p>\n<p>A la segona sortida vam parlar sobretot de la <b>contaminaci\u00f3 del riu<\/b> i de com les activitats humanes poden afectar l\u2019aigua i els animals que hi viuen. Tamb\u00e9 vam aprendre quins animals formen part d\u2019aquest ecosistema.<\/p>\n<p>Aquestes sortides ens van ajudar a entendre millor com funcionen els rius i la import\u00e0ncia de cuidar el medi ambient.<\/p>\n<p><a href=\"https:\/\/agora.xtec.cat\/ceipfarigola-seva\/fotos\/\">FOTOS<\/a><\/p>\n<p><a href=\"https:\/\/agora.xtec.cat\/ceipfarigola-seva\/wp-content\/uploads\/usu217\/2026\/04\/55171234646_593881560c_c-1.jpg\"><img loading=\"lazy\" decoding=\"async\" class=\"wp-image-5115 aligncenter\" src=\"https:\/\/agora.xtec.cat\/ceipfarigola-seva\/wp-content\/uploads\/usu217\/2026\/04\/55171234646_593881560c_c-1.jpg\" alt=\"\" width=\"576\" height=\"432\" srcset=\"https:\/\/agora.xtec.cat\/ceipfarigola-seva\/wp-content\/uploads\/usu217\/2026\/04\/55171234646_593881560c_c-1.jpg 800w, https:\/\/agora.xtec.cat\/ceipfarigola-seva\/wp-content\/uploads\/usu217\/2026\/04\/55171234646_593881560c_c-1-300x225.jpg 300w, https:\/\/agora.xtec.cat\/ceipfarigola-seva\/wp-content\/uploads\/usu217\/2026\/04\/55171234646_593881560c_c-1-768x576.jpg 768w\" sizes=\"auto, (max-width: 576px) 100vw, 576px\" \/><\/a><\/p>\n","protected":false},"excerpt":{"rendered":"<p>Durant el projecte del Montseny vam fer dues sortides per estudiar el riu Gurri, un riu de la comarca d\u2019Osona que neix al mass\u00eds del Montseny i desemboca al riu Ter. A la primera sortida vam observar el riu i vam estudiar el cabal, \u00e9s a dir, la quantitat d\u2019aigua que passa pel riu. Tamb\u00e9 [&hellip;]<\/p>\n","protected":false},"author":1,"featured_media":5114,"comment_status":"open","ping_status":"open","sticky":false,"template":"","format":"standard","meta":{"_bbp_topic_count":0,"_bbp_reply_count":0,"_bbp_total_topic_count":0,"_bbp_total_reply_count":0,"_bbp_voice_count":0,"_bbp_anonymous_reply_count":0,"_bbp_topic_count_hidden":0,"_bbp_reply_count_hidden":0,"_bbp_forum_subforum_count":0,"site-sidebar-layout":"default","site-content-layout":"","ast-site-content-layout":"default","site-content-style":"default","site-sidebar-style":"default","ast-global-header-display":"","ast-banner-title-visibility":"","ast-main-header-display":"","ast-hfb-above-header-display":"","ast-hfb-below-header-display":"","ast-hfb-mobile-header-display":"","site-post-title":"","ast-breadcrumbs-content":"","ast-featured-img":"","footer-sml-layout":"","theme-transparent-header-meta":"default","adv-header-id-meta":"","stick-header-meta":"","header-above-stick-meta":"","header-main-stick-meta":"","header-below-stick-meta":"","astra-migrate-meta-layouts":"set","ast-page-background-enabled":"default","ast-page-background-meta":{"desktop":{"background-color":"var(--ast-global-color-4)","background-image":"","background-repeat":"repeat","background-position":"center center","background-size":"auto","background-attachment":"scroll","background-type":"","background-media":"","overlay-type":"","overlay-color":"","overlay-opacity":"","overlay-gradient":""},"tablet":{"background-color":"","background-image":"","background-repeat":"repeat","background-position":"center center","background-size":"auto","background-attachment":"scroll","background-type":"","background-media":"","overlay-type":"","overlay-color":"","overlay-opacity":"","overlay-gradient":""},"mobile":{"background-color":"","background-image":"","background-repeat":"repeat","background-position":"center center","background-size":"auto","background-attachment":"scroll","background-type":"","background-media":"","overlay-type":"","overlay-color":"","overlay-opacity":"","overlay-gradient":""}},"ast-content-background-meta":{"desktop":{"background-color":"var(--ast-global-color-5)","background-image":"","background-repeat":"repeat","background-position":"center center","background-size":"auto","background-attachment":"scroll","background-type":"","background-media":"","overlay-type":"","overlay-color":"","overlay-opacity":"","overlay-gradient":""},"tablet":{"background-color":"var(--ast-global-color-5)","background-image":"","background-repeat":"repeat","background-position":"center center","background-size":"auto","background-attachment":"scroll","background-type":"","background-media":"","overlay-type":"","overlay-color":"","overlay-opacity":"","overlay-gradient":""},"mobile":{"background-color":"var(--ast-global-color-5)","background-image":"","background-repeat":"repeat","background-position":"center center","background-size":"auto","background-attachment":"scroll","background-type":"","background-media":"","overlay-type":"","overlay-color":"","overlay-opacity":"","overlay-gradient":""}},"footnotes":""},"categories":[1,4],"tags":[],"class_list":["post-5113","post","type-post","status-publish","format-standard","has-post-thumbnail","hentry","category-general","category-portada"],"post_mailing_queue_ids":[],"_links":{"self":[{"href":"https:\/\/agora.xtec.cat\/ceipfarigola-seva\/wp-json\/wp\/v2\/posts\/5113","targetHints":{"allow":["GET"]}}],"collection":[{"href":"https:\/\/agora.xtec.cat\/ceipfarigola-seva\/wp-json\/wp\/v2\/posts"}],"about":[{"href":"https:\/\/agora.xtec.cat\/ceipfarigola-seva\/wp-json\/wp\/v2\/types\/post"}],"author":[{"embeddable":true,"href":"https:\/\/agora.xtec.cat\/ceipfarigola-seva\/wp-json\/wp\/v2\/users\/1"}],"replies":[{"embeddable":true,"href":"https:\/\/agora.xtec.cat\/ceipfarigola-seva\/wp-json\/wp\/v2\/comments?post=5113"}],"version-history":[{"count":2,"href":"https:\/\/agora.xtec.cat\/ceipfarigola-seva\/wp-json\/wp\/v2\/posts\/5113\/revisions"}],"predecessor-version":[{"id":5117,"href":"https:\/\/agora.xtec.cat\/ceipfarigola-seva\/wp-json\/wp\/v2\/posts\/5113\/revisions\/5117"}],"wp:featuredmedia":[{"embeddable":true,"href":"https:\/\/agora.xtec.cat\/ceipfarigola-seva\/wp-json\/wp\/v2\/media\/5114"}],"wp:attachment":[{"href":"https:\/\/agora.xtec.cat\/ceipfarigola-seva\/wp-json\/wp\/v2\/media?parent=5113"}],"wp:term":[{"taxonomy":"category","embeddable":true,"href":"https:\/\/agora.xtec.cat\/ceipfarigola-seva\/wp-json\/wp\/v2\/categories?post=5113"},{"taxonomy":"post_tag","embeddable":true,"href":"https:\/\/agora.xtec.cat\/ceipfarigola-seva\/wp-json\/wp\/v2\/tags?post=5113"}],"curies":[{"name":"wp","href":"https:\/\/api.w.org\/{rel}","templated":true}]}}