{"id":5029,"date":"2026-02-23T19:00:02","date_gmt":"2026-02-23T18:00:02","guid":{"rendered":"https:\/\/agora.xtec.cat\/ceipfarigola-seva\/?p=5029"},"modified":"2026-02-23T13:46:06","modified_gmt":"2026-02-23T12:46:06","slug":"carnaval-amb-esperit-de-revolta-pagesa","status":"publish","type":"post","link":"https:\/\/agora.xtec.cat\/ceipfarigola-seva\/general\/carnaval-amb-esperit-de-revolta-pagesa\/","title":{"rendered":"CARNAVAL AMB  ESPERIT DE REVOLTA PAGESA"},"content":{"rendered":"<p style=\"text-align: left;\" data-start=\"247\" data-end=\"515\"><a href=\"https:\/\/agora.xtec.cat\/ceipfarigola-seva\/wp-content\/uploads\/usu217\/2026\/02\/carnestoltes_Nuria-Fortuny-Herrero.jpg\"><img loading=\"lazy\" decoding=\"async\" class=\"wp-image-5042 alignleft\" src=\"https:\/\/agora.xtec.cat\/ceipfarigola-seva\/wp-content\/uploads\/usu217\/2026\/02\/carnestoltes_Nuria-Fortuny-Herrero.jpg\" alt=\"\" width=\"211\" height=\"302\" srcset=\"https:\/\/agora.xtec.cat\/ceipfarigola-seva\/wp-content\/uploads\/usu217\/2026\/02\/carnestoltes_Nuria-Fortuny-Herrero.jpg 460w, https:\/\/agora.xtec.cat\/ceipfarigola-seva\/wp-content\/uploads\/usu217\/2026\/02\/carnestoltes_Nuria-Fortuny-Herrero-209x300.jpg 209w\" sizes=\"auto, (max-width: 211px) 100vw, 211px\" \/><\/a>Divendres 6 de febrer, l&#8217;alumnat de <strong data-start=\"280\" data-end=\"288\">sis\u00e8<\/strong> van donar el tret de sortida a la celebraci\u00f3 del <strong data-start=\"338\" data-end=\"350\">Carnaval<\/strong> amb el preg\u00f3. Amb molta il\u00b7lusi\u00f3, van explicar les consignes a tots els infants de l\u2019escola, que durant tota la setmana les han seguit amb entusiasme i creativitat.<\/p>\n<p style=\"text-align: left;\" data-start=\"517\" data-end=\"851\">Al llarg de la seg\u00fcent setmana, l\u2019escola s\u2019ha omplert de bon humor i disfresses originals gr\u00e0cies a les <strong data-start=\"609\" data-end=\"630\">consignes di\u00e0ries<\/strong>, que han fet encara m\u00e9s especials les jornades lectives.<\/p>\n<p data-start=\"517\" data-end=\"851\">Dijous, tota l&#8217;escola havia de participar en la sortida conjunta a la Font de Llobateres (o Font de la Teula), per\u00f2 a causa de la for\u00e7a ventada es va haver d&#8217;anul\u00b7lar.<\/p>\n<p style=\"text-align: left;\" data-start=\"853\" data-end=\"1167\">La celebraci\u00f3 ha culminat <strong data-start=\"879\" data-end=\"903\">divendres 20 a la tarda<\/strong> amb la tradicional <strong data-start=\"923\" data-end=\"942\">Rua de Carnaval<\/strong>, que enguany ha girat entorn de la tem\u00e0tica de la <strong data-start=\"993\" data-end=\"1011\">Revolta pagesa<\/strong>. Alumnes i mestres han desfilat amb disfresses plenes de simbolisme, creativitat i color, convertint els carrers en un espai festiu i reivindicatiu alhora.<\/p>\n<p style=\"text-align: left;\" data-start=\"1169\" data-end=\"1425\">Un any m\u00e9s, el Carnaval ha estat una oportunitat per compartir moments de diversi\u00f3, fomentar la participaci\u00f3 de tot l\u2019alumnat i enfortir el sentiment de comunitat educativa. Sens dubte, ha estat una celebraci\u00f3 plena d\u2019energia, alegria i esperit col\u00b7lectiu.<\/p>\n<p data-start=\"1169\" data-end=\"1425\">Moltes gr\u00e0cies a tothom per fer-ho possible!<\/p>\n<p style=\"text-align: left;\" data-start=\"1169\" data-end=\"1425\"><a href=\"https:\/\/agora.xtec.cat\/ceipfarigola-seva\/fotos\/\">LINK<\/a><\/p>\n","protected":false},"excerpt":{"rendered":"<p>Divendres 6 de febrer, l&#8217;alumnat de sis\u00e8 van donar el tret de sortida a la celebraci\u00f3 del Carnaval amb el preg\u00f3. Amb molta il\u00b7lusi\u00f3, van explicar les consignes a tots els infants de l\u2019escola, que durant tota la setmana les han seguit amb entusiasme i creativitat. Al llarg de la seg\u00fcent setmana, l\u2019escola s\u2019ha omplert [&hellip;]<\/p>\n","protected":false},"author":38,"featured_media":5030,"comment_status":"open","ping_status":"open","sticky":false,"template":"","format":"standard","meta":{"_bbp_topic_count":0,"_bbp_reply_count":0,"_bbp_total_topic_count":0,"_bbp_total_reply_count":0,"_bbp_voice_count":0,"_bbp_anonymous_reply_count":0,"_bbp_topic_count_hidden":0,"_bbp_reply_count_hidden":0,"_bbp_forum_subforum_count":0,"site-sidebar-layout":"default","site-content-layout":"","ast-site-content-layout":"default","site-content-style":"default","site-sidebar-style":"default","ast-global-header-display":"","ast-banner-title-visibility":"","ast-main-header-display":"","ast-hfb-above-header-display":"","ast-hfb-below-header-display":"","ast-hfb-mobile-header-display":"","site-post-title":"","ast-breadcrumbs-content":"","ast-featured-img":"","footer-sml-layout":"","theme-transparent-header-meta":"default","adv-header-id-meta":"","stick-header-meta":"","header-above-stick-meta":"","header-main-stick-meta":"","header-below-stick-meta":"","astra-migrate-meta-layouts":"set","ast-page-background-enabled":"default","ast-page-background-meta":{"desktop":{"background-color":"var(--ast-global-color-4)","background-image":"","background-repeat":"repeat","background-position":"center center","background-size":"auto","background-attachment":"scroll","background-type":"","background-media":"","overlay-type":"","overlay-color":"","overlay-opacity":"","overlay-gradient":""},"tablet":{"background-color":"","background-image":"","background-repeat":"repeat","background-position":"center center","background-size":"auto","background-attachment":"scroll","background-type":"","background-media":"","overlay-type":"","overlay-color":"","overlay-opacity":"","overlay-gradient":""},"mobile":{"background-color":"","background-image":"","background-repeat":"repeat","background-position":"center center","background-size":"auto","background-attachment":"scroll","background-type":"","background-media":"","overlay-type":"","overlay-color":"","overlay-opacity":"","overlay-gradient":""}},"ast-content-background-meta":{"desktop":{"background-color":"var(--ast-global-color-5)","background-image":"","background-repeat":"repeat","background-position":"center center","background-size":"auto","background-attachment":"scroll","background-type":"","background-media":"","overlay-type":"","overlay-color":"","overlay-opacity":"","overlay-gradient":""},"tablet":{"background-color":"var(--ast-global-color-5)","background-image":"","background-repeat":"repeat","background-position":"center center","background-size":"auto","background-attachment":"scroll","background-type":"","background-media":"","overlay-type":"","overlay-color":"","overlay-opacity":"","overlay-gradient":""},"mobile":{"background-color":"var(--ast-global-color-5)","background-image":"","background-repeat":"repeat","background-position":"center center","background-size":"auto","background-attachment":"scroll","background-type":"","background-media":"","overlay-type":"","overlay-color":"","overlay-opacity":"","overlay-gradient":""}},"footnotes":""},"categories":[109,8,10,11,110,13,12,3,2,1,4],"tags":[],"class_list":["post-5029","post","type-post","status-publish","format-standard","has-post-thumbnail","hentry","category-1r","category-2n","category-3r","category-4t","category-5e","category-6e","category-grans","category-mitjanes","category-petites","category-general","category-portada"],"post_mailing_queue_ids":[],"_links":{"self":[{"href":"https:\/\/agora.xtec.cat\/ceipfarigola-seva\/wp-json\/wp\/v2\/posts\/5029","targetHints":{"allow":["GET"]}}],"collection":[{"href":"https:\/\/agora.xtec.cat\/ceipfarigola-seva\/wp-json\/wp\/v2\/posts"}],"about":[{"href":"https:\/\/agora.xtec.cat\/ceipfarigola-seva\/wp-json\/wp\/v2\/types\/post"}],"author":[{"embeddable":true,"href":"https:\/\/agora.xtec.cat\/ceipfarigola-seva\/wp-json\/wp\/v2\/users\/38"}],"replies":[{"embeddable":true,"href":"https:\/\/agora.xtec.cat\/ceipfarigola-seva\/wp-json\/wp\/v2\/comments?post=5029"}],"version-history":[{"count":6,"href":"https:\/\/agora.xtec.cat\/ceipfarigola-seva\/wp-json\/wp\/v2\/posts\/5029\/revisions"}],"predecessor-version":[{"id":5071,"href":"https:\/\/agora.xtec.cat\/ceipfarigola-seva\/wp-json\/wp\/v2\/posts\/5029\/revisions\/5071"}],"wp:featuredmedia":[{"embeddable":true,"href":"https:\/\/agora.xtec.cat\/ceipfarigola-seva\/wp-json\/wp\/v2\/media\/5030"}],"wp:attachment":[{"href":"https:\/\/agora.xtec.cat\/ceipfarigola-seva\/wp-json\/wp\/v2\/media?parent=5029"}],"wp:term":[{"taxonomy":"category","embeddable":true,"href":"https:\/\/agora.xtec.cat\/ceipfarigola-seva\/wp-json\/wp\/v2\/categories?post=5029"},{"taxonomy":"post_tag","embeddable":true,"href":"https:\/\/agora.xtec.cat\/ceipfarigola-seva\/wp-json\/wp\/v2\/tags?post=5029"}],"curies":[{"name":"wp","href":"https:\/\/api.w.org\/{rel}","templated":true}]}}