{"id":4859,"date":"2025-11-17T17:16:14","date_gmt":"2025-11-17T16:16:14","guid":{"rendered":"https:\/\/agora.xtec.cat\/ceipfarigola-seva\/?p=4859"},"modified":"2025-11-17T17:25:35","modified_gmt":"2025-11-17T16:25:35","slug":"colonies-cda-de-juneda","status":"publish","type":"post","link":"https:\/\/agora.xtec.cat\/ceipfarigola-seva\/general\/colonies-cda-de-juneda\/","title":{"rendered":"Col\u00f2nies CdA de Juneda"},"content":{"rendered":"<p data-start=\"111\" data-end=\"271\">Els dies 5, 6 i 7 de novembre, la Comunitat de Mitjans i Mitjanes vam gaudir d\u2019uns dies plens d\u2019experi\u00e8ncies i aprenentatges al Camp d\u2019Aprenentatge de Juneda.<\/p>\n<p data-start=\"273\" data-end=\"799\">En arribar, vam tenir una estona per descobrir l\u2019espai on passar\u00edem els seg\u00fcents dies. Despr\u00e9s de dinar, vam comen\u00e7ar les activitats organitzats en tres grups. Durant l\u2019estada vam fer un munt de propostes diferents: vam preparar el nostre propi dinar elaborant hamburgueses, tires de pollastre, mantega i pa; ens vam endinsar en el m\u00f3n de la cistelleria tot coneixent els materials i la t\u00e8cnica i vam realitzar tasques de ramaderia com munyir vaques, recollir ous, veure de ben a prop dels pollets, donar menjar als animals, cuidar-los en el seu dia a dia&#8230;<\/p>\n<p data-start=\"801\" data-end=\"923\">Tot i acabar les jornades molt cansats, encara trob\u00e0vem temps per gaudir d\u2019un joc de nit i de la tan esperada discoteca.<\/p>\n<p data-start=\"925\" data-end=\"1039\">Van ser tres dies fant\u00e0stics, plens d\u2019emocions, aventures i moments de conviv\u00e8ncia amb els companys i companyes.<\/p>\n<p><a href=\"https:\/\/agora.xtec.cat\/ceipfarigola-seva\/fotos\/\">RECULL DE FOTOGRAFIES<\/a><\/p>\n<p><a href=\"https:\/\/agora.xtec.cat\/ceipfarigola-seva\/wp-content\/uploads\/usu217\/2025\/11\/PHOTO-2025-11-07-15-16-29.jpg\"><img loading=\"lazy\" decoding=\"async\" class=\"aligncenter wp-image-4876 size-medium\" src=\"https:\/\/agora.xtec.cat\/ceipfarigola-seva\/wp-content\/uploads\/usu217\/2025\/11\/PHOTO-2025-11-07-15-16-29-e1763396705105-276x300.jpg\" alt=\"\" width=\"276\" height=\"300\" srcset=\"https:\/\/agora.xtec.cat\/ceipfarigola-seva\/wp-content\/uploads\/usu217\/2025\/11\/PHOTO-2025-11-07-15-16-29-e1763396705105-276x300.jpg 276w, https:\/\/agora.xtec.cat\/ceipfarigola-seva\/wp-content\/uploads\/usu217\/2025\/11\/PHOTO-2025-11-07-15-16-29-e1763396705105-943x1024.jpg 943w, https:\/\/agora.xtec.cat\/ceipfarigola-seva\/wp-content\/uploads\/usu217\/2025\/11\/PHOTO-2025-11-07-15-16-29-e1763396705105-768x834.jpg 768w, https:\/\/agora.xtec.cat\/ceipfarigola-seva\/wp-content\/uploads\/usu217\/2025\/11\/PHOTO-2025-11-07-15-16-29-e1763396705105.jpg 1142w\" sizes=\"auto, (max-width: 276px) 100vw, 276px\" \/><\/a><\/p>\n","protected":false},"excerpt":{"rendered":"<p>Els dies 5, 6 i 7 de novembre, la Comunitat de Mitjans i Mitjanes vam gaudir d\u2019uns dies plens d\u2019experi\u00e8ncies i aprenentatges al Camp d\u2019Aprenentatge de Juneda. En arribar, vam tenir una estona per descobrir l\u2019espai on passar\u00edem els seg\u00fcents dies. Despr\u00e9s de dinar, vam comen\u00e7ar les activitats organitzats en tres grups. Durant l\u2019estada vam [&hellip;]<\/p>\n","protected":false},"author":1,"featured_media":4876,"comment_status":"open","ping_status":"open","sticky":false,"template":"","format":"standard","meta":{"_bbp_topic_count":0,"_bbp_reply_count":0,"_bbp_total_topic_count":0,"_bbp_total_reply_count":0,"_bbp_voice_count":0,"_bbp_anonymous_reply_count":0,"_bbp_topic_count_hidden":0,"_bbp_reply_count_hidden":0,"_bbp_forum_subforum_count":0,"site-sidebar-layout":"default","site-content-layout":"","ast-site-content-layout":"","site-content-style":"default","site-sidebar-style":"default","ast-global-header-display":"","ast-banner-title-visibility":"","ast-main-header-display":"","ast-hfb-above-header-display":"","ast-hfb-below-header-display":"","ast-hfb-mobile-header-display":"","site-post-title":"","ast-breadcrumbs-content":"","ast-featured-img":"","footer-sml-layout":"","theme-transparent-header-meta":"","adv-header-id-meta":"","stick-header-meta":"","header-above-stick-meta":"","header-main-stick-meta":"","header-below-stick-meta":"","astra-migrate-meta-layouts":"default","ast-page-background-enabled":"default","ast-page-background-meta":{"desktop":{"background-color":"var(--ast-global-color-4)","background-image":"","background-repeat":"repeat","background-position":"center center","background-size":"auto","background-attachment":"scroll","background-type":"","background-media":"","overlay-type":"","overlay-color":"","overlay-opacity":"","overlay-gradient":""},"tablet":{"background-color":"","background-image":"","background-repeat":"repeat","background-position":"center center","background-size":"auto","background-attachment":"scroll","background-type":"","background-media":"","overlay-type":"","overlay-color":"","overlay-opacity":"","overlay-gradient":""},"mobile":{"background-color":"","background-image":"","background-repeat":"repeat","background-position":"center center","background-size":"auto","background-attachment":"scroll","background-type":"","background-media":"","overlay-type":"","overlay-color":"","overlay-opacity":"","overlay-gradient":""}},"ast-content-background-meta":{"desktop":{"background-color":"var(--ast-global-color-5)","background-image":"","background-repeat":"repeat","background-position":"center center","background-size":"auto","background-attachment":"scroll","background-type":"","background-media":"","overlay-type":"","overlay-color":"","overlay-opacity":"","overlay-gradient":""},"tablet":{"background-color":"var(--ast-global-color-5)","background-image":"","background-repeat":"repeat","background-position":"center center","background-size":"auto","background-attachment":"scroll","background-type":"","background-media":"","overlay-type":"","overlay-color":"","overlay-opacity":"","overlay-gradient":""},"mobile":{"background-color":"var(--ast-global-color-5)","background-image":"","background-repeat":"repeat","background-position":"center center","background-size":"auto","background-attachment":"scroll","background-type":"","background-media":"","overlay-type":"","overlay-color":"","overlay-opacity":"","overlay-gradient":""}},"footnotes":""},"categories":[3,1,4],"tags":[],"class_list":["post-4859","post","type-post","status-publish","format-standard","has-post-thumbnail","hentry","category-mitjanes","category-general","category-portada"],"post_mailing_queue_ids":[],"_links":{"self":[{"href":"https:\/\/agora.xtec.cat\/ceipfarigola-seva\/wp-json\/wp\/v2\/posts\/4859","targetHints":{"allow":["GET"]}}],"collection":[{"href":"https:\/\/agora.xtec.cat\/ceipfarigola-seva\/wp-json\/wp\/v2\/posts"}],"about":[{"href":"https:\/\/agora.xtec.cat\/ceipfarigola-seva\/wp-json\/wp\/v2\/types\/post"}],"author":[{"embeddable":true,"href":"https:\/\/agora.xtec.cat\/ceipfarigola-seva\/wp-json\/wp\/v2\/users\/1"}],"replies":[{"embeddable":true,"href":"https:\/\/agora.xtec.cat\/ceipfarigola-seva\/wp-json\/wp\/v2\/comments?post=4859"}],"version-history":[{"count":6,"href":"https:\/\/agora.xtec.cat\/ceipfarigola-seva\/wp-json\/wp\/v2\/posts\/4859\/revisions"}],"predecessor-version":[{"id":4881,"href":"https:\/\/agora.xtec.cat\/ceipfarigola-seva\/wp-json\/wp\/v2\/posts\/4859\/revisions\/4881"}],"wp:featuredmedia":[{"embeddable":true,"href":"https:\/\/agora.xtec.cat\/ceipfarigola-seva\/wp-json\/wp\/v2\/media\/4876"}],"wp:attachment":[{"href":"https:\/\/agora.xtec.cat\/ceipfarigola-seva\/wp-json\/wp\/v2\/media?parent=4859"}],"wp:term":[{"taxonomy":"category","embeddable":true,"href":"https:\/\/agora.xtec.cat\/ceipfarigola-seva\/wp-json\/wp\/v2\/categories?post=4859"},{"taxonomy":"post_tag","embeddable":true,"href":"https:\/\/agora.xtec.cat\/ceipfarigola-seva\/wp-json\/wp\/v2\/tags?post=4859"}],"curies":[{"name":"wp","href":"https:\/\/api.w.org\/{rel}","templated":true}]}}