{"id":4815,"date":"2025-10-23T14:00:44","date_gmt":"2025-10-23T12:00:44","guid":{"rendered":"https:\/\/agora.xtec.cat\/ceipfarigola-seva\/?p=4815"},"modified":"2025-10-23T14:00:44","modified_gmt":"2025-10-23T12:00:44","slug":"colonies-cda-delta-de-lebre","status":"publish","type":"post","link":"https:\/\/agora.xtec.cat\/ceipfarigola-seva\/general\/colonies-cda-delta-de-lebre\/","title":{"rendered":"COL\u00d2NIES CdA Delta de l&#8217;Ebre"},"content":{"rendered":"<p data-start=\"218\" data-end=\"379\">Els dies <strong data-start=\"227\" data-end=\"249\">7, 8 i 9 d\u2019octubre<\/strong>, la comunitat de grans vam viure unes col\u00f2nies inoblidables al <strong data-start=\"313\" data-end=\"332\">Delta de l\u2019Ebre<\/strong>, plenes de natura, descoberta i conviv\u00e8ncia.<\/p>\n<p data-start=\"381\" data-end=\"637\">El <strong data-start=\"384\" data-end=\"398\">primer dia<\/strong> vam con\u00e8ixer <strong data-start=\"412\" data-end=\"425\">la R\u00e0pita<\/strong> a trav\u00e9s d\u2019un divertit <em data-start=\"449\" data-end=\"462\">room escape<\/em> i vam gaudir d\u2019una tarda de <strong data-start=\"491\" data-end=\"501\">platja<\/strong>. El <strong data-start=\"506\" data-end=\"519\">segon dia<\/strong>, vam fer <strong data-start=\"529\" data-end=\"549\">observaci\u00f3 d\u2019aus<\/strong>, una <strong data-start=\"555\" data-end=\"591\">ruta en bicicleta pels arrossars<\/strong> i una nova estona per refrescar-nos al mar.<\/p>\n<p data-start=\"639\" data-end=\"866\">El <strong data-start=\"642\" data-end=\"656\">darrer dia<\/strong> vam sortir en <strong data-start=\"671\" data-end=\"682\">vaixell<\/strong> per descobrir les <strong data-start=\"701\" data-end=\"714\">muscleres<\/strong>, fent de petits cient\u00edfics amb aparells per mesurar la <strong data-start=\"770\" data-end=\"815\">profunditat i la transpar\u00e8ncia de l\u2019aigua<\/strong>, i observant <strong data-start=\"829\" data-end=\"863\">pl\u00e0ncton amb la lupa binocular<\/strong>.<\/p>\n<p data-start=\"868\" data-end=\"1038\">A m\u00e9s, vam reflexionar sobre <strong data-start=\"897\" data-end=\"936\">la problem\u00e0tica ambiental del Delta<\/strong> i vam comprendre per qu\u00e8 aquest espai natural est\u00e0 desapareixent i com podem ajudar a preservar-lo.<\/p>\n<p data-start=\"1040\" data-end=\"1120\">Van ser tres dies plens d\u2019aprenentatges, emocions i respecte per la natura. \ud83c\udf3f<\/p>\n<p data-start=\"1040\" data-end=\"1120\"><a href=\"https:\/\/agora.xtec.cat\/ceipfarigola-seva\/fotos\/\">VEURE ENLLA\u00c7 FOTOS<\/a><\/p>\n<p data-start=\"1040\" data-end=\"1120\"><a href=\"https:\/\/agora.xtec.cat\/ceipfarigola-seva\/wp-content\/uploads\/usu217\/2025\/10\/IMG_20251008_120245-scaled.jpg\"><img loading=\"lazy\" decoding=\"async\" class=\"alignnone size-large wp-image-4822\" src=\"https:\/\/agora.xtec.cat\/ceipfarigola-seva\/wp-content\/uploads\/usu217\/2025\/10\/IMG_20251008_120245-1024x766.jpg\" alt=\"\" width=\"1024\" height=\"766\" srcset=\"https:\/\/agora.xtec.cat\/ceipfarigola-seva\/wp-content\/uploads\/usu217\/2025\/10\/IMG_20251008_120245-1024x766.jpg 1024w, https:\/\/agora.xtec.cat\/ceipfarigola-seva\/wp-content\/uploads\/usu217\/2025\/10\/IMG_20251008_120245-300x224.jpg 300w, https:\/\/agora.xtec.cat\/ceipfarigola-seva\/wp-content\/uploads\/usu217\/2025\/10\/IMG_20251008_120245-768x575.jpg 768w, https:\/\/agora.xtec.cat\/ceipfarigola-seva\/wp-content\/uploads\/usu217\/2025\/10\/IMG_20251008_120245-1536x1149.jpg 1536w, https:\/\/agora.xtec.cat\/ceipfarigola-seva\/wp-content\/uploads\/usu217\/2025\/10\/IMG_20251008_120245-2048x1532.jpg 2048w, https:\/\/agora.xtec.cat\/ceipfarigola-seva\/wp-content\/uploads\/usu217\/2025\/10\/IMG_20251008_120245-200x150.jpg 200w\" sizes=\"auto, (max-width: 1024px) 100vw, 1024px\" \/><\/a><\/p>\n","protected":false},"excerpt":{"rendered":"<p>Els dies 7, 8 i 9 d\u2019octubre, la comunitat de grans vam viure unes col\u00f2nies inoblidables al Delta de l\u2019Ebre, plenes de natura, descoberta i conviv\u00e8ncia. El primer dia vam con\u00e8ixer la R\u00e0pita a trav\u00e9s d\u2019un divertit room escape i vam gaudir d\u2019una tarda de platja. El segon dia, vam fer observaci\u00f3 d\u2019aus, una ruta [&hellip;]<\/p>\n","protected":false},"author":1,"featured_media":0,"comment_status":"open","ping_status":"open","sticky":false,"template":"","format":"standard","meta":{"_bbp_topic_count":0,"_bbp_reply_count":0,"_bbp_total_topic_count":0,"_bbp_total_reply_count":0,"_bbp_voice_count":0,"_bbp_anonymous_reply_count":0,"_bbp_topic_count_hidden":0,"_bbp_reply_count_hidden":0,"_bbp_forum_subforum_count":0,"site-sidebar-layout":"default","site-content-layout":"","ast-site-content-layout":"","site-content-style":"default","site-sidebar-style":"default","ast-global-header-display":"","ast-banner-title-visibility":"","ast-main-header-display":"","ast-hfb-above-header-display":"","ast-hfb-below-header-display":"","ast-hfb-mobile-header-display":"","site-post-title":"","ast-breadcrumbs-content":"","ast-featured-img":"","footer-sml-layout":"","theme-transparent-header-meta":"","adv-header-id-meta":"","stick-header-meta":"","header-above-stick-meta":"","header-main-stick-meta":"","header-below-stick-meta":"","astra-migrate-meta-layouts":"default","ast-page-background-enabled":"default","ast-page-background-meta":{"desktop":{"background-color":"var(--ast-global-color-4)","background-image":"","background-repeat":"repeat","background-position":"center center","background-size":"auto","background-attachment":"scroll","background-type":"","background-media":"","overlay-type":"","overlay-color":"","overlay-opacity":"","overlay-gradient":""},"tablet":{"background-color":"","background-image":"","background-repeat":"repeat","background-position":"center center","background-size":"auto","background-attachment":"scroll","background-type":"","background-media":"","overlay-type":"","overlay-color":"","overlay-opacity":"","overlay-gradient":""},"mobile":{"background-color":"","background-image":"","background-repeat":"repeat","background-position":"center center","background-size":"auto","background-attachment":"scroll","background-type":"","background-media":"","overlay-type":"","overlay-color":"","overlay-opacity":"","overlay-gradient":""}},"ast-content-background-meta":{"desktop":{"background-color":"var(--ast-global-color-5)","background-image":"","background-repeat":"repeat","background-position":"center center","background-size":"auto","background-attachment":"scroll","background-type":"","background-media":"","overlay-type":"","overlay-color":"","overlay-opacity":"","overlay-gradient":""},"tablet":{"background-color":"var(--ast-global-color-5)","background-image":"","background-repeat":"repeat","background-position":"center center","background-size":"auto","background-attachment":"scroll","background-type":"","background-media":"","overlay-type":"","overlay-color":"","overlay-opacity":"","overlay-gradient":""},"mobile":{"background-color":"var(--ast-global-color-5)","background-image":"","background-repeat":"repeat","background-position":"center center","background-size":"auto","background-attachment":"scroll","background-type":"","background-media":"","overlay-type":"","overlay-color":"","overlay-opacity":"","overlay-gradient":""}},"footnotes":""},"categories":[11,110,13,12,1],"tags":[],"class_list":["post-4815","post","type-post","status-publish","format-standard","hentry","category-4t","category-5e","category-6e","category-grans","category-general"],"post_mailing_queue_ids":[],"_links":{"self":[{"href":"https:\/\/agora.xtec.cat\/ceipfarigola-seva\/wp-json\/wp\/v2\/posts\/4815","targetHints":{"allow":["GET"]}}],"collection":[{"href":"https:\/\/agora.xtec.cat\/ceipfarigola-seva\/wp-json\/wp\/v2\/posts"}],"about":[{"href":"https:\/\/agora.xtec.cat\/ceipfarigola-seva\/wp-json\/wp\/v2\/types\/post"}],"author":[{"embeddable":true,"href":"https:\/\/agora.xtec.cat\/ceipfarigola-seva\/wp-json\/wp\/v2\/users\/1"}],"replies":[{"embeddable":true,"href":"https:\/\/agora.xtec.cat\/ceipfarigola-seva\/wp-json\/wp\/v2\/comments?post=4815"}],"version-history":[{"count":2,"href":"https:\/\/agora.xtec.cat\/ceipfarigola-seva\/wp-json\/wp\/v2\/posts\/4815\/revisions"}],"predecessor-version":[{"id":4824,"href":"https:\/\/agora.xtec.cat\/ceipfarigola-seva\/wp-json\/wp\/v2\/posts\/4815\/revisions\/4824"}],"wp:attachment":[{"href":"https:\/\/agora.xtec.cat\/ceipfarigola-seva\/wp-json\/wp\/v2\/media?parent=4815"}],"wp:term":[{"taxonomy":"category","embeddable":true,"href":"https:\/\/agora.xtec.cat\/ceipfarigola-seva\/wp-json\/wp\/v2\/categories?post=4815"},{"taxonomy":"post_tag","embeddable":true,"href":"https:\/\/agora.xtec.cat\/ceipfarigola-seva\/wp-json\/wp\/v2\/tags?post=4815"}],"curies":[{"name":"wp","href":"https:\/\/api.w.org\/{rel}","templated":true}]}}