{"id":4672,"date":"2025-03-12T15:30:20","date_gmt":"2025-03-12T14:30:20","guid":{"rendered":"https:\/\/agora.xtec.cat\/ceipfarigola-seva\/?p=4672"},"modified":"2025-03-12T15:49:25","modified_gmt":"2025-03-12T14:49:25","slug":"pre2526","status":"publish","type":"post","link":"https:\/\/agora.xtec.cat\/ceipfarigola-seva\/general\/pre2526\/","title":{"rendered":"Preinscripci\u00f3 2025-2026"},"content":{"rendered":"<p>El proc\u00e9s de preinscripci\u00f3 escolar<strong>\u00a0s&#8217;inicia amb la presentaci\u00f3 de la sol\u00b7licitud i acaba amb la formalitzaci\u00f3 de la matr\u00edcula<\/strong>. Us hem preparat uns enlla\u00e7os com ajuda durant el proc\u00e9s:<\/p>\n<p><a href=\"https:\/\/preinscripcio.gencat.cat\/ca\/inici\" target=\"_blank\" rel=\"noopener\">Informaci\u00f3 general Preinscripci\u00f3 25-26<\/a><\/p>\n<p><a href=\"https:\/\/youtu.be\/9xMdvXoFR_4\" target=\"_blank\" rel=\"noopener\">Videotutorial: Com emplenar la sol\u00b7licitud<\/a><\/p>\n<p><a href=\"https:\/\/preinscripcio.gencat.cat\/ca\/estudis\/primaria\/preinscriute\/sollicitud\/\" target=\"_blank\" rel=\"noopener\">Instruccions Preinscripci\u00f3 25-26<\/a><\/p>\n<p><a href=\"https:\/\/preinscripcio.gencat.cat\/ca\/estudis\/primaria\/informat\/calendari\/\">Calendari i terminis<\/a><\/p>\n<p><a href=\"https:\/\/agora.xtec.cat\/ceipfarigola-seva\/wp-content\/uploads\/usu217\/2025\/03\/Documentacio-CRITERIS.pdf\" target=\"_blank\" rel=\"noopener\">Documentaci\u00f3 acreditativa dels criteris<\/a><\/p>\n<p>&nbsp;<\/p>\n<p>Tots els infants que han estat matriculats en una llar d&#8217;infants o en una escola bressol a Catalunya a partir del curs 2021-2022 tenen assignat un codi identificador del Registre d&#8217;alumnes de Catalunya, el n\u00fam. RALC o IDALU. En la sol\u00b7licitud de preinscripci\u00f3 s&#8217;ha de consignar aquest codi en la casella <strong>\u00abIdentificador de l&#8217;alumne\u00bb <\/strong>de l&#8217;apartat <strong>Dades personals de l&#8217;alumne<\/strong>.<\/p>\n<p>Si no formeu encara part de l\u2019escola el podeu consultar aqu\u00ed:<\/p>\n<p><a href=\"https:\/\/educacio.gencat.cat\/ca\/tramits\/tramits-temes\/identificador-alumne\" target=\"_blank\" rel=\"noopener\">Consulta l&#8217;identificador de l&#8217;alumne<\/a><\/p>\n<p>&nbsp;<\/p>\n<p>Per qualsevol dubte, o si necessiteu ajuda durant el proc\u00e9s, restem a la vostra disposici\u00f3.<\/p>\n<p>&nbsp;<\/p>\n","protected":false},"excerpt":{"rendered":"<p>El proc\u00e9s de preinscripci\u00f3 escolar\u00a0s&#8217;inicia amb la presentaci\u00f3 de la sol\u00b7licitud i acaba amb la formalitzaci\u00f3 de la matr\u00edcula. Us hem preparat uns enlla\u00e7os com ajuda durant el proc\u00e9s: Informaci\u00f3 general Preinscripci\u00f3 25-26 Videotutorial: Com emplenar la sol\u00b7licitud Instruccions Preinscripci\u00f3 25-26 Calendari i terminis Documentaci\u00f3 acreditativa dels criteris &nbsp; Tots els infants que han estat [&hellip;]<\/p>\n","protected":false},"author":39,"featured_media":4592,"comment_status":"open","ping_status":"closed","sticky":false,"template":"","format":"standard","meta":{"_bbp_topic_count":0,"_bbp_reply_count":0,"_bbp_total_topic_count":0,"_bbp_total_reply_count":0,"_bbp_voice_count":0,"_bbp_anonymous_reply_count":0,"_bbp_topic_count_hidden":0,"_bbp_reply_count_hidden":0,"_bbp_forum_subforum_count":0,"site-sidebar-layout":"default","site-content-layout":"","ast-site-content-layout":"","site-content-style":"default","site-sidebar-style":"default","ast-global-header-display":"","ast-banner-title-visibility":"","ast-main-header-display":"","ast-hfb-above-header-display":"","ast-hfb-below-header-display":"","ast-hfb-mobile-header-display":"","site-post-title":"","ast-breadcrumbs-content":"","ast-featured-img":"","footer-sml-layout":"","theme-transparent-header-meta":"","adv-header-id-meta":"","stick-header-meta":"","header-above-stick-meta":"","header-main-stick-meta":"","header-below-stick-meta":"","astra-migrate-meta-layouts":"default","ast-page-background-enabled":"default","ast-page-background-meta":{"desktop":{"background-color":"var(--ast-global-color-4)","background-image":"","background-repeat":"repeat","background-position":"center center","background-size":"auto","background-attachment":"scroll","background-type":"","background-media":"","overlay-type":"","overlay-color":"","overlay-opacity":"","overlay-gradient":""},"tablet":{"background-color":"","background-image":"","background-repeat":"repeat","background-position":"center center","background-size":"auto","background-attachment":"scroll","background-type":"","background-media":"","overlay-type":"","overlay-color":"","overlay-opacity":"","overlay-gradient":""},"mobile":{"background-color":"","background-image":"","background-repeat":"repeat","background-position":"center center","background-size":"auto","background-attachment":"scroll","background-type":"","background-media":"","overlay-type":"","overlay-color":"","overlay-opacity":"","overlay-gradient":""}},"ast-content-background-meta":{"desktop":{"background-color":"var(--ast-global-color-5)","background-image":"","background-repeat":"repeat","background-position":"center center","background-size":"auto","background-attachment":"scroll","background-type":"","background-media":"","overlay-type":"","overlay-color":"","overlay-opacity":"","overlay-gradient":""},"tablet":{"background-color":"var(--ast-global-color-5)","background-image":"","background-repeat":"repeat","background-position":"center center","background-size":"auto","background-attachment":"scroll","background-type":"","background-media":"","overlay-type":"","overlay-color":"","overlay-opacity":"","overlay-gradient":""},"mobile":{"background-color":"var(--ast-global-color-5)","background-image":"","background-repeat":"repeat","background-position":"center center","background-size":"auto","background-attachment":"scroll","background-type":"","background-media":"","overlay-type":"","overlay-color":"","overlay-opacity":"","overlay-gradient":""}},"footnotes":""},"categories":[1],"tags":[],"class_list":["post-4672","post","type-post","status-publish","format-standard","has-post-thumbnail","hentry","category-general"],"post_mailing_queue_ids":[],"_links":{"self":[{"href":"https:\/\/agora.xtec.cat\/ceipfarigola-seva\/wp-json\/wp\/v2\/posts\/4672","targetHints":{"allow":["GET"]}}],"collection":[{"href":"https:\/\/agora.xtec.cat\/ceipfarigola-seva\/wp-json\/wp\/v2\/posts"}],"about":[{"href":"https:\/\/agora.xtec.cat\/ceipfarigola-seva\/wp-json\/wp\/v2\/types\/post"}],"author":[{"embeddable":true,"href":"https:\/\/agora.xtec.cat\/ceipfarigola-seva\/wp-json\/wp\/v2\/users\/39"}],"replies":[{"embeddable":true,"href":"https:\/\/agora.xtec.cat\/ceipfarigola-seva\/wp-json\/wp\/v2\/comments?post=4672"}],"version-history":[{"count":4,"href":"https:\/\/agora.xtec.cat\/ceipfarigola-seva\/wp-json\/wp\/v2\/posts\/4672\/revisions"}],"predecessor-version":[{"id":4679,"href":"https:\/\/agora.xtec.cat\/ceipfarigola-seva\/wp-json\/wp\/v2\/posts\/4672\/revisions\/4679"}],"wp:featuredmedia":[{"embeddable":true,"href":"https:\/\/agora.xtec.cat\/ceipfarigola-seva\/wp-json\/wp\/v2\/media\/4592"}],"wp:attachment":[{"href":"https:\/\/agora.xtec.cat\/ceipfarigola-seva\/wp-json\/wp\/v2\/media?parent=4672"}],"wp:term":[{"taxonomy":"category","embeddable":true,"href":"https:\/\/agora.xtec.cat\/ceipfarigola-seva\/wp-json\/wp\/v2\/categories?post=4672"},{"taxonomy":"post_tag","embeddable":true,"href":"https:\/\/agora.xtec.cat\/ceipfarigola-seva\/wp-json\/wp\/v2\/tags?post=4672"}],"curies":[{"name":"wp","href":"https:\/\/api.w.org\/{rel}","templated":true}]}}