{"id":4662,"date":"2025-03-04T12:49:51","date_gmt":"2025-03-04T11:49:51","guid":{"rendered":"https:\/\/agora.xtec.cat\/ceipfarigola-seva\/?p=4662"},"modified":"2025-04-10T12:56:20","modified_gmt":"2025-04-10T10:56:20","slug":"carnestoltes-3","status":"publish","type":"post","link":"https:\/\/agora.xtec.cat\/ceipfarigola-seva\/general\/carnestoltes-3\/","title":{"rendered":"CARNESTOLTES"},"content":{"rendered":"<p style=\"text-align: left;\">Durant la setmana de carnaval els infants van complir cada dia amb les consignes que el rei carnestoltes ens va adjudicar.<\/p>\n<p style=\"text-align: left;\">Dijous 27 de febrer al mat\u00ed vam celebrar el dijous llarder fent una sortida tota l&#8217;escola, compartint un mat\u00ed al bosc dels Roures.<\/p>\n<p style=\"text-align: left;\">L&#8217;endem\u00e0 vam poder fer el ball de disfresses i la rua de carnaval pels carrers del poble.<\/p>\n<p style=\"text-align: left;\">A la nostra escola a l\u2019hora d\u2019escollir la tem\u00e0tica de Carnestoltes tenim en compte triar<br \/>\nproblem\u00e0tiques socials o mediambientals, per conscienciar l\u2019alumnat i la poblaci\u00f3. Aquest curs vam pensar que seria una bona idea disfressar-nos d\u2019animals en perill d\u2019extinci\u00f3 de Catalunya.<br \/>\nPer aquesta ra\u00f3, vam contactar amb un Agent Rural perqu\u00e8 fes una xerrada a cada<br \/>\ncomunitat educativa per introduir el tema. Ell ens va explicar les raons de l\u2019extinci\u00f3 i ens va presentar diferents animals que ho estan.<br \/>\nL\u2019alumnat va escollir quins dos animals volien representar amb les seves disfresses el dia de la cercavila. Aix\u00ed doncs, a la comunitat de petites van escollir la tortuga Mediterr\u00e0nia i l\u2019abella com\u00fa, a mitjans l\u2019\u00e0liga Cuabarrada i la papallona Moreneta Grisa, els grans el ratpenat com\u00fa i l\u2019\u00f3s Bru i, finalment, l\u2019equip educatiu vam triar anar d\u2019Agents Rurals. Va ser una festa molt llu\u00efda i reivindicativa.<\/p>\n<p style=\"text-align: left;\">Si cliqueu al seg\u00fcent <a href=\"https:\/\/agora.xtec.cat\/ceipfarigola-seva\/fotos\/\">enlla\u00e7<\/a> podreu veure un recull de fotografies del carnestoltes d&#8217;enguany.<\/p>\n","protected":false},"excerpt":{"rendered":"<p>Durant la setmana de carnaval els infants van complir cada dia amb les consignes que el rei carnestoltes ens va adjudicar. Dijous 27 de febrer al mat\u00ed vam celebrar el dijous llarder fent una sortida tota l&#8217;escola, compartint un mat\u00ed al bosc dels Roures. L&#8217;endem\u00e0 vam poder fer el ball de disfresses i la rua [&hellip;]<\/p>\n","protected":false},"author":1,"featured_media":0,"comment_status":"open","ping_status":"closed","sticky":false,"template":"","format":"standard","meta":{"_bbp_topic_count":0,"_bbp_reply_count":0,"_bbp_total_topic_count":0,"_bbp_total_reply_count":0,"_bbp_voice_count":0,"_bbp_anonymous_reply_count":0,"_bbp_topic_count_hidden":0,"_bbp_reply_count_hidden":0,"_bbp_forum_subforum_count":0,"site-sidebar-layout":"default","site-content-layout":"","ast-site-content-layout":"","site-content-style":"default","site-sidebar-style":"default","ast-global-header-display":"","ast-banner-title-visibility":"","ast-main-header-display":"","ast-hfb-above-header-display":"","ast-hfb-below-header-display":"","ast-hfb-mobile-header-display":"","site-post-title":"","ast-breadcrumbs-content":"","ast-featured-img":"","footer-sml-layout":"","theme-transparent-header-meta":"","adv-header-id-meta":"","stick-header-meta":"","header-above-stick-meta":"","header-main-stick-meta":"","header-below-stick-meta":"","astra-migrate-meta-layouts":"default","ast-page-background-enabled":"default","ast-page-background-meta":{"desktop":{"background-color":"var(--ast-global-color-4)","background-image":"","background-repeat":"repeat","background-position":"center center","background-size":"auto","background-attachment":"scroll","background-type":"","background-media":"","overlay-type":"","overlay-color":"","overlay-opacity":"","overlay-gradient":""},"tablet":{"background-color":"","background-image":"","background-repeat":"repeat","background-position":"center center","background-size":"auto","background-attachment":"scroll","background-type":"","background-media":"","overlay-type":"","overlay-color":"","overlay-opacity":"","overlay-gradient":""},"mobile":{"background-color":"","background-image":"","background-repeat":"repeat","background-position":"center center","background-size":"auto","background-attachment":"scroll","background-type":"","background-media":"","overlay-type":"","overlay-color":"","overlay-opacity":"","overlay-gradient":""}},"ast-content-background-meta":{"desktop":{"background-color":"var(--ast-global-color-5)","background-image":"","background-repeat":"repeat","background-position":"center center","background-size":"auto","background-attachment":"scroll","background-type":"","background-media":"","overlay-type":"","overlay-color":"","overlay-opacity":"","overlay-gradient":""},"tablet":{"background-color":"var(--ast-global-color-5)","background-image":"","background-repeat":"repeat","background-position":"center center","background-size":"auto","background-attachment":"scroll","background-type":"","background-media":"","overlay-type":"","overlay-color":"","overlay-opacity":"","overlay-gradient":""},"mobile":{"background-color":"var(--ast-global-color-5)","background-image":"","background-repeat":"repeat","background-position":"center center","background-size":"auto","background-attachment":"scroll","background-type":"","background-media":"","overlay-type":"","overlay-color":"","overlay-opacity":"","overlay-gradient":""}},"footnotes":""},"categories":[12,3,2,1,4],"tags":[116],"class_list":["post-4662","post","type-post","status-publish","format-standard","hentry","category-grans","category-mitjanes","category-petites","category-general","category-portada","tag-carnaval"],"post_mailing_queue_ids":[],"_links":{"self":[{"href":"https:\/\/agora.xtec.cat\/ceipfarigola-seva\/wp-json\/wp\/v2\/posts\/4662","targetHints":{"allow":["GET"]}}],"collection":[{"href":"https:\/\/agora.xtec.cat\/ceipfarigola-seva\/wp-json\/wp\/v2\/posts"}],"about":[{"href":"https:\/\/agora.xtec.cat\/ceipfarigola-seva\/wp-json\/wp\/v2\/types\/post"}],"author":[{"embeddable":true,"href":"https:\/\/agora.xtec.cat\/ceipfarigola-seva\/wp-json\/wp\/v2\/users\/1"}],"replies":[{"embeddable":true,"href":"https:\/\/agora.xtec.cat\/ceipfarigola-seva\/wp-json\/wp\/v2\/comments?post=4662"}],"version-history":[{"count":3,"href":"https:\/\/agora.xtec.cat\/ceipfarigola-seva\/wp-json\/wp\/v2\/posts\/4662\/revisions"}],"predecessor-version":[{"id":4704,"href":"https:\/\/agora.xtec.cat\/ceipfarigola-seva\/wp-json\/wp\/v2\/posts\/4662\/revisions\/4704"}],"wp:attachment":[{"href":"https:\/\/agora.xtec.cat\/ceipfarigola-seva\/wp-json\/wp\/v2\/media?parent=4662"}],"wp:term":[{"taxonomy":"category","embeddable":true,"href":"https:\/\/agora.xtec.cat\/ceipfarigola-seva\/wp-json\/wp\/v2\/categories?post=4662"},{"taxonomy":"post_tag","embeddable":true,"href":"https:\/\/agora.xtec.cat\/ceipfarigola-seva\/wp-json\/wp\/v2\/tags?post=4662"}],"curies":[{"name":"wp","href":"https:\/\/api.w.org\/{rel}","templated":true}]}}