{"id":4555,"date":"2024-12-17T10:26:46","date_gmt":"2024-12-17T09:26:46","guid":{"rendered":"https:\/\/agora.xtec.cat\/ceipfarigola-seva\/?p=4555"},"modified":"2024-12-17T10:28:03","modified_gmt":"2024-12-17T09:28:03","slug":"festa-de-la-musica-2024","status":"publish","type":"post","link":"https:\/\/agora.xtec.cat\/ceipfarigola-seva\/general\/festa-de-la-musica-2024\/","title":{"rendered":"Festa de la M\u00fasica 2024"},"content":{"rendered":"<p><img loading=\"lazy\" decoding=\"async\" class=\"alignnone wp-image-4558\" src=\"https:\/\/agora.xtec.cat\/ceipfarigola-seva\/wp-content\/uploads\/usu217\/2024\/12\/IMG_2589.jpeg\" alt=\"\" width=\"258\" height=\"344\" srcset=\"https:\/\/agora.xtec.cat\/ceipfarigola-seva\/wp-content\/uploads\/usu217\/2024\/12\/IMG_2589.jpeg 1536w, https:\/\/agora.xtec.cat\/ceipfarigola-seva\/wp-content\/uploads\/usu217\/2024\/12\/IMG_2589-225x300.jpeg 225w, https:\/\/agora.xtec.cat\/ceipfarigola-seva\/wp-content\/uploads\/usu217\/2024\/12\/IMG_2589-768x1024.jpeg 768w, https:\/\/agora.xtec.cat\/ceipfarigola-seva\/wp-content\/uploads\/usu217\/2024\/12\/IMG_2589-1152x1536.jpeg 1152w\" sizes=\"auto, (max-width: 258px) 100vw, 258px\" \/> <img loading=\"lazy\" decoding=\"async\" class=\"alignnone wp-image-4559\" src=\"https:\/\/agora.xtec.cat\/ceipfarigola-seva\/wp-content\/uploads\/usu217\/2024\/12\/IMG_2642.jpeg\" alt=\"\" width=\"456\" height=\"342\" srcset=\"https:\/\/agora.xtec.cat\/ceipfarigola-seva\/wp-content\/uploads\/usu217\/2024\/12\/IMG_2642.jpeg 2048w, https:\/\/agora.xtec.cat\/ceipfarigola-seva\/wp-content\/uploads\/usu217\/2024\/12\/IMG_2642-300x225.jpeg 300w, https:\/\/agora.xtec.cat\/ceipfarigola-seva\/wp-content\/uploads\/usu217\/2024\/12\/IMG_2642-1024x768.jpeg 1024w, https:\/\/agora.xtec.cat\/ceipfarigola-seva\/wp-content\/uploads\/usu217\/2024\/12\/IMG_2642-768x576.jpeg 768w, https:\/\/agora.xtec.cat\/ceipfarigola-seva\/wp-content\/uploads\/usu217\/2024\/12\/IMG_2642-1536x1152.jpeg 1536w, https:\/\/agora.xtec.cat\/ceipfarigola-seva\/wp-content\/uploads\/usu217\/2024\/12\/IMG_2642-200x150.jpeg 200w\" sizes=\"auto, (max-width: 456px) 100vw, 456px\" \/><\/p>\n<p>Enguany per celebrar la Festa de la M\u00fasica, vam organitzar dos actes diferents.<br \/>\nPer una banda, el dimarts 19 de novembre vam fer a l&#8217;escola un taller molt original: Aquafonia.<br \/>\nInstruments que sonen si tenen aigua.<br \/>\nEn Pau, l&#8217;artista, ens va ensenyar les possibilitats sonores dels instruments que tenen aigua i ens va deixar que nosaltres ho pogu\u00e9ssim viure en primera persona. Va ser una experi\u00e8ncia \u00fanica i molt bonica.<br \/>\nI el divendres 22 a la tarda, vam fer els &#8220;Camins d&#8217;Instruments&#8221;. Estudiants de m\u00fasica i alumnat que havia superat un &#8220;c\u00e0sting&#8221; per participar-hi van poder fer una petita actuaci\u00f3 musical a diversos espais del centre. Com a novetat aquest curs, vam incorporar familiars a l&#8217;activitat. Donem les gr\u00e0cies a la iaia Pili, i a les mares M. Alba i Laura per acompanyar les seves filles.<br \/>\nVisca la m\u00fasica!<br \/>\nPodeu veure les fotografies de les dues activitats a l&#8217;apartat de fotos.<\/p>\n","protected":false},"excerpt":{"rendered":"<p>Enguany per celebrar la Festa de la M\u00fasica, vam organitzar dos actes diferents. Per una banda, el dimarts 19 de novembre vam fer a l&#8217;escola un taller molt original: Aquafonia. Instruments que sonen si tenen aigua. En Pau, l&#8217;artista, ens va ensenyar les possibilitats sonores dels instruments que tenen aigua i ens va deixar que [&hellip;]<\/p>\n","protected":false},"author":3,"featured_media":0,"comment_status":"open","ping_status":"closed","sticky":false,"template":"","format":"standard","meta":{"_bbp_topic_count":0,"_bbp_reply_count":0,"_bbp_total_topic_count":0,"_bbp_total_reply_count":0,"_bbp_voice_count":0,"_bbp_anonymous_reply_count":0,"_bbp_topic_count_hidden":0,"_bbp_reply_count_hidden":0,"_bbp_forum_subforum_count":0,"site-sidebar-layout":"default","site-content-layout":"","ast-site-content-layout":"","site-content-style":"default","site-sidebar-style":"default","ast-global-header-display":"","ast-banner-title-visibility":"","ast-main-header-display":"","ast-hfb-above-header-display":"","ast-hfb-below-header-display":"","ast-hfb-mobile-header-display":"","site-post-title":"","ast-breadcrumbs-content":"","ast-featured-img":"","footer-sml-layout":"","theme-transparent-header-meta":"","adv-header-id-meta":"","stick-header-meta":"","header-above-stick-meta":"","header-main-stick-meta":"","header-below-stick-meta":"","astra-migrate-meta-layouts":"default","ast-page-background-enabled":"default","ast-page-background-meta":{"desktop":{"background-color":"var(--ast-global-color-4)","background-image":"","background-repeat":"repeat","background-position":"center center","background-size":"auto","background-attachment":"scroll","background-type":"","background-media":"","overlay-type":"","overlay-color":"","overlay-opacity":"","overlay-gradient":""},"tablet":{"background-color":"","background-image":"","background-repeat":"repeat","background-position":"center center","background-size":"auto","background-attachment":"scroll","background-type":"","background-media":"","overlay-type":"","overlay-color":"","overlay-opacity":"","overlay-gradient":""},"mobile":{"background-color":"","background-image":"","background-repeat":"repeat","background-position":"center center","background-size":"auto","background-attachment":"scroll","background-type":"","background-media":"","overlay-type":"","overlay-color":"","overlay-opacity":"","overlay-gradient":""}},"ast-content-background-meta":{"desktop":{"background-color":"var(--ast-global-color-5)","background-image":"","background-repeat":"repeat","background-position":"center center","background-size":"auto","background-attachment":"scroll","background-type":"","background-media":"","overlay-type":"","overlay-color":"","overlay-opacity":"","overlay-gradient":""},"tablet":{"background-color":"var(--ast-global-color-5)","background-image":"","background-repeat":"repeat","background-position":"center center","background-size":"auto","background-attachment":"scroll","background-type":"","background-media":"","overlay-type":"","overlay-color":"","overlay-opacity":"","overlay-gradient":""},"mobile":{"background-color":"var(--ast-global-color-5)","background-image":"","background-repeat":"repeat","background-position":"center center","background-size":"auto","background-attachment":"scroll","background-type":"","background-media":"","overlay-type":"","overlay-color":"","overlay-opacity":"","overlay-gradient":""}},"footnotes":""},"categories":[1,44,4],"tags":[],"class_list":["post-4555","post","type-post","status-publish","format-standard","hentry","category-general","category-musica","category-portada"],"post_mailing_queue_ids":[],"_links":{"self":[{"href":"https:\/\/agora.xtec.cat\/ceipfarigola-seva\/wp-json\/wp\/v2\/posts\/4555","targetHints":{"allow":["GET"]}}],"collection":[{"href":"https:\/\/agora.xtec.cat\/ceipfarigola-seva\/wp-json\/wp\/v2\/posts"}],"about":[{"href":"https:\/\/agora.xtec.cat\/ceipfarigola-seva\/wp-json\/wp\/v2\/types\/post"}],"author":[{"embeddable":true,"href":"https:\/\/agora.xtec.cat\/ceipfarigola-seva\/wp-json\/wp\/v2\/users\/3"}],"replies":[{"embeddable":true,"href":"https:\/\/agora.xtec.cat\/ceipfarigola-seva\/wp-json\/wp\/v2\/comments?post=4555"}],"version-history":[{"count":2,"href":"https:\/\/agora.xtec.cat\/ceipfarigola-seva\/wp-json\/wp\/v2\/posts\/4555\/revisions"}],"predecessor-version":[{"id":4562,"href":"https:\/\/agora.xtec.cat\/ceipfarigola-seva\/wp-json\/wp\/v2\/posts\/4555\/revisions\/4562"}],"wp:attachment":[{"href":"https:\/\/agora.xtec.cat\/ceipfarigola-seva\/wp-json\/wp\/v2\/media?parent=4555"}],"wp:term":[{"taxonomy":"category","embeddable":true,"href":"https:\/\/agora.xtec.cat\/ceipfarigola-seva\/wp-json\/wp\/v2\/categories?post=4555"},{"taxonomy":"post_tag","embeddable":true,"href":"https:\/\/agora.xtec.cat\/ceipfarigola-seva\/wp-json\/wp\/v2\/tags?post=4555"}],"curies":[{"name":"wp","href":"https:\/\/api.w.org\/{rel}","templated":true}]}}