{"id":4500,"date":"2024-10-31T17:00:53","date_gmt":"2024-10-31T16:00:53","guid":{"rendered":"https:\/\/agora.xtec.cat\/ceipfarigola-seva\/?p=4500"},"modified":"2024-11-07T13:28:18","modified_gmt":"2024-11-07T12:28:18","slug":"celebrem-la-castanyada-31-10-24","status":"publish","type":"post","link":"https:\/\/agora.xtec.cat\/ceipfarigola-seva\/general\/celebrem-la-castanyada-31-10-24\/","title":{"rendered":"Celebrem la Castanyada (31-10-24)"},"content":{"rendered":"<p>El dijous 31 d&#8217;octubre vam celebrar la Castanyada a l&#8217;escola!<\/p>\n<p>Al mat\u00ed, les tres comunitats vam sortir a explorar l\u2019entorn de Seva per buscar bolets. Va ser una experi\u00e8ncia molt divertida en qu\u00e8 vam aprendre moltes coses sobre el m\u00f3n dels bolets, gr\u00e0cies a totes les persones que ens van acompanyar i ens van guiar.<\/p>\n<p>A la tarda, com ja \u00e9s tradici\u00f3, ens va visitar la Maria, la castanyera. Vam gaudir de jocs i, per acabar, vam menjar castanyes i mandarines tots junts a la pista.<\/p>\n<p>Volem agrair sincerament als experts, expertes, acompanyants, a la castanyera i a l\u2019AFA per ajudar-nos a fer possible aquesta festa tradicional catalana.<\/p>\n<p>En el seg\u00fcent enlla\u00e7 trobareu un recull de fotos de la jornada. Esperem que us agradin!<\/p>\n<p><a href=\"https:\/\/agora.xtec.cat\/ceipfarigola-seva\/fotos\/\">FOTOS DE LA CASTANYADA<\/a><\/p>\n<p><a href=\"https:\/\/agora.xtec.cat\/ceipfarigola-seva\/wp-content\/uploads\/usu217\/2024\/11\/Captura-castanyada.png\"><img loading=\"lazy\" decoding=\"async\" class=\"wp-image-4505 alignnone\" src=\"https:\/\/agora.xtec.cat\/ceipfarigola-seva\/wp-content\/uploads\/usu217\/2024\/11\/Captura-castanyada.png\" alt=\"\" width=\"340\" height=\"205\" srcset=\"https:\/\/agora.xtec.cat\/ceipfarigola-seva\/wp-content\/uploads\/usu217\/2024\/11\/Captura-castanyada.png 830w, https:\/\/agora.xtec.cat\/ceipfarigola-seva\/wp-content\/uploads\/usu217\/2024\/11\/Captura-castanyada-300x181.png 300w, https:\/\/agora.xtec.cat\/ceipfarigola-seva\/wp-content\/uploads\/usu217\/2024\/11\/Captura-castanyada-768x463.png 768w\" sizes=\"auto, (max-width: 340px) 100vw, 340px\" \/><\/a><\/p>\n","protected":false},"excerpt":{"rendered":"<p>El dijous 31 d&#8217;octubre vam celebrar la Castanyada a l&#8217;escola! Al mat\u00ed, les tres comunitats vam sortir a explorar l\u2019entorn de Seva per buscar bolets. Va ser una experi\u00e8ncia molt divertida en qu\u00e8 vam aprendre moltes coses sobre el m\u00f3n dels bolets, gr\u00e0cies a totes les persones que ens van acompanyar i ens van guiar. [&hellip;]<\/p>\n","protected":false},"author":38,"featured_media":4504,"comment_status":"open","ping_status":"closed","sticky":false,"template":"","format":"standard","meta":{"_bbp_topic_count":0,"_bbp_reply_count":0,"_bbp_total_topic_count":0,"_bbp_total_reply_count":0,"_bbp_voice_count":0,"_bbp_anonymous_reply_count":0,"_bbp_topic_count_hidden":0,"_bbp_reply_count_hidden":0,"_bbp_forum_subforum_count":0,"site-sidebar-layout":"default","site-content-layout":"","ast-site-content-layout":"","site-content-style":"default","site-sidebar-style":"default","ast-global-header-display":"","ast-banner-title-visibility":"","ast-main-header-display":"","ast-hfb-above-header-display":"","ast-hfb-below-header-display":"","ast-hfb-mobile-header-display":"","site-post-title":"","ast-breadcrumbs-content":"","ast-featured-img":"","footer-sml-layout":"","theme-transparent-header-meta":"","adv-header-id-meta":"","stick-header-meta":"","header-above-stick-meta":"","header-main-stick-meta":"","header-below-stick-meta":"","astra-migrate-meta-layouts":"default","ast-page-background-enabled":"default","ast-page-background-meta":{"desktop":{"background-color":"var(--ast-global-color-4)","background-image":"","background-repeat":"repeat","background-position":"center center","background-size":"auto","background-attachment":"scroll","background-type":"","background-media":"","overlay-type":"","overlay-color":"","overlay-opacity":"","overlay-gradient":""},"tablet":{"background-color":"","background-image":"","background-repeat":"repeat","background-position":"center center","background-size":"auto","background-attachment":"scroll","background-type":"","background-media":"","overlay-type":"","overlay-color":"","overlay-opacity":"","overlay-gradient":""},"mobile":{"background-color":"","background-image":"","background-repeat":"repeat","background-position":"center center","background-size":"auto","background-attachment":"scroll","background-type":"","background-media":"","overlay-type":"","overlay-color":"","overlay-opacity":"","overlay-gradient":""}},"ast-content-background-meta":{"desktop":{"background-color":"var(--ast-global-color-5)","background-image":"","background-repeat":"repeat","background-position":"center center","background-size":"auto","background-attachment":"scroll","background-type":"","background-media":"","overlay-type":"","overlay-color":"","overlay-opacity":"","overlay-gradient":""},"tablet":{"background-color":"var(--ast-global-color-5)","background-image":"","background-repeat":"repeat","background-position":"center center","background-size":"auto","background-attachment":"scroll","background-type":"","background-media":"","overlay-type":"","overlay-color":"","overlay-opacity":"","overlay-gradient":""},"mobile":{"background-color":"var(--ast-global-color-5)","background-image":"","background-repeat":"repeat","background-position":"center center","background-size":"auto","background-attachment":"scroll","background-type":"","background-media":"","overlay-type":"","overlay-color":"","overlay-opacity":"","overlay-gradient":""}},"footnotes":""},"categories":[109,8,10,11,110,13,12,3,2,1,4],"tags":[],"class_list":["post-4500","post","type-post","status-publish","format-standard","has-post-thumbnail","hentry","category-1r","category-2n","category-3r","category-4t","category-5e","category-6e","category-grans","category-mitjanes","category-petites","category-general","category-portada"],"post_mailing_queue_ids":[],"_links":{"self":[{"href":"https:\/\/agora.xtec.cat\/ceipfarigola-seva\/wp-json\/wp\/v2\/posts\/4500","targetHints":{"allow":["GET"]}}],"collection":[{"href":"https:\/\/agora.xtec.cat\/ceipfarigola-seva\/wp-json\/wp\/v2\/posts"}],"about":[{"href":"https:\/\/agora.xtec.cat\/ceipfarigola-seva\/wp-json\/wp\/v2\/types\/post"}],"author":[{"embeddable":true,"href":"https:\/\/agora.xtec.cat\/ceipfarigola-seva\/wp-json\/wp\/v2\/users\/38"}],"replies":[{"embeddable":true,"href":"https:\/\/agora.xtec.cat\/ceipfarigola-seva\/wp-json\/wp\/v2\/comments?post=4500"}],"version-history":[{"count":4,"href":"https:\/\/agora.xtec.cat\/ceipfarigola-seva\/wp-json\/wp\/v2\/posts\/4500\/revisions"}],"predecessor-version":[{"id":4507,"href":"https:\/\/agora.xtec.cat\/ceipfarigola-seva\/wp-json\/wp\/v2\/posts\/4500\/revisions\/4507"}],"wp:featuredmedia":[{"embeddable":true,"href":"https:\/\/agora.xtec.cat\/ceipfarigola-seva\/wp-json\/wp\/v2\/media\/4504"}],"wp:attachment":[{"href":"https:\/\/agora.xtec.cat\/ceipfarigola-seva\/wp-json\/wp\/v2\/media?parent=4500"}],"wp:term":[{"taxonomy":"category","embeddable":true,"href":"https:\/\/agora.xtec.cat\/ceipfarigola-seva\/wp-json\/wp\/v2\/categories?post=4500"},{"taxonomy":"post_tag","embeddable":true,"href":"https:\/\/agora.xtec.cat\/ceipfarigola-seva\/wp-json\/wp\/v2\/tags?post=4500"}],"curies":[{"name":"wp","href":"https:\/\/api.w.org\/{rel}","templated":true}]}}