{"id":4396,"date":"2024-06-10T10:50:56","date_gmt":"2024-06-10T08:50:56","guid":{"rendered":"https:\/\/agora.xtec.cat\/ceipfarigola-seva\/?p=4396"},"modified":"2024-06-10T10:50:56","modified_gmt":"2024-06-10T08:50:56","slug":"la-terra-explota","status":"publish","type":"post","link":"https:\/\/agora.xtec.cat\/ceipfarigola-seva\/general\/la-terra-explota\/","title":{"rendered":"LA TERRA EXPLOTA!"},"content":{"rendered":"<p>El passat divendres 7 de juny vam presentar el nostre projecte a les fam\u00edlies de 5\u00e8. El nostre projecte el vam iniciar a\u00a0 l&#8217;inici del segon trimestre\u00a0 a partir d&#8217;una imatge que ens vam trobar a l&#8217;aula. Despr\u00e9s de debatre en qu\u00e8 ens feia pensar vam decidir democr\u00e0ticament treballar els <strong>VOLCANS.<\/strong><\/p>\n<p style=\"text-align: left;\">Els presentadors de divendres en Roc i la Mireia van explicar per parts quina va ser l&#8217;evoluci\u00f3 del nostre projecte. De mentre ells explicaven tot el proc\u00e9s, tamb\u00e9 s&#8217;anaven presentant les maquetes i els grups de treball que cadascun tenia uns continguts per explicar. Cada grup de treball tamb\u00e9 va fer un petit experiment per acabar d&#8217;ajudar a entendre m\u00e9s b\u00e9 el que volia explicar. Finalment, vam fer una representaci\u00f3 mitjan\u00e7ant l&#8217;expressi\u00f3 corporal del projecte:<strong> UN NOU VOLC\u00c0 EN ERUPCI\u00d3,<\/strong> que t\u00e9 com a nom:<strong> GET.UP 5\u00e8!\u00a0<\/strong><\/p>\n<p style=\"text-align: left;\"><a href=\"https:\/\/agora.xtec.cat\/ceipfarigola-seva\/wp-content\/uploads\/usu217\/2024\/06\/20240607_160102-5e-rotated.jpg\"><img loading=\"lazy\" decoding=\"async\" class=\"wp-image-4398 aligncenter\" src=\"https:\/\/agora.xtec.cat\/ceipfarigola-seva\/wp-content\/uploads\/usu217\/2024\/06\/20240607_160102-5e-768x1024.jpg\" alt=\"\" width=\"300\" height=\"400\" srcset=\"https:\/\/agora.xtec.cat\/ceipfarigola-seva\/wp-content\/uploads\/usu217\/2024\/06\/20240607_160102-5e-768x1024.jpg 768w, https:\/\/agora.xtec.cat\/ceipfarigola-seva\/wp-content\/uploads\/usu217\/2024\/06\/20240607_160102-5e-225x300.jpg 225w, https:\/\/agora.xtec.cat\/ceipfarigola-seva\/wp-content\/uploads\/usu217\/2024\/06\/20240607_160102-5e-rotated.jpg 1024w\" sizes=\"auto, (max-width: 300px) 100vw, 300px\" \/><\/a><\/p>\n","protected":false},"excerpt":{"rendered":"<p>El passat divendres 7 de juny vam presentar el nostre projecte a les fam\u00edlies de 5\u00e8. El nostre projecte el vam iniciar a\u00a0 l&#8217;inici del segon trimestre\u00a0 a partir d&#8217;una imatge que ens vam trobar a l&#8217;aula. Despr\u00e9s de debatre en qu\u00e8 ens feia pensar vam decidir democr\u00e0ticament treballar els VOLCANS. Els presentadors de divendres [&hellip;]<\/p>\n","protected":false},"author":33,"featured_media":0,"comment_status":"open","ping_status":"closed","sticky":false,"template":"","format":"standard","meta":{"_bbp_topic_count":0,"_bbp_reply_count":0,"_bbp_total_topic_count":0,"_bbp_total_reply_count":0,"_bbp_voice_count":0,"_bbp_anonymous_reply_count":0,"_bbp_topic_count_hidden":0,"_bbp_reply_count_hidden":0,"_bbp_forum_subforum_count":0,"site-sidebar-layout":"default","site-content-layout":"","ast-site-content-layout":"","site-content-style":"default","site-sidebar-style":"default","ast-global-header-display":"","ast-banner-title-visibility":"","ast-main-header-display":"","ast-hfb-above-header-display":"","ast-hfb-below-header-display":"","ast-hfb-mobile-header-display":"","site-post-title":"","ast-breadcrumbs-content":"","ast-featured-img":"","footer-sml-layout":"","theme-transparent-header-meta":"","adv-header-id-meta":"","stick-header-meta":"","header-above-stick-meta":"","header-main-stick-meta":"","header-below-stick-meta":"","astra-migrate-meta-layouts":"default","ast-page-background-enabled":"default","ast-page-background-meta":{"desktop":{"background-color":"var(--ast-global-color-4)","background-image":"","background-repeat":"repeat","background-position":"center center","background-size":"auto","background-attachment":"scroll","background-type":"","background-media":"","overlay-type":"","overlay-color":"","overlay-opacity":"","overlay-gradient":""},"tablet":{"background-color":"","background-image":"","background-repeat":"repeat","background-position":"center center","background-size":"auto","background-attachment":"scroll","background-type":"","background-media":"","overlay-type":"","overlay-color":"","overlay-opacity":"","overlay-gradient":""},"mobile":{"background-color":"","background-image":"","background-repeat":"repeat","background-position":"center center","background-size":"auto","background-attachment":"scroll","background-type":"","background-media":"","overlay-type":"","overlay-color":"","overlay-opacity":"","overlay-gradient":""}},"ast-content-background-meta":{"desktop":{"background-color":"var(--ast-global-color-5)","background-image":"","background-repeat":"repeat","background-position":"center center","background-size":"auto","background-attachment":"scroll","background-type":"","background-media":"","overlay-type":"","overlay-color":"","overlay-opacity":"","overlay-gradient":""},"tablet":{"background-color":"var(--ast-global-color-5)","background-image":"","background-repeat":"repeat","background-position":"center center","background-size":"auto","background-attachment":"scroll","background-type":"","background-media":"","overlay-type":"","overlay-color":"","overlay-opacity":"","overlay-gradient":""},"mobile":{"background-color":"var(--ast-global-color-5)","background-image":"","background-repeat":"repeat","background-position":"center center","background-size":"auto","background-attachment":"scroll","background-type":"","background-media":"","overlay-type":"","overlay-color":"","overlay-opacity":"","overlay-gradient":""}},"footnotes":""},"categories":[11,110,13,12,1],"tags":[],"class_list":["post-4396","post","type-post","status-publish","format-standard","hentry","category-4t","category-5e","category-6e","category-grans","category-general"],"post_mailing_queue_ids":[],"_links":{"self":[{"href":"https:\/\/agora.xtec.cat\/ceipfarigola-seva\/wp-json\/wp\/v2\/posts\/4396","targetHints":{"allow":["GET"]}}],"collection":[{"href":"https:\/\/agora.xtec.cat\/ceipfarigola-seva\/wp-json\/wp\/v2\/posts"}],"about":[{"href":"https:\/\/agora.xtec.cat\/ceipfarigola-seva\/wp-json\/wp\/v2\/types\/post"}],"author":[{"embeddable":true,"href":"https:\/\/agora.xtec.cat\/ceipfarigola-seva\/wp-json\/wp\/v2\/users\/33"}],"replies":[{"embeddable":true,"href":"https:\/\/agora.xtec.cat\/ceipfarigola-seva\/wp-json\/wp\/v2\/comments?post=4396"}],"version-history":[{"count":2,"href":"https:\/\/agora.xtec.cat\/ceipfarigola-seva\/wp-json\/wp\/v2\/posts\/4396\/revisions"}],"predecessor-version":[{"id":4400,"href":"https:\/\/agora.xtec.cat\/ceipfarigola-seva\/wp-json\/wp\/v2\/posts\/4396\/revisions\/4400"}],"wp:attachment":[{"href":"https:\/\/agora.xtec.cat\/ceipfarigola-seva\/wp-json\/wp\/v2\/media?parent=4396"}],"wp:term":[{"taxonomy":"category","embeddable":true,"href":"https:\/\/agora.xtec.cat\/ceipfarigola-seva\/wp-json\/wp\/v2\/categories?post=4396"},{"taxonomy":"post_tag","embeddable":true,"href":"https:\/\/agora.xtec.cat\/ceipfarigola-seva\/wp-json\/wp\/v2\/tags?post=4396"}],"curies":[{"name":"wp","href":"https:\/\/api.w.org\/{rel}","templated":true}]}}