{"id":4307,"date":"2024-04-27T18:49:12","date_gmt":"2024-04-27T16:49:12","guid":{"rendered":"https:\/\/agora.xtec.cat\/ceipfarigola-seva\/?p=4307"},"modified":"2024-04-28T09:26:28","modified_gmt":"2024-04-28T07:26:28","slug":"taller-de-cosmetica-natural","status":"publish","type":"post","link":"https:\/\/agora.xtec.cat\/ceipfarigola-seva\/portada\/mitjanes\/taller-de-cosmetica-natural\/","title":{"rendered":"TALLER DE COSM\u00c8TICA NATURAL"},"content":{"rendered":"<p>Ahir la Noem\u00ed L\u00f3pez va fer un taller de cosm\u00e8tica amb productes naturals. Els nens i nenes de 1r s&#8217;ho van passar d&#8217;all\u00f2 m\u00e9s b\u00e9.<\/p>\n<p>A partir d&#8217;olis i ceres vam crear pintures per la cara amb tints de productes vegetals i minerals.<br \/>\nVam descobrir que utilitzar productes naturals \u00e9s molt m\u00e9s sa pel nostre organisme i a la vegada contribu\u00efm a la reducci\u00f3 d&#8217;envasos de pl\u00e0stic. Gr\u00e0cies, Noem\u00ed.<\/p>\n<p style=\"text-align: center;\"><a href=\"https:\/\/agora.xtec.cat\/ceipfarigola-seva\/wp-content\/uploads\/usu217\/2024\/04\/53680140226_f24746d6e3_w.jpg\"><img loading=\"lazy\" decoding=\"async\" class=\"alignnone  wp-image-4309\" src=\"https:\/\/agora.xtec.cat\/ceipfarigola-seva\/wp-content\/uploads\/usu217\/2024\/04\/53680140226_f24746d6e3_w.jpg\" alt=\"\" width=\"279\" height=\"209\" srcset=\"https:\/\/agora.xtec.cat\/ceipfarigola-seva\/wp-content\/uploads\/usu217\/2024\/04\/53680140226_f24746d6e3_w.jpg 400w, https:\/\/agora.xtec.cat\/ceipfarigola-seva\/wp-content\/uploads\/usu217\/2024\/04\/53680140226_f24746d6e3_w-300x225.jpg 300w, https:\/\/agora.xtec.cat\/ceipfarigola-seva\/wp-content\/uploads\/usu217\/2024\/04\/53680140226_f24746d6e3_w-200x150.jpg 200w\" sizes=\"auto, (max-width: 279px) 100vw, 279px\" \/><\/a><a href=\"https:\/\/agora.xtec.cat\/ceipfarigola-seva\/wp-content\/uploads\/usu217\/2024\/04\/53679279182_f5bd8930a5_w.jpg\"><img loading=\"lazy\" decoding=\"async\" class=\"alignnone  wp-image-4311\" src=\"https:\/\/agora.xtec.cat\/ceipfarigola-seva\/wp-content\/uploads\/usu217\/2024\/04\/53679279182_f5bd8930a5_w.jpg\" alt=\"\" width=\"279\" height=\"209\" srcset=\"https:\/\/agora.xtec.cat\/ceipfarigola-seva\/wp-content\/uploads\/usu217\/2024\/04\/53679279182_f5bd8930a5_w.jpg 400w, https:\/\/agora.xtec.cat\/ceipfarigola-seva\/wp-content\/uploads\/usu217\/2024\/04\/53679279182_f5bd8930a5_w-300x225.jpg 300w, https:\/\/agora.xtec.cat\/ceipfarigola-seva\/wp-content\/uploads\/usu217\/2024\/04\/53679279182_f5bd8930a5_w-200x150.jpg 200w\" sizes=\"auto, (max-width: 279px) 100vw, 279px\" \/><\/a><\/p>\n<p><a href=\"https:\/\/www.flickr.com\/photos\/145245634@N06\/albums\/72177720316491513\/\" target=\"_blank\" rel=\"noopener\">ENLLA\u00c7 A LES FOTOS<\/a><\/p>\n","protected":false},"excerpt":{"rendered":"<p>Ahir la Noem\u00ed L\u00f3pez va fer un taller de cosm\u00e8tica amb productes naturals. Els nens i nenes de 1r s&#8217;ho van passar d&#8217;all\u00f2 m\u00e9s b\u00e9. A partir d&#8217;olis i ceres vam crear pintures per la cara amb tints de productes vegetals i minerals. Vam descobrir que utilitzar productes naturals \u00e9s molt m\u00e9s sa pel nostre [&hellip;]<\/p>\n","protected":false},"author":1,"featured_media":0,"comment_status":"open","ping_status":"closed","sticky":false,"template":"","format":"standard","meta":{"_bbp_topic_count":0,"_bbp_reply_count":0,"_bbp_total_topic_count":0,"_bbp_total_reply_count":0,"_bbp_voice_count":0,"_bbp_anonymous_reply_count":0,"_bbp_topic_count_hidden":0,"_bbp_reply_count_hidden":0,"_bbp_forum_subforum_count":0,"site-sidebar-layout":"default","site-content-layout":"","ast-site-content-layout":"","site-content-style":"default","site-sidebar-style":"default","ast-global-header-display":"","ast-banner-title-visibility":"","ast-main-header-display":"","ast-hfb-above-header-display":"","ast-hfb-below-header-display":"","ast-hfb-mobile-header-display":"","site-post-title":"","ast-breadcrumbs-content":"","ast-featured-img":"","footer-sml-layout":"","theme-transparent-header-meta":"","adv-header-id-meta":"","stick-header-meta":"","header-above-stick-meta":"","header-main-stick-meta":"","header-below-stick-meta":"","astra-migrate-meta-layouts":"default","ast-page-background-enabled":"default","ast-page-background-meta":{"desktop":{"background-color":"var(--ast-global-color-4)","background-image":"","background-repeat":"repeat","background-position":"center center","background-size":"auto","background-attachment":"scroll","background-type":"","background-media":"","overlay-type":"","overlay-color":"","overlay-opacity":"","overlay-gradient":""},"tablet":{"background-color":"","background-image":"","background-repeat":"repeat","background-position":"center center","background-size":"auto","background-attachment":"scroll","background-type":"","background-media":"","overlay-type":"","overlay-color":"","overlay-opacity":"","overlay-gradient":""},"mobile":{"background-color":"","background-image":"","background-repeat":"repeat","background-position":"center center","background-size":"auto","background-attachment":"scroll","background-type":"","background-media":"","overlay-type":"","overlay-color":"","overlay-opacity":"","overlay-gradient":""}},"ast-content-background-meta":{"desktop":{"background-color":"var(--ast-global-color-5)","background-image":"","background-repeat":"repeat","background-position":"center center","background-size":"auto","background-attachment":"scroll","background-type":"","background-media":"","overlay-type":"","overlay-color":"","overlay-opacity":"","overlay-gradient":""},"tablet":{"background-color":"var(--ast-global-color-5)","background-image":"","background-repeat":"repeat","background-position":"center center","background-size":"auto","background-attachment":"scroll","background-type":"","background-media":"","overlay-type":"","overlay-color":"","overlay-opacity":"","overlay-gradient":""},"mobile":{"background-color":"var(--ast-global-color-5)","background-image":"","background-repeat":"repeat","background-position":"center center","background-size":"auto","background-attachment":"scroll","background-type":"","background-media":"","overlay-type":"","overlay-color":"","overlay-opacity":"","overlay-gradient":""}},"footnotes":""},"categories":[109,3,4],"tags":[],"class_list":["post-4307","post","type-post","status-publish","format-standard","hentry","category-1r","category-mitjanes","category-portada"],"post_mailing_queue_ids":[],"_links":{"self":[{"href":"https:\/\/agora.xtec.cat\/ceipfarigola-seva\/wp-json\/wp\/v2\/posts\/4307","targetHints":{"allow":["GET"]}}],"collection":[{"href":"https:\/\/agora.xtec.cat\/ceipfarigola-seva\/wp-json\/wp\/v2\/posts"}],"about":[{"href":"https:\/\/agora.xtec.cat\/ceipfarigola-seva\/wp-json\/wp\/v2\/types\/post"}],"author":[{"embeddable":true,"href":"https:\/\/agora.xtec.cat\/ceipfarigola-seva\/wp-json\/wp\/v2\/users\/1"}],"replies":[{"embeddable":true,"href":"https:\/\/agora.xtec.cat\/ceipfarigola-seva\/wp-json\/wp\/v2\/comments?post=4307"}],"version-history":[{"count":4,"href":"https:\/\/agora.xtec.cat\/ceipfarigola-seva\/wp-json\/wp\/v2\/posts\/4307\/revisions"}],"predecessor-version":[{"id":4313,"href":"https:\/\/agora.xtec.cat\/ceipfarigola-seva\/wp-json\/wp\/v2\/posts\/4307\/revisions\/4313"}],"wp:attachment":[{"href":"https:\/\/agora.xtec.cat\/ceipfarigola-seva\/wp-json\/wp\/v2\/media?parent=4307"}],"wp:term":[{"taxonomy":"category","embeddable":true,"href":"https:\/\/agora.xtec.cat\/ceipfarigola-seva\/wp-json\/wp\/v2\/categories?post=4307"},{"taxonomy":"post_tag","embeddable":true,"href":"https:\/\/agora.xtec.cat\/ceipfarigola-seva\/wp-json\/wp\/v2\/tags?post=4307"}],"curies":[{"name":"wp","href":"https:\/\/api.w.org\/{rel}","templated":true}]}}