{"id":4159,"date":"2024-01-24T09:15:50","date_gmt":"2024-01-24T08:15:50","guid":{"rendered":"https:\/\/agora.xtec.cat\/ceipfarigola-seva\/?p=4159"},"modified":"2024-01-24T09:16:45","modified_gmt":"2024-01-24T08:16:45","slug":"comunitat-de-mitjans-projecte-de-lhort","status":"publish","type":"post","link":"https:\/\/agora.xtec.cat\/ceipfarigola-seva\/general\/comunitat-de-mitjans-projecte-de-lhort\/","title":{"rendered":"COMUNITAT DE MITJANS-PROJECTE DE L&#8217;HORT"},"content":{"rendered":"<p>COMUNITAT DE MITJANS &#8211; PROJECTE DE L\u2019HORT<br \/>\nEls infants de la comunitat de mitjans continuem endavant amb el projecte de l\u2019hort, aquest any amb algunes novetats:<br \/>\n*Estem fent un intercanvi amb l\u2019escola de Muntanyola: ells\/es l\u2019estan comen\u00e7ant i nosaltres els donem algunes pistes. De moment ens hem enviat v\u00eddeos i cartes. Aviat farem una videoconfer\u00e8ncia i seria genial poder fer una trobada m\u00e9s endavant.<br \/>\n*Amb l\u2019ajuda de les fam\u00edlies volem crear un hort vertical dins el nostre hivernacle, per aix\u00ed aprofitar millor l\u2019espai.<br \/>\n*De moment aquest any hem plantat alls, cebes, espinacs, escaroles, enciams i p\u00e8sols. A veure si tenim sort i n\u2019obtenim uns bons fruits.<br \/>\n<a href=\"https:\/\/agora.xtec.cat\/ceipfarigola-seva\/wp-content\/uploads\/usu217\/2024\/01\/hort.jpg\"><img loading=\"lazy\" decoding=\"async\" class=\"wp-image-4160 aligncenter\" src=\"https:\/\/agora.xtec.cat\/ceipfarigola-seva\/wp-content\/uploads\/usu217\/2024\/01\/hort.jpg\" alt=\"\" width=\"352\" height=\"263\" srcset=\"https:\/\/agora.xtec.cat\/ceipfarigola-seva\/wp-content\/uploads\/usu217\/2024\/01\/hort.jpg 602w, https:\/\/agora.xtec.cat\/ceipfarigola-seva\/wp-content\/uploads\/usu217\/2024\/01\/hort-300x224.jpg 300w, https:\/\/agora.xtec.cat\/ceipfarigola-seva\/wp-content\/uploads\/usu217\/2024\/01\/hort-200x150.jpg 200w\" sizes=\"auto, (max-width: 352px) 100vw, 352px\" \/><\/a><\/p>\n","protected":false},"excerpt":{"rendered":"<p>COMUNITAT DE MITJANS &#8211; PROJECTE DE L\u2019HORT Els infants de la comunitat de mitjans continuem endavant amb el projecte de l\u2019hort, aquest any amb algunes novetats: *Estem fent un intercanvi amb l\u2019escola de Muntanyola: ells\/es l\u2019estan comen\u00e7ant i nosaltres els donem algunes pistes. De moment ens hem enviat v\u00eddeos i cartes. Aviat farem una videoconfer\u00e8ncia [&hellip;]<\/p>\n","protected":false},"author":1,"featured_media":0,"comment_status":"open","ping_status":"closed","sticky":false,"template":"","format":"standard","meta":{"_bbp_topic_count":0,"_bbp_reply_count":0,"_bbp_total_topic_count":0,"_bbp_total_reply_count":0,"_bbp_voice_count":0,"_bbp_anonymous_reply_count":0,"_bbp_topic_count_hidden":0,"_bbp_reply_count_hidden":0,"_bbp_forum_subforum_count":0,"site-sidebar-layout":"default","site-content-layout":"","ast-site-content-layout":"","site-content-style":"default","site-sidebar-style":"default","ast-global-header-display":"","ast-banner-title-visibility":"","ast-main-header-display":"","ast-hfb-above-header-display":"","ast-hfb-below-header-display":"","ast-hfb-mobile-header-display":"","site-post-title":"","ast-breadcrumbs-content":"","ast-featured-img":"","footer-sml-layout":"","theme-transparent-header-meta":"","adv-header-id-meta":"","stick-header-meta":"","header-above-stick-meta":"","header-main-stick-meta":"","header-below-stick-meta":"","astra-migrate-meta-layouts":"default","ast-page-background-enabled":"default","ast-page-background-meta":{"desktop":{"background-color":"var(--ast-global-color-4)","background-image":"","background-repeat":"repeat","background-position":"center center","background-size":"auto","background-attachment":"scroll","background-type":"","background-media":"","overlay-type":"","overlay-color":"","overlay-opacity":"","overlay-gradient":""},"tablet":{"background-color":"","background-image":"","background-repeat":"repeat","background-position":"center center","background-size":"auto","background-attachment":"scroll","background-type":"","background-media":"","overlay-type":"","overlay-color":"","overlay-opacity":"","overlay-gradient":""},"mobile":{"background-color":"","background-image":"","background-repeat":"repeat","background-position":"center center","background-size":"auto","background-attachment":"scroll","background-type":"","background-media":"","overlay-type":"","overlay-color":"","overlay-opacity":"","overlay-gradient":""}},"ast-content-background-meta":{"desktop":{"background-color":"var(--ast-global-color-5)","background-image":"","background-repeat":"repeat","background-position":"center center","background-size":"auto","background-attachment":"scroll","background-type":"","background-media":"","overlay-type":"","overlay-color":"","overlay-opacity":"","overlay-gradient":""},"tablet":{"background-color":"var(--ast-global-color-5)","background-image":"","background-repeat":"repeat","background-position":"center center","background-size":"auto","background-attachment":"scroll","background-type":"","background-media":"","overlay-type":"","overlay-color":"","overlay-opacity":"","overlay-gradient":""},"mobile":{"background-color":"var(--ast-global-color-5)","background-image":"","background-repeat":"repeat","background-position":"center center","background-size":"auto","background-attachment":"scroll","background-type":"","background-media":"","overlay-type":"","overlay-color":"","overlay-opacity":"","overlay-gradient":""}},"footnotes":""},"categories":[3,1,4],"tags":[],"class_list":["post-4159","post","type-post","status-publish","format-standard","hentry","category-mitjanes","category-general","category-portada"],"post_mailing_queue_ids":[],"_links":{"self":[{"href":"https:\/\/agora.xtec.cat\/ceipfarigola-seva\/wp-json\/wp\/v2\/posts\/4159","targetHints":{"allow":["GET"]}}],"collection":[{"href":"https:\/\/agora.xtec.cat\/ceipfarigola-seva\/wp-json\/wp\/v2\/posts"}],"about":[{"href":"https:\/\/agora.xtec.cat\/ceipfarigola-seva\/wp-json\/wp\/v2\/types\/post"}],"author":[{"embeddable":true,"href":"https:\/\/agora.xtec.cat\/ceipfarigola-seva\/wp-json\/wp\/v2\/users\/1"}],"replies":[{"embeddable":true,"href":"https:\/\/agora.xtec.cat\/ceipfarigola-seva\/wp-json\/wp\/v2\/comments?post=4159"}],"version-history":[{"count":1,"href":"https:\/\/agora.xtec.cat\/ceipfarigola-seva\/wp-json\/wp\/v2\/posts\/4159\/revisions"}],"predecessor-version":[{"id":4161,"href":"https:\/\/agora.xtec.cat\/ceipfarigola-seva\/wp-json\/wp\/v2\/posts\/4159\/revisions\/4161"}],"wp:attachment":[{"href":"https:\/\/agora.xtec.cat\/ceipfarigola-seva\/wp-json\/wp\/v2\/media?parent=4159"}],"wp:term":[{"taxonomy":"category","embeddable":true,"href":"https:\/\/agora.xtec.cat\/ceipfarigola-seva\/wp-json\/wp\/v2\/categories?post=4159"},{"taxonomy":"post_tag","embeddable":true,"href":"https:\/\/agora.xtec.cat\/ceipfarigola-seva\/wp-json\/wp\/v2\/tags?post=4159"}],"curies":[{"name":"wp","href":"https:\/\/api.w.org\/{rel}","templated":true}]}}