{"id":3959,"date":"2023-06-19T11:30:43","date_gmt":"2023-06-19T09:30:43","guid":{"rendered":"https:\/\/agora.xtec.cat\/ceipfarigola-seva\/?p=3959"},"modified":"2023-06-19T12:36:23","modified_gmt":"2023-06-19T10:36:23","slug":"camadoca-naturalment","status":"publish","type":"post","link":"https:\/\/agora.xtec.cat\/ceipfarigola-seva\/general\/camadoca-naturalment\/","title":{"rendered":"Camadoca, Naturalment"},"content":{"rendered":"<p>Fam\u00edlies,<br \/>\nEl passat divendres 16 de juny, \u00faltim dia d&#8217;entorn, ens van visitar dues noies de Camadoca, una associaci\u00f3 de defensa i estudi de la fauna i la flora aut\u00f2ctona, per presentar-nos el projecte &#8220;Naturalment&#8221;. NATURALMENT \u00e9s un projecte d\u2019educaci\u00f3 ambiental on expliquen les problem\u00e0tiques derivades de l\u2019aflu\u00e8ncia massiva de persones als Espais Naturals Protegits i Parcs Naturals, i les actituds que haur\u00edem d\u2019adoptar quan visitem aquests entorns per minimitzar-hi el nostre impacte. L\u2019objectiu \u00e9s implicar la poblaci\u00f3 en la preservaci\u00f3 dels entorns naturals i, des de l&#8217;escola, vam pensar que seria interessant participar-hi. A m\u00e9s, tenim la intenci\u00f3 de visitar el centre de Camadoca a Santa Maria de Merl\u00e8s el proper curs.<br \/>\nUs deixem amb un petit recull de fotos de la jornada.<br \/>\n<a title=\"Infantil Camadoca &quot;Naturalment&quot;\" href=\"https:\/\/www.flickr.com\/photos\/145245634@N06\/albums\/72177720309160717\" data-flickr-embed=\"true\"><img loading=\"lazy\" decoding=\"async\" src=\"https:\/\/live.staticflickr.com\/65535\/52977904922_74706170c1_z.jpg\" alt=\"Infantil Camadoca &quot;Naturalment&quot;\" width=\"640\" height=\"480\" \/><\/a><script async src=\"\/\/embedr.flickr.com\/assets\/client-code.js\" charset=\"utf-8\"><\/script><\/p>\n<p>Moltes gr\u00e0cies!<\/p>\n","protected":false},"excerpt":{"rendered":"<p>Fam\u00edlies, El passat divendres 16 de juny, \u00faltim dia d&#8217;entorn, ens van visitar dues noies de Camadoca, una associaci\u00f3 de defensa i estudi de la fauna i la flora aut\u00f2ctona, per presentar-nos el projecte &#8220;Naturalment&#8221;. NATURALMENT \u00e9s un projecte d\u2019educaci\u00f3 ambiental on expliquen les problem\u00e0tiques derivades de l\u2019aflu\u00e8ncia massiva de persones als Espais Naturals Protegits [&hellip;]<\/p>\n","protected":false},"author":15,"featured_media":0,"comment_status":"open","ping_status":"closed","sticky":false,"template":"","format":"standard","meta":{"_bbp_topic_count":0,"_bbp_reply_count":0,"_bbp_total_topic_count":0,"_bbp_total_reply_count":0,"_bbp_voice_count":0,"_bbp_anonymous_reply_count":0,"_bbp_topic_count_hidden":0,"_bbp_reply_count_hidden":0,"_bbp_forum_subforum_count":0,"site-sidebar-layout":"default","site-content-layout":"","ast-site-content-layout":"","site-content-style":"default","site-sidebar-style":"default","ast-global-header-display":"","ast-banner-title-visibility":"","ast-main-header-display":"","ast-hfb-above-header-display":"","ast-hfb-below-header-display":"","ast-hfb-mobile-header-display":"","site-post-title":"","ast-breadcrumbs-content":"","ast-featured-img":"","footer-sml-layout":"","theme-transparent-header-meta":"","adv-header-id-meta":"","stick-header-meta":"","header-above-stick-meta":"","header-main-stick-meta":"","header-below-stick-meta":"","astra-migrate-meta-layouts":"default","ast-page-background-enabled":"default","ast-page-background-meta":{"desktop":{"background-color":"var(--ast-global-color-4)","background-image":"","background-repeat":"repeat","background-position":"center center","background-size":"auto","background-attachment":"scroll","background-type":"","background-media":"","overlay-type":"","overlay-color":"","overlay-opacity":"","overlay-gradient":""},"tablet":{"background-color":"","background-image":"","background-repeat":"repeat","background-position":"center center","background-size":"auto","background-attachment":"scroll","background-type":"","background-media":"","overlay-type":"","overlay-color":"","overlay-opacity":"","overlay-gradient":""},"mobile":{"background-color":"","background-image":"","background-repeat":"repeat","background-position":"center center","background-size":"auto","background-attachment":"scroll","background-type":"","background-media":"","overlay-type":"","overlay-color":"","overlay-opacity":"","overlay-gradient":""}},"ast-content-background-meta":{"desktop":{"background-color":"var(--ast-global-color-5)","background-image":"","background-repeat":"repeat","background-position":"center center","background-size":"auto","background-attachment":"scroll","background-type":"","background-media":"","overlay-type":"","overlay-color":"","overlay-opacity":"","overlay-gradient":""},"tablet":{"background-color":"var(--ast-global-color-5)","background-image":"","background-repeat":"repeat","background-position":"center center","background-size":"auto","background-attachment":"scroll","background-type":"","background-media":"","overlay-type":"","overlay-color":"","overlay-opacity":"","overlay-gradient":""},"mobile":{"background-color":"var(--ast-global-color-5)","background-image":"","background-repeat":"repeat","background-position":"center center","background-size":"auto","background-attachment":"scroll","background-type":"","background-media":"","overlay-type":"","overlay-color":"","overlay-opacity":"","overlay-gradient":""}},"footnotes":""},"categories":[2,1,4],"tags":[],"class_list":["post-3959","post","type-post","status-publish","format-standard","hentry","category-petites","category-general","category-portada"],"post_mailing_queue_ids":[],"_links":{"self":[{"href":"https:\/\/agora.xtec.cat\/ceipfarigola-seva\/wp-json\/wp\/v2\/posts\/3959","targetHints":{"allow":["GET"]}}],"collection":[{"href":"https:\/\/agora.xtec.cat\/ceipfarigola-seva\/wp-json\/wp\/v2\/posts"}],"about":[{"href":"https:\/\/agora.xtec.cat\/ceipfarigola-seva\/wp-json\/wp\/v2\/types\/post"}],"author":[{"embeddable":true,"href":"https:\/\/agora.xtec.cat\/ceipfarigola-seva\/wp-json\/wp\/v2\/users\/15"}],"replies":[{"embeddable":true,"href":"https:\/\/agora.xtec.cat\/ceipfarigola-seva\/wp-json\/wp\/v2\/comments?post=3959"}],"version-history":[{"count":1,"href":"https:\/\/agora.xtec.cat\/ceipfarigola-seva\/wp-json\/wp\/v2\/posts\/3959\/revisions"}],"predecessor-version":[{"id":3960,"href":"https:\/\/agora.xtec.cat\/ceipfarigola-seva\/wp-json\/wp\/v2\/posts\/3959\/revisions\/3960"}],"wp:attachment":[{"href":"https:\/\/agora.xtec.cat\/ceipfarigola-seva\/wp-json\/wp\/v2\/media?parent=3959"}],"wp:term":[{"taxonomy":"category","embeddable":true,"href":"https:\/\/agora.xtec.cat\/ceipfarigola-seva\/wp-json\/wp\/v2\/categories?post=3959"},{"taxonomy":"post_tag","embeddable":true,"href":"https:\/\/agora.xtec.cat\/ceipfarigola-seva\/wp-json\/wp\/v2\/tags?post=3959"}],"curies":[{"name":"wp","href":"https:\/\/api.w.org\/{rel}","templated":true}]}}