{"id":3922,"date":"2023-07-07T09:40:05","date_gmt":"2023-07-07T07:40:05","guid":{"rendered":"https:\/\/agora.xtec.cat\/ceipfarigola-seva\/?p=3922"},"modified":"2023-07-07T09:41:54","modified_gmt":"2023-07-07T07:41:54","slug":"desforestacio","status":"publish","type":"post","link":"https:\/\/agora.xtec.cat\/ceipfarigola-seva\/general\/desforestacio\/","title":{"rendered":"DESFORESTACI\u00d3"},"content":{"rendered":"<p><span style=\"font-weight: 400;\">A la nostra escola amb els 2 representants XESC des de 1r. fins a 6\u00e8, dins de les tasques comunit\u00e0ries, hem preparat un acte reivindicatiu dins dels 17 ODS (Objectius Desenvolupament Sostenible).<\/span><br \/>\n<span style=\"font-weight: 400;\">Al primer trimestre va venir l\u2019Edu Ponces, ell \u00e9s un pare d\u2019aquesta escola que es dedica a fer periodisme de den\u00fancia, treballa per una associaci\u00f3 \u201cRuido Photo\u201d\u00a0 que porta m\u00e9s de 15 anys mostrant i denunciant problem\u00e0tiques socials i denunciant violacions dels drets humans.\u00a0<\/span><br \/>\n<span style=\"font-weight: 400;\">A partir d\u2019una not\u00edcia que ells van publicar al diari Ara, \u201cDefensors de la Selva, la lluita contra la desforestaci\u00f3\u201d publicada el diumenge 18 de setembre de 2022, vam iniciar la nostra recerca i vam comen\u00e7ar a pensar i preparar els actes reivindicatius per tal de donar-ho a con\u00e8ixer a la resta de la comunitat educativa (escola, professorat, pares i mares i poble). La idea era que el grup Xesc fos el propulsor i el dinamitzador dels grups classe i entre tots\/es poguessin fer un acte reivindicatiu i comprom\u00e8s per a donar a con\u00e8ixer i canviar aspectes de la vida quotidiana, i aix\u00ed, de mica en mica\u00a0 els nostres actes siguin m\u00e9s responsables. Per\u00f2, aix\u00f2 nom\u00e9s \u00e9s l\u2019inici, ja que entenem que hem de continuar treballant i portant a terme petites accions dins de la vida de l\u2019escola, a casa i al poble.\u00a0<\/span><br \/>\n<span style=\"font-weight: 400;\">L\u2019Edu Ponces ens va explicar que hi ha gent (empreses) que tallen els arbres de les 3 selves m\u00e9s importants del m\u00f3n (l&#8217;Amazones, del Congo i del Sud-est Asi\u00e0tic). Ho fan per obtenir recursos naturals com ara fusta, petroli, carb\u00f3 i fins i tot per guanyar terreny per a grans plantacions\u2026<\/span><br \/>\n<span style=\"font-weight: 400;\">Hem conegut 4 hist\u00f2ries d\u2019unes persones que s\u00f3n guardians i salvadors dels boscos i cada un d&#8217;ells defensa el seu territori i tot el que hi viu:\u00a0en Jupai Diahu ell vol salvar els boscos de l&#8217;Amazones, en Thanaphat Payakkaporn vol protegir els gibons dels boscos de Tailandia, en Dirman \u00e9s l\u2019home que vol salvar els boscos d\u2019Indon\u00e8sia, i per \u00faltim\u00a0 Lundi Bokoko \u00e9s l&#8217;home que vol salvar els boscos de la Rep\u00fablica Democr\u00e0tica del Congo.\u00a0<\/span><br \/>\n<span style=\"font-weight: 400;\">Des del Comit\u00e8 Xesc pensem que encara que aquests boscos estiguin lluny d\u2019on vivim, nosaltres hi tenim una part de responsabilitat, com per exemple amb els fulls que gastem cada dia, els envasos, l\u2019electricitat que utilitzem, els productes que mengem \u2026<\/span><br \/>\n<span style=\"font-weight: 400;\">Ens agradaria poder donar veu a aquests testimonis que ens va donar a con\u00e8ixer l\u2019Edu Ponces, agrair la seva fortalesa i poder crear una mica de consci\u00e8ncia amb els arbres que ens envolten.\u00a0<\/span><br \/>\n<span style=\"font-weight: 400;\">Per aix\u00f2 cada grup classe ha fet un tipus de difusi\u00f3 a tota la comunitat.<\/span><\/p>\n<p>Us deixem el v\u00eddeo que van gravar els alumnes de 3r, el podcast que van gravar els alumnes de 5\u00e8 i l&#8217;enlla\u00e7 a l&#8217;\u00e0lbum de fotografies de l&#8217;acte que vam fer el passat 30 de maig.<\/p>\n<div class=\"ast-oembed-container \" style=\"height: 100%;\"><iframe loading=\"lazy\" title=\"Desforestaci\u00f3 3r\" width=\"500\" height=\"281\" src=\"https:\/\/www.youtube.com\/embed\/q_9mZ1gGFwc?feature=oembed\" frameborder=\"0\" allow=\"accelerometer; autoplay; clipboard-write; encrypted-media; gyroscope; picture-in-picture; web-share\" referrerpolicy=\"strict-origin-when-cross-origin\" allowfullscreen><\/iframe><\/div>\n<!--[if lt IE 9]><script>document.createElement('audio');<\/script><![endif]-->\n<audio class=\"wp-audio-shortcode\" id=\"audio-3922-1\" preload=\"none\" style=\"width: 100%;\" controls=\"controls\"><source type=\"audio\/mpeg\" src=\"https:\/\/agora.xtec.cat\/ceipfarigola-seva\/wp-content\/uploads\/usu217\/2023\/05\/Podcast-desfores.mp3?_=1\" \/><a href=\"https:\/\/agora.xtec.cat\/ceipfarigola-seva\/wp-content\/uploads\/usu217\/2023\/05\/Podcast-desfores.mp3\">https:\/\/agora.xtec.cat\/ceipfarigola-seva\/wp-content\/uploads\/usu217\/2023\/05\/Podcast-desfores.mp3<\/a><\/audio>\n<p><a href=\"https:\/\/flic.kr\/s\/aHBqjALAxf\" target=\"_blank\" rel=\"noopener\"><img loading=\"lazy\" decoding=\"async\" class=\"wp-image-3973 aligncenter\" src=\"https:\/\/agora.xtec.cat\/ceipfarigola-seva\/wp-content\/uploads\/usu217\/2023\/07\/IMG-20230530-WA0019-1024x576.jpg\" alt=\"\" width=\"527\" height=\"296\" srcset=\"https:\/\/agora.xtec.cat\/ceipfarigola-seva\/wp-content\/uploads\/usu217\/2023\/07\/IMG-20230530-WA0019-1024x576.jpg 1024w, https:\/\/agora.xtec.cat\/ceipfarigola-seva\/wp-content\/uploads\/usu217\/2023\/07\/IMG-20230530-WA0019-300x169.jpg 300w, https:\/\/agora.xtec.cat\/ceipfarigola-seva\/wp-content\/uploads\/usu217\/2023\/07\/IMG-20230530-WA0019-768x432.jpg 768w, https:\/\/agora.xtec.cat\/ceipfarigola-seva\/wp-content\/uploads\/usu217\/2023\/07\/IMG-20230530-WA0019-1536x864.jpg 1536w, https:\/\/agora.xtec.cat\/ceipfarigola-seva\/wp-content\/uploads\/usu217\/2023\/07\/IMG-20230530-WA0019.jpg 1600w\" sizes=\"auto, (max-width: 527px) 100vw, 527px\" \/><\/a><\/p>\n","protected":false},"excerpt":{"rendered":"<p>A la nostra escola amb els 2 representants XESC des de 1r. fins a 6\u00e8, dins de les tasques comunit\u00e0ries, hem preparat un acte reivindicatiu dins dels 17 ODS (Objectius Desenvolupament Sostenible). Al primer trimestre va venir l\u2019Edu Ponces, ell \u00e9s un pare d\u2019aquesta escola que es dedica a fer periodisme de den\u00fancia, treballa per [&hellip;]<\/p>\n","protected":false},"author":1,"featured_media":3974,"comment_status":"open","ping_status":"closed","sticky":false,"template":"","format":"standard","meta":{"_bbp_topic_count":0,"_bbp_reply_count":0,"_bbp_total_topic_count":0,"_bbp_total_reply_count":0,"_bbp_voice_count":0,"_bbp_anonymous_reply_count":0,"_bbp_topic_count_hidden":0,"_bbp_reply_count_hidden":0,"_bbp_forum_subforum_count":0,"site-sidebar-layout":"default","site-content-layout":"","ast-site-content-layout":"","site-content-style":"default","site-sidebar-style":"default","ast-global-header-display":"","ast-banner-title-visibility":"","ast-main-header-display":"","ast-hfb-above-header-display":"","ast-hfb-below-header-display":"","ast-hfb-mobile-header-display":"","site-post-title":"","ast-breadcrumbs-content":"","ast-featured-img":"","footer-sml-layout":"","theme-transparent-header-meta":"","adv-header-id-meta":"","stick-header-meta":"","header-above-stick-meta":"","header-main-stick-meta":"","header-below-stick-meta":"","astra-migrate-meta-layouts":"default","ast-page-background-enabled":"default","ast-page-background-meta":{"desktop":{"background-color":"var(--ast-global-color-4)","background-image":"","background-repeat":"repeat","background-position":"center center","background-size":"auto","background-attachment":"scroll","background-type":"","background-media":"","overlay-type":"","overlay-color":"","overlay-opacity":"","overlay-gradient":""},"tablet":{"background-color":"","background-image":"","background-repeat":"repeat","background-position":"center center","background-size":"auto","background-attachment":"scroll","background-type":"","background-media":"","overlay-type":"","overlay-color":"","overlay-opacity":"","overlay-gradient":""},"mobile":{"background-color":"","background-image":"","background-repeat":"repeat","background-position":"center center","background-size":"auto","background-attachment":"scroll","background-type":"","background-media":"","overlay-type":"","overlay-color":"","overlay-opacity":"","overlay-gradient":""}},"ast-content-background-meta":{"desktop":{"background-color":"var(--ast-global-color-5)","background-image":"","background-repeat":"repeat","background-position":"center center","background-size":"auto","background-attachment":"scroll","background-type":"","background-media":"","overlay-type":"","overlay-color":"","overlay-opacity":"","overlay-gradient":""},"tablet":{"background-color":"var(--ast-global-color-5)","background-image":"","background-repeat":"repeat","background-position":"center center","background-size":"auto","background-attachment":"scroll","background-type":"","background-media":"","overlay-type":"","overlay-color":"","overlay-opacity":"","overlay-gradient":""},"mobile":{"background-color":"var(--ast-global-color-5)","background-image":"","background-repeat":"repeat","background-position":"center center","background-size":"auto","background-attachment":"scroll","background-type":"","background-media":"","overlay-type":"","overlay-color":"","overlay-opacity":"","overlay-gradient":""}},"footnotes":""},"categories":[1,4],"tags":[],"class_list":["post-3922","post","type-post","status-publish","format-standard","has-post-thumbnail","hentry","category-general","category-portada"],"post_mailing_queue_ids":[],"_links":{"self":[{"href":"https:\/\/agora.xtec.cat\/ceipfarigola-seva\/wp-json\/wp\/v2\/posts\/3922","targetHints":{"allow":["GET"]}}],"collection":[{"href":"https:\/\/agora.xtec.cat\/ceipfarigola-seva\/wp-json\/wp\/v2\/posts"}],"about":[{"href":"https:\/\/agora.xtec.cat\/ceipfarigola-seva\/wp-json\/wp\/v2\/types\/post"}],"author":[{"embeddable":true,"href":"https:\/\/agora.xtec.cat\/ceipfarigola-seva\/wp-json\/wp\/v2\/users\/1"}],"replies":[{"embeddable":true,"href":"https:\/\/agora.xtec.cat\/ceipfarigola-seva\/wp-json\/wp\/v2\/comments?post=3922"}],"version-history":[{"count":2,"href":"https:\/\/agora.xtec.cat\/ceipfarigola-seva\/wp-json\/wp\/v2\/posts\/3922\/revisions"}],"predecessor-version":[{"id":3976,"href":"https:\/\/agora.xtec.cat\/ceipfarigola-seva\/wp-json\/wp\/v2\/posts\/3922\/revisions\/3976"}],"wp:featuredmedia":[{"embeddable":true,"href":"https:\/\/agora.xtec.cat\/ceipfarigola-seva\/wp-json\/wp\/v2\/media\/3974"}],"wp:attachment":[{"href":"https:\/\/agora.xtec.cat\/ceipfarigola-seva\/wp-json\/wp\/v2\/media?parent=3922"}],"wp:term":[{"taxonomy":"category","embeddable":true,"href":"https:\/\/agora.xtec.cat\/ceipfarigola-seva\/wp-json\/wp\/v2\/categories?post=3922"},{"taxonomy":"post_tag","embeddable":true,"href":"https:\/\/agora.xtec.cat\/ceipfarigola-seva\/wp-json\/wp\/v2\/tags?post=3922"}],"curies":[{"name":"wp","href":"https:\/\/api.w.org\/{rel}","templated":true}]}}