{"id":3866,"date":"2023-05-16T16:19:47","date_gmt":"2023-05-16T14:19:47","guid":{"rendered":"https:\/\/agora.xtec.cat\/ceipfarigola-seva\/?p=3866"},"modified":"2023-05-16T16:19:47","modified_gmt":"2023-05-16T14:19:47","slug":"intercanvi-a-cantabria-1r-dia","status":"publish","type":"post","link":"https:\/\/agora.xtec.cat\/ceipfarigola-seva\/general\/intercanvi-a-cantabria-1r-dia\/","title":{"rendered":"Intercanvi a Cant\u00e0bria: 1r dia"},"content":{"rendered":"<p>Bon dia,<\/p>\n<p>despr\u00e9s de llevar-nos sense haver dormit gaire, hem sortit de Seva a les 3.00 am ben puntuals direcci\u00f3 a l&#8217;aeroport. All\u00e0 hem hagut de fer poca cua, ja que \u00e9rem dels primers i hem facturat i passat el control s\u00faper b\u00e9. Hi havia molts grups escolars, d&#8217;instituts, i molt nombrosos. Hem estat contents de passar abans que ells.<\/p>\n<p>Hem pogut esmorzar i anar al lavabo tranquils i a l&#8217;hora que tocava hem pujat al nostre avi\u00f3.<\/p>\n<p>El vol ha sigut f\u00e0cil, sense turbul\u00e8ncies i l&#8217;experi\u00e8ncia de volar (que alguns s&#8217;estrenaven) ha anat molt b\u00e9.<\/p>\n<p>A Santander ens esperaven 2 professors de l&#8217;escola Costa Quebrada que ens han carregat les maletes als seus cotxes i aix\u00ed hem anat molt m\u00e9s lleugers d&#8217;equipatge.<\/p>\n<p>Hem agafat l&#8217;autob\u00fas p\u00fablic fins a Santander i all\u00e0 hem visitat el centre, que es va cremar amb un incendi el 1941, i hem anat fent direcci\u00f3 el palau de la Madalena. Un palau que el poble de Santander va regalar com a regal de casament al Reis Alfons XIII i que m\u00e9s tard el rei Joan Carles va vendre de nou als santanderins, un gran negoci (per la reialesa, clar). El lloc \u00e9s preci\u00f3s i hi ha un petit zoo a l&#8217;aire lliure de foques, ping\u00fcins i lleons marins. Hem fet una mica de temps per veure com els alimentaven, h sigut ben distret de veure. Si que ens hem hagut d&#8217;anar abrigant, perqu\u00e8 al costat del mar feia un aire gelat.<\/p>\n<p>Un cop vist, hem acabat d&#8217;arribar al palau de la Madalena. Hem fet tota la volta a la pen\u00ednsula i hem anat a dinar a un parc preci\u00f3s que hi ha a l&#8217;altre costat dels animals marins. Hem dinat i jugat molt a gust i ben tranquils ja que est\u00e0vem gaireb\u00e9 sols.<\/p>\n<p>Quan hem decidit que ja era hora de recollir per anar a buscar el bus urb\u00e0, per anar cap a Soto de la Marina, ha comen\u00e7at a ploure. Primer xirimiri, per\u00f2 mica en mica la pluja s&#8217;anava tornant m\u00e9s x\u00e0fec i hem acabat molls com \u00e0necs. Ens hem refugiat una estona, per\u00f2 no vol\u00edem perdre el bus, o sigui que hem avan\u00e7at sota la pluja.<\/p>\n<p>Hem arribat a l&#8217;escola a l&#8217;hora prevista. Com que all\u00e0 ten\u00edem les maletes, els que anaven m\u00e9s molls, s&#8217;han pogut canviar la roba. L&#8217;alcalde i el regidor d&#8217;educaci\u00f3 han vingut a rebre&#8217;ns a l&#8217;escola i ens han donat la benvinguda a l&#8217;estada. Les fam\u00edlies tamb\u00e9 han arribat i ens han preparat un joc on cada fam\u00edlia, amb els vostres fills i filles pertinents, havien de resoldre diferents enigmes, Ha sigut una bona manera de con\u00e8ixer-nos tots plegats.<\/p>\n<p>El president Revilla, l&#8217;hem vist (i potser no tothom) en el moment d&#8217;anar marxant cap a les cases de cadasc\u00fa.<\/p>\n<p>Avui ha sigut un dia molt llarg, i esperem recuperar son aquesta nit. Us deixem amb les fotos del dia,<\/p>\n<p><a data-flickr-embed=\"true\" href=\"https:\/\/www.flickr.com\/photos\/145245634@N06\/albums\/72177720308321363\" title=\"Cant\u00e0bria 1r dia\"><img loading=\"lazy\" decoding=\"async\" src=\"https:\/\/live.staticflickr.com\/65535\/52902075600_9362d623c6.jpg\" width=\"640\" height=\"480\" alt=\"Cant\u00e0bria 1r dia\"\/><\/a><script async src=\"\/\/embedr.flickr.com\/assets\/client-code.js\" charset=\"utf-8\"><\/script><br \/>\n&nbsp;<\/p>\n","protected":false},"excerpt":{"rendered":"<p>Bon dia, despr\u00e9s de llevar-nos sense haver dormit gaire, hem sortit de Seva a les 3.00 am ben puntuals direcci\u00f3 a l&#8217;aeroport. All\u00e0 hem hagut de fer poca cua, ja que \u00e9rem dels primers i hem facturat i passat el control s\u00faper b\u00e9. Hi havia molts grups escolars, d&#8217;instituts, i molt nombrosos. Hem estat contents [&hellip;]<\/p>\n","protected":false},"author":3,"featured_media":0,"comment_status":"open","ping_status":"closed","sticky":false,"template":"","format":"standard","meta":{"_bbp_topic_count":0,"_bbp_reply_count":0,"_bbp_total_topic_count":0,"_bbp_total_reply_count":0,"_bbp_voice_count":0,"_bbp_anonymous_reply_count":0,"_bbp_topic_count_hidden":0,"_bbp_reply_count_hidden":0,"_bbp_forum_subforum_count":0,"site-sidebar-layout":"default","site-content-layout":"","ast-site-content-layout":"","site-content-style":"default","site-sidebar-style":"default","ast-global-header-display":"","ast-banner-title-visibility":"","ast-main-header-display":"","ast-hfb-above-header-display":"","ast-hfb-below-header-display":"","ast-hfb-mobile-header-display":"","site-post-title":"","ast-breadcrumbs-content":"","ast-featured-img":"","footer-sml-layout":"","theme-transparent-header-meta":"","adv-header-id-meta":"","stick-header-meta":"","header-above-stick-meta":"","header-main-stick-meta":"","header-below-stick-meta":"","astra-migrate-meta-layouts":"default","ast-page-background-enabled":"default","ast-page-background-meta":{"desktop":{"background-color":"var(--ast-global-color-4)","background-image":"","background-repeat":"repeat","background-position":"center center","background-size":"auto","background-attachment":"scroll","background-type":"","background-media":"","overlay-type":"","overlay-color":"","overlay-opacity":"","overlay-gradient":""},"tablet":{"background-color":"","background-image":"","background-repeat":"repeat","background-position":"center center","background-size":"auto","background-attachment":"scroll","background-type":"","background-media":"","overlay-type":"","overlay-color":"","overlay-opacity":"","overlay-gradient":""},"mobile":{"background-color":"","background-image":"","background-repeat":"repeat","background-position":"center center","background-size":"auto","background-attachment":"scroll","background-type":"","background-media":"","overlay-type":"","overlay-color":"","overlay-opacity":"","overlay-gradient":""}},"ast-content-background-meta":{"desktop":{"background-color":"var(--ast-global-color-5)","background-image":"","background-repeat":"repeat","background-position":"center center","background-size":"auto","background-attachment":"scroll","background-type":"","background-media":"","overlay-type":"","overlay-color":"","overlay-opacity":"","overlay-gradient":""},"tablet":{"background-color":"var(--ast-global-color-5)","background-image":"","background-repeat":"repeat","background-position":"center center","background-size":"auto","background-attachment":"scroll","background-type":"","background-media":"","overlay-type":"","overlay-color":"","overlay-opacity":"","overlay-gradient":""},"mobile":{"background-color":"var(--ast-global-color-5)","background-image":"","background-repeat":"repeat","background-position":"center center","background-size":"auto","background-attachment":"scroll","background-type":"","background-media":"","overlay-type":"","overlay-color":"","overlay-opacity":"","overlay-gradient":""}},"footnotes":""},"categories":[13,1,4],"tags":[],"class_list":["post-3866","post","type-post","status-publish","format-standard","hentry","category-6e","category-general","category-portada"],"post_mailing_queue_ids":[],"_links":{"self":[{"href":"https:\/\/agora.xtec.cat\/ceipfarigola-seva\/wp-json\/wp\/v2\/posts\/3866","targetHints":{"allow":["GET"]}}],"collection":[{"href":"https:\/\/agora.xtec.cat\/ceipfarigola-seva\/wp-json\/wp\/v2\/posts"}],"about":[{"href":"https:\/\/agora.xtec.cat\/ceipfarigola-seva\/wp-json\/wp\/v2\/types\/post"}],"author":[{"embeddable":true,"href":"https:\/\/agora.xtec.cat\/ceipfarigola-seva\/wp-json\/wp\/v2\/users\/3"}],"replies":[{"embeddable":true,"href":"https:\/\/agora.xtec.cat\/ceipfarigola-seva\/wp-json\/wp\/v2\/comments?post=3866"}],"version-history":[{"count":2,"href":"https:\/\/agora.xtec.cat\/ceipfarigola-seva\/wp-json\/wp\/v2\/posts\/3866\/revisions"}],"predecessor-version":[{"id":3868,"href":"https:\/\/agora.xtec.cat\/ceipfarigola-seva\/wp-json\/wp\/v2\/posts\/3866\/revisions\/3868"}],"wp:attachment":[{"href":"https:\/\/agora.xtec.cat\/ceipfarigola-seva\/wp-json\/wp\/v2\/media?parent=3866"}],"wp:term":[{"taxonomy":"category","embeddable":true,"href":"https:\/\/agora.xtec.cat\/ceipfarigola-seva\/wp-json\/wp\/v2\/categories?post=3866"},{"taxonomy":"post_tag","embeddable":true,"href":"https:\/\/agora.xtec.cat\/ceipfarigola-seva\/wp-json\/wp\/v2\/tags?post=3866"}],"curies":[{"name":"wp","href":"https:\/\/api.w.org\/{rel}","templated":true}]}}