{"id":3738,"date":"2023-03-16T13:09:25","date_gmt":"2023-03-16T12:09:25","guid":{"rendered":"https:\/\/agora.xtec.cat\/ceipfarigola-seva\/?p=3738"},"modified":"2023-03-16T13:14:13","modified_gmt":"2023-03-16T12:14:13","slug":"el-nostre-projecte-va-avancant","status":"publish","type":"post","link":"https:\/\/agora.xtec.cat\/ceipfarigola-seva\/general\/el-nostre-projecte-va-avancant\/","title":{"rendered":"El nostre projecte va avan\u00e7ant&#8230;"},"content":{"rendered":"<p><a href=\"https:\/\/agora.xtec.cat\/ceipfarigola-seva\/wp-content\/uploads\/usu217\/2023\/03\/Captura-de-pantalla-2023-03-16-130154-retallada.png\"><img loading=\"lazy\" decoding=\"async\" class=\"alignnone wp-image-3741\" src=\"https:\/\/agora.xtec.cat\/ceipfarigola-seva\/wp-content\/uploads\/usu217\/2023\/03\/Captura-de-pantalla-2023-03-16-130154-retallada.png\" alt=\"\" width=\"229\" height=\"256\" srcset=\"https:\/\/agora.xtec.cat\/ceipfarigola-seva\/wp-content\/uploads\/usu217\/2023\/03\/Captura-de-pantalla-2023-03-16-130154-retallada.png 558w, https:\/\/agora.xtec.cat\/ceipfarigola-seva\/wp-content\/uploads\/usu217\/2023\/03\/Captura-de-pantalla-2023-03-16-130154-retallada-268x300.png 268w\" sizes=\"auto, (max-width: 229px) 100vw, 229px\" \/><\/a><a href=\"https:\/\/agora.xtec.cat\/ceipfarigola-seva\/wp-content\/uploads\/usu217\/2023\/03\/20230315_091923-mmmm.jpg\"><img loading=\"lazy\" decoding=\"async\" class=\"alignnone wp-image-3742\" src=\"https:\/\/agora.xtec.cat\/ceipfarigola-seva\/wp-content\/uploads\/usu217\/2023\/03\/20230315_091923-mmmm-1024x768.jpg\" alt=\"\" width=\"300\" height=\"225\" srcset=\"https:\/\/agora.xtec.cat\/ceipfarigola-seva\/wp-content\/uploads\/usu217\/2023\/03\/20230315_091923-mmmm-1024x768.jpg 1024w, https:\/\/agora.xtec.cat\/ceipfarigola-seva\/wp-content\/uploads\/usu217\/2023\/03\/20230315_091923-mmmm-300x225.jpg 300w, https:\/\/agora.xtec.cat\/ceipfarigola-seva\/wp-content\/uploads\/usu217\/2023\/03\/20230315_091923-mmmm-768x576.jpg 768w, https:\/\/agora.xtec.cat\/ceipfarigola-seva\/wp-content\/uploads\/usu217\/2023\/03\/20230315_091923-mmmm-1536x1152.jpg 1536w, https:\/\/agora.xtec.cat\/ceipfarigola-seva\/wp-content\/uploads\/usu217\/2023\/03\/20230315_091923-mmmm-200x150.jpg 200w, https:\/\/agora.xtec.cat\/ceipfarigola-seva\/wp-content\/uploads\/usu217\/2023\/03\/20230315_091923-mmmm.jpg 1672w\" sizes=\"auto, (max-width: 300px) 100vw, 300px\" \/><\/a><\/p>\n<p>Els nens i les nenes de 4t vam iniciar un projecte que porta com a t\u00edtol: <strong>Estic tip\/a de la nit i la foscor.<\/strong> D&#8217;aqu\u00ed van sorgir moltes curiositats relacionades amb la nit: <em>per qu\u00e8 somiem? D&#8217;on ve el nom de nit?,<\/em> <em>per qu\u00e8 no ens hi veiem a la nit?, les plantes dormen a la nit?&#8230;<\/em> i moltes d&#8217;altres curiositats que hem anat parlant durant les estones de projecte. Primerament, vam parlar d&#8217;on venia el nom de nit i d&#8217;aqu\u00ed vam anar a parar a Gr\u00e8cia i Roma per qu\u00e8 nit venia de<strong><em> &#8220;Nyx&#8221;<\/em><\/strong> una deessa grega. Tot seguit vam situar Gr\u00e8cia i Roma en la l\u00ednia del temps que pertany a l&#8217;\u00e8poca antiga i d&#8217;aqu\u00ed que vam treballar totes les altres etapes de la hist\u00f2ria. Tot seguit vam apar\u00e8ixer en un somni perqu\u00e8 parl\u00e0vem de per qu\u00e8 somi\u00e0vem i ens vam despertar al Delta de l&#8217;Ebre on vam anar de col\u00f2nies&#8230; i vam situar el Delta de l&#8217;Ebre: primer al m\u00f3n al continent Europeu, a la comunitat aut\u00f2noma de Catalunya i a la comarca del Montsi\u00e0. Tot seguit vam aprofitar per treballar Catalunya: el seu relleu, les comarques, tipus de comarques, llocs emblem\u00e0tics, etc. A m\u00e9s a m\u00e9s, tamb\u00e9 vam aprofitar per reforma el mapa del relleu de Catalunya que tenim a l&#8217;escola, ha quedat molt b\u00e9!<\/p>\n","protected":false},"excerpt":{"rendered":"<p>Els nens i les nenes de 4t vam iniciar un projecte que porta com a t\u00edtol: Estic tip\/a de la nit i la foscor. D&#8217;aqu\u00ed van sorgir moltes curiositats relacionades amb la nit: per qu\u00e8 somiem? D&#8217;on ve el nom de nit?, per qu\u00e8 no ens hi veiem a la nit?, les plantes dormen a [&hellip;]<\/p>\n","protected":false},"author":33,"featured_media":0,"comment_status":"open","ping_status":"closed","sticky":false,"template":"","format":"standard","meta":{"_bbp_topic_count":0,"_bbp_reply_count":0,"_bbp_total_topic_count":0,"_bbp_total_reply_count":0,"_bbp_voice_count":0,"_bbp_anonymous_reply_count":0,"_bbp_topic_count_hidden":0,"_bbp_reply_count_hidden":0,"_bbp_forum_subforum_count":0,"site-sidebar-layout":"default","site-content-layout":"","ast-site-content-layout":"","site-content-style":"default","site-sidebar-style":"default","ast-global-header-display":"","ast-banner-title-visibility":"","ast-main-header-display":"","ast-hfb-above-header-display":"","ast-hfb-below-header-display":"","ast-hfb-mobile-header-display":"","site-post-title":"","ast-breadcrumbs-content":"","ast-featured-img":"","footer-sml-layout":"","theme-transparent-header-meta":"","adv-header-id-meta":"","stick-header-meta":"","header-above-stick-meta":"","header-main-stick-meta":"","header-below-stick-meta":"","astra-migrate-meta-layouts":"default","ast-page-background-enabled":"default","ast-page-background-meta":{"desktop":{"background-color":"var(--ast-global-color-4)","background-image":"","background-repeat":"repeat","background-position":"center center","background-size":"auto","background-attachment":"scroll","background-type":"","background-media":"","overlay-type":"","overlay-color":"","overlay-opacity":"","overlay-gradient":""},"tablet":{"background-color":"","background-image":"","background-repeat":"repeat","background-position":"center center","background-size":"auto","background-attachment":"scroll","background-type":"","background-media":"","overlay-type":"","overlay-color":"","overlay-opacity":"","overlay-gradient":""},"mobile":{"background-color":"","background-image":"","background-repeat":"repeat","background-position":"center center","background-size":"auto","background-attachment":"scroll","background-type":"","background-media":"","overlay-type":"","overlay-color":"","overlay-opacity":"","overlay-gradient":""}},"ast-content-background-meta":{"desktop":{"background-color":"var(--ast-global-color-5)","background-image":"","background-repeat":"repeat","background-position":"center center","background-size":"auto","background-attachment":"scroll","background-type":"","background-media":"","overlay-type":"","overlay-color":"","overlay-opacity":"","overlay-gradient":""},"tablet":{"background-color":"var(--ast-global-color-5)","background-image":"","background-repeat":"repeat","background-position":"center center","background-size":"auto","background-attachment":"scroll","background-type":"","background-media":"","overlay-type":"","overlay-color":"","overlay-opacity":"","overlay-gradient":""},"mobile":{"background-color":"var(--ast-global-color-5)","background-image":"","background-repeat":"repeat","background-position":"center center","background-size":"auto","background-attachment":"scroll","background-type":"","background-media":"","overlay-type":"","overlay-color":"","overlay-opacity":"","overlay-gradient":""}},"footnotes":""},"categories":[11,12,1],"tags":[],"class_list":["post-3738","post","type-post","status-publish","format-standard","hentry","category-4t","category-grans","category-general"],"post_mailing_queue_ids":[],"_links":{"self":[{"href":"https:\/\/agora.xtec.cat\/ceipfarigola-seva\/wp-json\/wp\/v2\/posts\/3738","targetHints":{"allow":["GET"]}}],"collection":[{"href":"https:\/\/agora.xtec.cat\/ceipfarigola-seva\/wp-json\/wp\/v2\/posts"}],"about":[{"href":"https:\/\/agora.xtec.cat\/ceipfarigola-seva\/wp-json\/wp\/v2\/types\/post"}],"author":[{"embeddable":true,"href":"https:\/\/agora.xtec.cat\/ceipfarigola-seva\/wp-json\/wp\/v2\/users\/33"}],"replies":[{"embeddable":true,"href":"https:\/\/agora.xtec.cat\/ceipfarigola-seva\/wp-json\/wp\/v2\/comments?post=3738"}],"version-history":[{"count":4,"href":"https:\/\/agora.xtec.cat\/ceipfarigola-seva\/wp-json\/wp\/v2\/posts\/3738\/revisions"}],"predecessor-version":[{"id":3747,"href":"https:\/\/agora.xtec.cat\/ceipfarigola-seva\/wp-json\/wp\/v2\/posts\/3738\/revisions\/3747"}],"wp:attachment":[{"href":"https:\/\/agora.xtec.cat\/ceipfarigola-seva\/wp-json\/wp\/v2\/media?parent=3738"}],"wp:term":[{"taxonomy":"category","embeddable":true,"href":"https:\/\/agora.xtec.cat\/ceipfarigola-seva\/wp-json\/wp\/v2\/categories?post=3738"},{"taxonomy":"post_tag","embeddable":true,"href":"https:\/\/agora.xtec.cat\/ceipfarigola-seva\/wp-json\/wp\/v2\/tags?post=3738"}],"curies":[{"name":"wp","href":"https:\/\/api.w.org\/{rel}","templated":true}]}}