{"id":3669,"date":"2023-01-27T21:39:04","date_gmt":"2023-01-27T20:39:04","guid":{"rendered":"https:\/\/agora.xtec.cat\/ceipfarigola-seva\/?p=3669"},"modified":"2023-03-20T16:43:19","modified_gmt":"2023-03-20T15:43:19","slug":"entorn-laigua","status":"publish","type":"post","link":"https:\/\/agora.xtec.cat\/ceipfarigola-seva\/general\/entorn-laigua\/","title":{"rendered":"Entorn, l&#8217;aigua!"},"content":{"rendered":"<p>Fam\u00edlies,<br \/>\nAquest trimestre a la comunitat de petits\/es, estem engrescats amb el tema de l&#8217;aigua, ens anem adonant de la seva import\u00e0ncia i de la sequera actual que vivim. Per fer-ho, els divendres d&#8217;entorn, estem visitant diferents punts d&#8217;aigua que hi ha al poble i voltants. Hem anat a la bassa de Sant Antoni, la dels Sors i la de can Vives. Tamb\u00e9 hem anat a veure les fonts del centre del poble; la de la pla\u00e7a de l&#8217;esgl\u00e9sia, la del carrer de Baix, la de la casa dels Sors i la dels Sors. Aquest \u00faltim mes de mar\u00e7, hem anat a la Font de la Clavella i tamb\u00e9 hem visitat un dip\u00f2sit d&#8217;aigua. A partir de les observacions surten moltes preguntes interessants que ens generen nous reptes. Amb tot aix\u00f2, els infants fan petites investigacions relacionades amb l&#8217;entorn. Entre altres coses, aprenen a situar-se i orientar-se en el mapa, busquen la difer\u00e8ncia entre s\u00ednia i mol\u00ed, observen caus de talps i busquen com s\u00f3n les galeries que fan sota terra&#8230;<br \/>\n<a title=\"Petits, punts d'aigua\" href=\"https:\/\/www.flickr.com\/photos\/145245634@N06\/albums\/72177720305566693\" data-flickr-embed=\"true\"><img loading=\"lazy\" decoding=\"async\" src=\"https:\/\/live.staticflickr.com\/65535\/52652818656_d104c8d398.jpg\" alt=\"Petits, punts d'aigua\" width=\"500\" height=\"375\" \/><\/a><script async src=\"\/\/embedr.flickr.com\/assets\/client-code.js\" charset=\"utf-8\"><\/script><\/p>\n<p>Continuem endavant!<\/p>\n","protected":false},"excerpt":{"rendered":"<p>Fam\u00edlies, Aquest trimestre a la comunitat de petits\/es, estem engrescats amb el tema de l&#8217;aigua, ens anem adonant de la seva import\u00e0ncia i de la sequera actual que vivim. Per fer-ho, els divendres d&#8217;entorn, estem visitant diferents punts d&#8217;aigua que hi ha al poble i voltants. Hem anat a la bassa de Sant Antoni, la [&hellip;]<\/p>\n","protected":false},"author":15,"featured_media":0,"comment_status":"open","ping_status":"closed","sticky":false,"template":"","format":"standard","meta":{"_bbp_topic_count":0,"_bbp_reply_count":0,"_bbp_total_topic_count":0,"_bbp_total_reply_count":0,"_bbp_voice_count":0,"_bbp_anonymous_reply_count":0,"_bbp_topic_count_hidden":0,"_bbp_reply_count_hidden":0,"_bbp_forum_subforum_count":0,"site-sidebar-layout":"default","site-content-layout":"","ast-site-content-layout":"","site-content-style":"default","site-sidebar-style":"default","ast-global-header-display":"","ast-banner-title-visibility":"","ast-main-header-display":"","ast-hfb-above-header-display":"","ast-hfb-below-header-display":"","ast-hfb-mobile-header-display":"","site-post-title":"","ast-breadcrumbs-content":"","ast-featured-img":"","footer-sml-layout":"","theme-transparent-header-meta":"","adv-header-id-meta":"","stick-header-meta":"","header-above-stick-meta":"","header-main-stick-meta":"","header-below-stick-meta":"","astra-migrate-meta-layouts":"default","ast-page-background-enabled":"default","ast-page-background-meta":{"desktop":{"background-color":"var(--ast-global-color-4)","background-image":"","background-repeat":"repeat","background-position":"center center","background-size":"auto","background-attachment":"scroll","background-type":"","background-media":"","overlay-type":"","overlay-color":"","overlay-opacity":"","overlay-gradient":""},"tablet":{"background-color":"","background-image":"","background-repeat":"repeat","background-position":"center center","background-size":"auto","background-attachment":"scroll","background-type":"","background-media":"","overlay-type":"","overlay-color":"","overlay-opacity":"","overlay-gradient":""},"mobile":{"background-color":"","background-image":"","background-repeat":"repeat","background-position":"center center","background-size":"auto","background-attachment":"scroll","background-type":"","background-media":"","overlay-type":"","overlay-color":"","overlay-opacity":"","overlay-gradient":""}},"ast-content-background-meta":{"desktop":{"background-color":"var(--ast-global-color-5)","background-image":"","background-repeat":"repeat","background-position":"center center","background-size":"auto","background-attachment":"scroll","background-type":"","background-media":"","overlay-type":"","overlay-color":"","overlay-opacity":"","overlay-gradient":""},"tablet":{"background-color":"var(--ast-global-color-5)","background-image":"","background-repeat":"repeat","background-position":"center center","background-size":"auto","background-attachment":"scroll","background-type":"","background-media":"","overlay-type":"","overlay-color":"","overlay-opacity":"","overlay-gradient":""},"mobile":{"background-color":"var(--ast-global-color-5)","background-image":"","background-repeat":"repeat","background-position":"center center","background-size":"auto","background-attachment":"scroll","background-type":"","background-media":"","overlay-type":"","overlay-color":"","overlay-opacity":"","overlay-gradient":""}},"footnotes":""},"categories":[2,1,4],"tags":[],"class_list":["post-3669","post","type-post","status-publish","format-standard","hentry","category-petites","category-general","category-portada"],"post_mailing_queue_ids":[],"_links":{"self":[{"href":"https:\/\/agora.xtec.cat\/ceipfarigola-seva\/wp-json\/wp\/v2\/posts\/3669","targetHints":{"allow":["GET"]}}],"collection":[{"href":"https:\/\/agora.xtec.cat\/ceipfarigola-seva\/wp-json\/wp\/v2\/posts"}],"about":[{"href":"https:\/\/agora.xtec.cat\/ceipfarigola-seva\/wp-json\/wp\/v2\/types\/post"}],"author":[{"embeddable":true,"href":"https:\/\/agora.xtec.cat\/ceipfarigola-seva\/wp-json\/wp\/v2\/users\/15"}],"replies":[{"embeddable":true,"href":"https:\/\/agora.xtec.cat\/ceipfarigola-seva\/wp-json\/wp\/v2\/comments?post=3669"}],"version-history":[{"count":3,"href":"https:\/\/agora.xtec.cat\/ceipfarigola-seva\/wp-json\/wp\/v2\/posts\/3669\/revisions"}],"predecessor-version":[{"id":3748,"href":"https:\/\/agora.xtec.cat\/ceipfarigola-seva\/wp-json\/wp\/v2\/posts\/3669\/revisions\/3748"}],"wp:attachment":[{"href":"https:\/\/agora.xtec.cat\/ceipfarigola-seva\/wp-json\/wp\/v2\/media?parent=3669"}],"wp:term":[{"taxonomy":"category","embeddable":true,"href":"https:\/\/agora.xtec.cat\/ceipfarigola-seva\/wp-json\/wp\/v2\/categories?post=3669"},{"taxonomy":"post_tag","embeddable":true,"href":"https:\/\/agora.xtec.cat\/ceipfarigola-seva\/wp-json\/wp\/v2\/tags?post=3669"}],"curies":[{"name":"wp","href":"https:\/\/api.w.org\/{rel}","templated":true}]}}