{"id":3620,"date":"2022-10-17T17:51:37","date_gmt":"2022-10-17T15:51:37","guid":{"rendered":"https:\/\/agora.xtec.cat\/ceipfarigola-seva\/?p=3620"},"modified":"2022-10-17T17:51:37","modified_gmt":"2022-10-17T15:51:37","slug":"divendres-de-comunitat-octubre","status":"publish","type":"post","link":"https:\/\/agora.xtec.cat\/ceipfarigola-seva\/general\/divendres-de-comunitat-octubre\/","title":{"rendered":"Divendres de Comunitat: Octubre"},"content":{"rendered":"<p>El passat divendres vam realitzar la segona sessi\u00f3 de les tardes de comunitat.<br \/>\nVam dur a terme diferents tasques per a l&#8217;escola: manteniment de l&#8217;aquari, de la biblioteca i de l&#8217;hort, vam muntar el compostador nou i vam pintar una taula de p\u00edcnic exterior, es va ajudar amb tasques art\u00edstiques de la comunitat de petits, vam desfer una cortina que necessitem per la sala de pl\u00e0stica, vam endre\u00e7ar els cables de l&#8217;aula d&#8217;inform\u00e0tica i vam actualitzar tablets, i els delegats XESC van fer la seva primera reuni\u00f3.<br \/>\nEstem molt contents i contentes de la implicaci\u00f3 de tot l&#8217;alumnat i de l&#8217;alt nivell de responsabilitat que es respira en aquestes jornades on tots els infants i mestres treballen cooperativament per tenir una escola millor.<br \/>\n<a href=\"https:\/\/agora.xtec.cat\/ceipfarigola-seva\/wp-content\/uploads\/usu217\/2022\/10\/DIVENDRES-DE-COMUNITAT.jpg\"><img loading=\"lazy\" decoding=\"async\" src=\"https:\/\/agora.xtec.cat\/ceipfarigola-seva\/wp-content\/uploads\/usu217\/2022\/10\/DIVENDRES-DE-COMUNITAT.jpg\" alt=\"\" width=\"1414\" height=\"2000\" class=\"alignnone size-full wp-image-3621\" srcset=\"https:\/\/agora.xtec.cat\/ceipfarigola-seva\/wp-content\/uploads\/usu217\/2022\/10\/DIVENDRES-DE-COMUNITAT.jpg 1414w, https:\/\/agora.xtec.cat\/ceipfarigola-seva\/wp-content\/uploads\/usu217\/2022\/10\/DIVENDRES-DE-COMUNITAT-212x300.jpg 212w, https:\/\/agora.xtec.cat\/ceipfarigola-seva\/wp-content\/uploads\/usu217\/2022\/10\/DIVENDRES-DE-COMUNITAT-724x1024.jpg 724w, https:\/\/agora.xtec.cat\/ceipfarigola-seva\/wp-content\/uploads\/usu217\/2022\/10\/DIVENDRES-DE-COMUNITAT-768x1086.jpg 768w, https:\/\/agora.xtec.cat\/ceipfarigola-seva\/wp-content\/uploads\/usu217\/2022\/10\/DIVENDRES-DE-COMUNITAT-1086x1536.jpg 1086w\" sizes=\"auto, (max-width: 1414px) 100vw, 1414px\" \/><\/a><\/p>\n","protected":false},"excerpt":{"rendered":"<p>El passat divendres vam realitzar la segona sessi\u00f3 de les tardes de comunitat. Vam dur a terme diferents tasques per a l&#8217;escola: manteniment de l&#8217;aquari, de la biblioteca i de l&#8217;hort, vam muntar el compostador nou i vam pintar una taula de p\u00edcnic exterior, es va ajudar amb tasques art\u00edstiques de la comunitat de petits, [&hellip;]<\/p>\n","protected":false},"author":3,"featured_media":0,"comment_status":"open","ping_status":"closed","sticky":false,"template":"","format":"standard","meta":{"_bbp_topic_count":0,"_bbp_reply_count":0,"_bbp_total_topic_count":0,"_bbp_total_reply_count":0,"_bbp_voice_count":0,"_bbp_anonymous_reply_count":0,"_bbp_topic_count_hidden":0,"_bbp_reply_count_hidden":0,"_bbp_forum_subforum_count":0,"site-sidebar-layout":"default","site-content-layout":"","ast-site-content-layout":"","site-content-style":"default","site-sidebar-style":"default","ast-global-header-display":"","ast-banner-title-visibility":"","ast-main-header-display":"","ast-hfb-above-header-display":"","ast-hfb-below-header-display":"","ast-hfb-mobile-header-display":"","site-post-title":"","ast-breadcrumbs-content":"","ast-featured-img":"","footer-sml-layout":"","theme-transparent-header-meta":"","adv-header-id-meta":"","stick-header-meta":"","header-above-stick-meta":"","header-main-stick-meta":"","header-below-stick-meta":"","astra-migrate-meta-layouts":"default","ast-page-background-enabled":"default","ast-page-background-meta":{"desktop":{"background-color":"var(--ast-global-color-4)","background-image":"","background-repeat":"repeat","background-position":"center center","background-size":"auto","background-attachment":"scroll","background-type":"","background-media":"","overlay-type":"","overlay-color":"","overlay-opacity":"","overlay-gradient":""},"tablet":{"background-color":"","background-image":"","background-repeat":"repeat","background-position":"center center","background-size":"auto","background-attachment":"scroll","background-type":"","background-media":"","overlay-type":"","overlay-color":"","overlay-opacity":"","overlay-gradient":""},"mobile":{"background-color":"","background-image":"","background-repeat":"repeat","background-position":"center center","background-size":"auto","background-attachment":"scroll","background-type":"","background-media":"","overlay-type":"","overlay-color":"","overlay-opacity":"","overlay-gradient":""}},"ast-content-background-meta":{"desktop":{"background-color":"var(--ast-global-color-5)","background-image":"","background-repeat":"repeat","background-position":"center center","background-size":"auto","background-attachment":"scroll","background-type":"","background-media":"","overlay-type":"","overlay-color":"","overlay-opacity":"","overlay-gradient":""},"tablet":{"background-color":"var(--ast-global-color-5)","background-image":"","background-repeat":"repeat","background-position":"center center","background-size":"auto","background-attachment":"scroll","background-type":"","background-media":"","overlay-type":"","overlay-color":"","overlay-opacity":"","overlay-gradient":""},"mobile":{"background-color":"var(--ast-global-color-5)","background-image":"","background-repeat":"repeat","background-position":"center center","background-size":"auto","background-attachment":"scroll","background-type":"","background-media":"","overlay-type":"","overlay-color":"","overlay-opacity":"","overlay-gradient":""}},"footnotes":""},"categories":[1,4],"tags":[],"class_list":["post-3620","post","type-post","status-publish","format-standard","hentry","category-general","category-portada"],"post_mailing_queue_ids":[],"_links":{"self":[{"href":"https:\/\/agora.xtec.cat\/ceipfarigola-seva\/wp-json\/wp\/v2\/posts\/3620","targetHints":{"allow":["GET"]}}],"collection":[{"href":"https:\/\/agora.xtec.cat\/ceipfarigola-seva\/wp-json\/wp\/v2\/posts"}],"about":[{"href":"https:\/\/agora.xtec.cat\/ceipfarigola-seva\/wp-json\/wp\/v2\/types\/post"}],"author":[{"embeddable":true,"href":"https:\/\/agora.xtec.cat\/ceipfarigola-seva\/wp-json\/wp\/v2\/users\/3"}],"replies":[{"embeddable":true,"href":"https:\/\/agora.xtec.cat\/ceipfarigola-seva\/wp-json\/wp\/v2\/comments?post=3620"}],"version-history":[{"count":1,"href":"https:\/\/agora.xtec.cat\/ceipfarigola-seva\/wp-json\/wp\/v2\/posts\/3620\/revisions"}],"predecessor-version":[{"id":3622,"href":"https:\/\/agora.xtec.cat\/ceipfarigola-seva\/wp-json\/wp\/v2\/posts\/3620\/revisions\/3622"}],"wp:attachment":[{"href":"https:\/\/agora.xtec.cat\/ceipfarigola-seva\/wp-json\/wp\/v2\/media?parent=3620"}],"wp:term":[{"taxonomy":"category","embeddable":true,"href":"https:\/\/agora.xtec.cat\/ceipfarigola-seva\/wp-json\/wp\/v2\/categories?post=3620"},{"taxonomy":"post_tag","embeddable":true,"href":"https:\/\/agora.xtec.cat\/ceipfarigola-seva\/wp-json\/wp\/v2\/tags?post=3620"}],"curies":[{"name":"wp","href":"https:\/\/api.w.org\/{rel}","templated":true}]}}