{"id":3600,"date":"2022-09-30T00:40:07","date_gmt":"2022-09-29T22:40:07","guid":{"rendered":"https:\/\/agora.xtec.cat\/ceipfarigola-seva\/?p=3600"},"modified":"2022-09-30T00:40:07","modified_gmt":"2022-09-29T22:40:07","slug":"cda-delta-de-lebre-3r-dia","status":"publish","type":"post","link":"https:\/\/agora.xtec.cat\/ceipfarigola-seva\/general\/cda-delta-de-lebre-3r-dia\/","title":{"rendered":"CdA Delta de l&#8217;Ebre 3r dia"},"content":{"rendered":"<p>I com qui no vol la cosa hem arribat al tercer dia, per fer una de les activitats m\u00e9s esperades, anar amb bicicleta pel Delta.  Hem iniciat la ruta des del camp d\u2019aprenentatge on ens hem equipat amb les bicis, casc i tot el material necessari.  Ens hem dirigit  al port i des d\u2019all\u00e0 hem agafat un cam\u00ed per endinsar-nos cap  als arrossars. Hem pogut veure arr\u00f2s encara sense segar i camps segats i inundats perqu\u00e8 hi puguin habitar les aus. Els colors variaven entre marr\u00f3, groc i blav\u00f3s fent que el paisatge fos meravell\u00f3s.  Hem arribat a la llacuna de l\u2019Encanyissada, la m\u00e9s gran del Delta, i hem agafat prism\u00e0tics i telescopis terrestres per observar les aus que viuen en aquest indret.  Despr\u00e9s d\u2019una bona estona de veure i recon\u00e8ixer els ocells, hem seguit la ruta en bicicleta fins la fundaci\u00f3 Plegad\u00eds, centre de recuperaci\u00f3 d\u2019aus. Despr\u00e9s de dinar ens han ensenyat com es fa l\u2019anellament dels ocells i els hem alliberat. Tamb\u00e9 ens han fet una visita guiada per veure les aus que tenen en recuperaci\u00f3.<br \/>\nUn cop a l\u2019alberg  ens hem preparat  pel vespre que ens esperava una nit molt divertida amb l\u2019espectacle del Talent show.<br \/>\nAra nom\u00e9s ens queda un dia, per\u00f2 ja podem cantar vict\u00f2ria perqu\u00e8 hem dormit, ha fet un temps estiuenc i sense mosquits!<\/p>\n<p><a data-flickr-embed=\"true\" href=\"https:\/\/www.flickr.com\/photos\/145245634@N06\/albums\/72177720302497435\" title=\"CdA Delta de l&#x27;Ebre 3r dia\"><img loading=\"lazy\" decoding=\"async\" src=\"https:\/\/live.staticflickr.com\/65535\/52393949825_9549875061_z.jpg\" width=\"640\" height=\"480\" alt=\"CdA Delta de l&#x27;Ebre 3r dia\"><\/a><script async src=\"\/\/embedr.flickr.com\/assets\/client-code.js\" charset=\"utf-8\"><\/script><\/p>\n","protected":false},"excerpt":{"rendered":"<p>I com qui no vol la cosa hem arribat al tercer dia, per fer una de les activitats m\u00e9s esperades, anar amb bicicleta pel Delta. Hem iniciat la ruta des del camp d\u2019aprenentatge on ens hem equipat amb les bicis, casc i tot el material necessari. Ens hem dirigit al port i des d\u2019all\u00e0 hem [&hellip;]<\/p>\n","protected":false},"author":8,"featured_media":0,"comment_status":"open","ping_status":"closed","sticky":false,"template":"","format":"standard","meta":{"_bbp_topic_count":0,"_bbp_reply_count":0,"_bbp_total_topic_count":0,"_bbp_total_reply_count":0,"_bbp_voice_count":0,"_bbp_anonymous_reply_count":0,"_bbp_topic_count_hidden":0,"_bbp_reply_count_hidden":0,"_bbp_forum_subforum_count":0,"site-sidebar-layout":"default","site-content-layout":"","ast-site-content-layout":"","site-content-style":"default","site-sidebar-style":"default","ast-global-header-display":"","ast-banner-title-visibility":"","ast-main-header-display":"","ast-hfb-above-header-display":"","ast-hfb-below-header-display":"","ast-hfb-mobile-header-display":"","site-post-title":"","ast-breadcrumbs-content":"","ast-featured-img":"","footer-sml-layout":"","theme-transparent-header-meta":"","adv-header-id-meta":"","stick-header-meta":"","header-above-stick-meta":"","header-main-stick-meta":"","header-below-stick-meta":"","astra-migrate-meta-layouts":"default","ast-page-background-enabled":"default","ast-page-background-meta":{"desktop":{"background-color":"var(--ast-global-color-4)","background-image":"","background-repeat":"repeat","background-position":"center center","background-size":"auto","background-attachment":"scroll","background-type":"","background-media":"","overlay-type":"","overlay-color":"","overlay-opacity":"","overlay-gradient":""},"tablet":{"background-color":"","background-image":"","background-repeat":"repeat","background-position":"center center","background-size":"auto","background-attachment":"scroll","background-type":"","background-media":"","overlay-type":"","overlay-color":"","overlay-opacity":"","overlay-gradient":""},"mobile":{"background-color":"","background-image":"","background-repeat":"repeat","background-position":"center center","background-size":"auto","background-attachment":"scroll","background-type":"","background-media":"","overlay-type":"","overlay-color":"","overlay-opacity":"","overlay-gradient":""}},"ast-content-background-meta":{"desktop":{"background-color":"var(--ast-global-color-5)","background-image":"","background-repeat":"repeat","background-position":"center center","background-size":"auto","background-attachment":"scroll","background-type":"","background-media":"","overlay-type":"","overlay-color":"","overlay-opacity":"","overlay-gradient":""},"tablet":{"background-color":"var(--ast-global-color-5)","background-image":"","background-repeat":"repeat","background-position":"center center","background-size":"auto","background-attachment":"scroll","background-type":"","background-media":"","overlay-type":"","overlay-color":"","overlay-opacity":"","overlay-gradient":""},"mobile":{"background-color":"var(--ast-global-color-5)","background-image":"","background-repeat":"repeat","background-position":"center center","background-size":"auto","background-attachment":"scroll","background-type":"","background-media":"","overlay-type":"","overlay-color":"","overlay-opacity":"","overlay-gradient":""}},"footnotes":""},"categories":[12,1,4],"tags":[],"class_list":["post-3600","post","type-post","status-publish","format-standard","hentry","category-grans","category-general","category-portada"],"post_mailing_queue_ids":[],"_links":{"self":[{"href":"https:\/\/agora.xtec.cat\/ceipfarigola-seva\/wp-json\/wp\/v2\/posts\/3600","targetHints":{"allow":["GET"]}}],"collection":[{"href":"https:\/\/agora.xtec.cat\/ceipfarigola-seva\/wp-json\/wp\/v2\/posts"}],"about":[{"href":"https:\/\/agora.xtec.cat\/ceipfarigola-seva\/wp-json\/wp\/v2\/types\/post"}],"author":[{"embeddable":true,"href":"https:\/\/agora.xtec.cat\/ceipfarigola-seva\/wp-json\/wp\/v2\/users\/8"}],"replies":[{"embeddable":true,"href":"https:\/\/agora.xtec.cat\/ceipfarigola-seva\/wp-json\/wp\/v2\/comments?post=3600"}],"version-history":[{"count":1,"href":"https:\/\/agora.xtec.cat\/ceipfarigola-seva\/wp-json\/wp\/v2\/posts\/3600\/revisions"}],"predecessor-version":[{"id":3601,"href":"https:\/\/agora.xtec.cat\/ceipfarigola-seva\/wp-json\/wp\/v2\/posts\/3600\/revisions\/3601"}],"wp:attachment":[{"href":"https:\/\/agora.xtec.cat\/ceipfarigola-seva\/wp-json\/wp\/v2\/media?parent=3600"}],"wp:term":[{"taxonomy":"category","embeddable":true,"href":"https:\/\/agora.xtec.cat\/ceipfarigola-seva\/wp-json\/wp\/v2\/categories?post=3600"},{"taxonomy":"post_tag","embeddable":true,"href":"https:\/\/agora.xtec.cat\/ceipfarigola-seva\/wp-json\/wp\/v2\/tags?post=3600"}],"curies":[{"name":"wp","href":"https:\/\/api.w.org\/{rel}","templated":true}]}}