{"id":3594,"date":"2022-09-28T00:37:03","date_gmt":"2022-09-27T22:37:03","guid":{"rendered":"https:\/\/agora.xtec.cat\/ceipfarigola-seva\/?p=3594"},"modified":"2022-09-29T16:48:32","modified_gmt":"2022-09-29T14:48:32","slug":"cda-delta-de-lebre","status":"publish","type":"post","link":"https:\/\/agora.xtec.cat\/ceipfarigola-seva\/general\/cda-delta-de-lebre\/","title":{"rendered":"CdA Delta de l&#8217;Ebre"},"content":{"rendered":"<p>Avui dimarts 27 de setembre, i despr\u00e9s de fer un llarg viatge de gaireb\u00e9 3 hores hem arribat amb moltes ganes i energia al Delta.<br \/>\nQuan hem arribat ens hem instal\u00b7lat a les habitacions que ens han agradat molt, son c\u00f2modes, amples i tenim tota la casa per nosaltres! Els monitors ens han explicat el funcionament de les activitats que farem i ens han ensenyat l&#8217;entorn de la casa i els jocs que podem fer.<\/p>\n<p>Ens esperava un bon dinar (macarrons i pollastre) i tot seguit hem fet la primera activitat, un escaperoom per con\u00e8ixer la R\u00e0pita. Ens han repartit en grups de 6 i amb les instruccions d&#8217;uns pl\u00e0nols, hem anat seguint unes pistes on hav\u00edem de desxifrar un codi secret. Per arribar a cada punt, hem demanat ajuda a gent del poble i hem conegut diferents indrets hist\u00f2rics com el convent, el mercat, el port&#8230; Amb cooperaci\u00f3 de tots els grups hem aconseguit el nostre objectiu, obrir unes caixes tancades amb candaus i descobrir qu\u00e8 s&#8217;amaga darrere l&#8217;escut de la ciutat.<br \/>\nCom que ens ha fet un temps fant\u00e0stic, hem fet all\u00f2 que tots els nens i nenes esperaven, un bany a la platja i jugar amb la sorra. Hem fet unes construccions incre\u00efbles!<br \/>\nPer acabar d&#8217;arrodonir el dia hem fet un joc de nit, ens ho hem passat la mar de b\u00e9. Dem\u00e0 m\u00e9s&#8230;<\/p>\n<p><a title=\"CdA Delta de l'Ebre 1r dia\" href=\"https:\/\/www.flickr.com\/photos\/145245634@N06\/albums\/72177720302456484\" data-flickr-embed=\"true\"><img loading=\"lazy\" decoding=\"async\" src=\"https:\/\/live.staticflickr.com\/65535\/52389451045_b68c56770c_z.jpg\" alt=\"CdA Delta de l'Ebre 1r dia\" width=\"640\" height=\"480\" \/><\/a><script async src=\"\/\/embedr.flickr.com\/assets\/client-code.js\" charset=\"utf-8\"><\/script><\/p>\n","protected":false},"excerpt":{"rendered":"<p>Avui dimarts 27 de setembre, i despr\u00e9s de fer un llarg viatge de gaireb\u00e9 3 hores hem arribat amb moltes ganes i energia al Delta. Quan hem arribat ens hem instal\u00b7lat a les habitacions que ens han agradat molt, son c\u00f2modes, amples i tenim tota la casa per nosaltres! Els monitors ens han explicat el [&hellip;]<\/p>\n","protected":false},"author":8,"featured_media":0,"comment_status":"open","ping_status":"closed","sticky":false,"template":"","format":"standard","meta":{"_bbp_topic_count":0,"_bbp_reply_count":0,"_bbp_total_topic_count":0,"_bbp_total_reply_count":0,"_bbp_voice_count":0,"_bbp_anonymous_reply_count":0,"_bbp_topic_count_hidden":0,"_bbp_reply_count_hidden":0,"_bbp_forum_subforum_count":0,"site-sidebar-layout":"default","site-content-layout":"","ast-site-content-layout":"","site-content-style":"default","site-sidebar-style":"default","ast-global-header-display":"","ast-banner-title-visibility":"","ast-main-header-display":"","ast-hfb-above-header-display":"","ast-hfb-below-header-display":"","ast-hfb-mobile-header-display":"","site-post-title":"","ast-breadcrumbs-content":"","ast-featured-img":"","footer-sml-layout":"","theme-transparent-header-meta":"","adv-header-id-meta":"","stick-header-meta":"","header-above-stick-meta":"","header-main-stick-meta":"","header-below-stick-meta":"","astra-migrate-meta-layouts":"default","ast-page-background-enabled":"default","ast-page-background-meta":{"desktop":{"background-color":"var(--ast-global-color-4)","background-image":"","background-repeat":"repeat","background-position":"center center","background-size":"auto","background-attachment":"scroll","background-type":"","background-media":"","overlay-type":"","overlay-color":"","overlay-opacity":"","overlay-gradient":""},"tablet":{"background-color":"","background-image":"","background-repeat":"repeat","background-position":"center center","background-size":"auto","background-attachment":"scroll","background-type":"","background-media":"","overlay-type":"","overlay-color":"","overlay-opacity":"","overlay-gradient":""},"mobile":{"background-color":"","background-image":"","background-repeat":"repeat","background-position":"center center","background-size":"auto","background-attachment":"scroll","background-type":"","background-media":"","overlay-type":"","overlay-color":"","overlay-opacity":"","overlay-gradient":""}},"ast-content-background-meta":{"desktop":{"background-color":"var(--ast-global-color-5)","background-image":"","background-repeat":"repeat","background-position":"center center","background-size":"auto","background-attachment":"scroll","background-type":"","background-media":"","overlay-type":"","overlay-color":"","overlay-opacity":"","overlay-gradient":""},"tablet":{"background-color":"var(--ast-global-color-5)","background-image":"","background-repeat":"repeat","background-position":"center center","background-size":"auto","background-attachment":"scroll","background-type":"","background-media":"","overlay-type":"","overlay-color":"","overlay-opacity":"","overlay-gradient":""},"mobile":{"background-color":"var(--ast-global-color-5)","background-image":"","background-repeat":"repeat","background-position":"center center","background-size":"auto","background-attachment":"scroll","background-type":"","background-media":"","overlay-type":"","overlay-color":"","overlay-opacity":"","overlay-gradient":""}},"footnotes":""},"categories":[12,1,4],"tags":[],"class_list":["post-3594","post","type-post","status-publish","format-standard","hentry","category-grans","category-general","category-portada"],"post_mailing_queue_ids":[],"_links":{"self":[{"href":"https:\/\/agora.xtec.cat\/ceipfarigola-seva\/wp-json\/wp\/v2\/posts\/3594","targetHints":{"allow":["GET"]}}],"collection":[{"href":"https:\/\/agora.xtec.cat\/ceipfarigola-seva\/wp-json\/wp\/v2\/posts"}],"about":[{"href":"https:\/\/agora.xtec.cat\/ceipfarigola-seva\/wp-json\/wp\/v2\/types\/post"}],"author":[{"embeddable":true,"href":"https:\/\/agora.xtec.cat\/ceipfarigola-seva\/wp-json\/wp\/v2\/users\/8"}],"replies":[{"embeddable":true,"href":"https:\/\/agora.xtec.cat\/ceipfarigola-seva\/wp-json\/wp\/v2\/comments?post=3594"}],"version-history":[{"count":3,"href":"https:\/\/agora.xtec.cat\/ceipfarigola-seva\/wp-json\/wp\/v2\/posts\/3594\/revisions"}],"predecessor-version":[{"id":3599,"href":"https:\/\/agora.xtec.cat\/ceipfarigola-seva\/wp-json\/wp\/v2\/posts\/3594\/revisions\/3599"}],"wp:attachment":[{"href":"https:\/\/agora.xtec.cat\/ceipfarigola-seva\/wp-json\/wp\/v2\/media?parent=3594"}],"wp:term":[{"taxonomy":"category","embeddable":true,"href":"https:\/\/agora.xtec.cat\/ceipfarigola-seva\/wp-json\/wp\/v2\/categories?post=3594"},{"taxonomy":"post_tag","embeddable":true,"href":"https:\/\/agora.xtec.cat\/ceipfarigola-seva\/wp-json\/wp\/v2\/tags?post=3594"}],"curies":[{"name":"wp","href":"https:\/\/api.w.org\/{rel}","templated":true}]}}