{"id":3568,"date":"2022-09-23T12:51:39","date_gmt":"2022-09-23T10:51:39","guid":{"rendered":"https:\/\/agora.xtec.cat\/ceipfarigola-seva\/?p=3568"},"modified":"2022-09-23T12:58:51","modified_gmt":"2022-09-23T10:58:51","slug":"tercer-i-ultim-dia-a-juneda-comunitat-de-mitjans","status":"publish","type":"post","link":"https:\/\/agora.xtec.cat\/ceipfarigola-seva\/general\/tercer-i-ultim-dia-a-juneda-comunitat-de-mitjans\/","title":{"rendered":"Tercer i \u00faltim dia a Juneda, Comunitat de Mitjans"},"content":{"rendered":"<p>Bon dia fam\u00edlies i amics,<\/p>\n<p>Avui ja hem fet el nostre \u00faltim dia al camp d&#8217;aprenentatge. No per ser l&#8217;\u00faltim ha sigut menys intens. <\/p>\n<p>Hem comen\u00e7at fent motxilles abans d&#8217;anar a esmorzar i alguns han agafat una bona gana, ja que hi havia coses escampades per tot arreu. Finalment hem aconseguit tancar-ho tot, algunes amb m\u00e9s estil que d&#8217;altres, i hem anat a esmorzar. <\/p>\n<p>Despr\u00e9s d&#8217;esmorzar hem comen\u00e7at les tasques.<\/p>\n<p>Els de 1r i 2n hem anat a la Granja: hem alimentat les vaques, les cabres i les gallines. Hem netejat la cort de les vaques, buff quina feinada. Alg\u00fa ha caigut de cul a terra, perqu\u00e8 all\u00f2 patinava de valent. Per\u00f2 ho hem deixat s\u00faper net. Hem recollit els ous dels diferents galliners, tamb\u00e9 hem vist una baralla de galls que ens ha espantat una mica i finalment hem anat a veure els diferents pollets. Hem obert la incubadora i hem pogut observar els pollets nascuts durant aquesta nit. Aquests no els hem pogut tocar, per\u00f2 si que ens han deixat tocar molta estona uns pollets que tenien de 2 a 4 dies. Eren supertovets i bonics.<\/p>\n<p>Els de 3r durant el mat\u00ed hem fet el taller de transformaci\u00f3 de la farina. Hem fet el pa que menjarem per dinar i una figureta que ens endurem cap a casa. <\/p>\n<p>Despr\u00e9s de dinar ja carregarem motxilles i agafarem l&#8217;autocar fins a Seva!!! Fins ara.<\/p>\n<p><a data-flickr-embed=\"true\" href=\"https:\/\/www.flickr.com\/photos\/145245634@N06\/albums\/72177720302333878\" title=\"CdA Juneda divendres\"><img loading=\"lazy\" decoding=\"async\" src=\"https:\/\/live.staticflickr.com\/65535\/52377202557_0d69685f2f.jpg\" width=\"640\" height=\"480\" alt=\"CdA Juneda divendres\"><\/a><script async src=\"\/\/embedr.flickr.com\/assets\/client-code.js\" charset=\"utf-8\"><\/script><\/p>\n","protected":false},"excerpt":{"rendered":"<p>Bon dia fam\u00edlies i amics, Avui ja hem fet el nostre \u00faltim dia al camp d&#8217;aprenentatge. No per ser l&#8217;\u00faltim ha sigut menys intens. Hem comen\u00e7at fent motxilles abans d&#8217;anar a esmorzar i alguns han agafat una bona gana, ja que hi havia coses escampades per tot arreu. Finalment hem aconseguit tancar-ho tot, algunes amb [&hellip;]<\/p>\n","protected":false},"author":3,"featured_media":0,"comment_status":"open","ping_status":"closed","sticky":false,"template":"","format":"standard","meta":{"_bbp_topic_count":0,"_bbp_reply_count":0,"_bbp_total_topic_count":0,"_bbp_total_reply_count":0,"_bbp_voice_count":0,"_bbp_anonymous_reply_count":0,"_bbp_topic_count_hidden":0,"_bbp_reply_count_hidden":0,"_bbp_forum_subforum_count":0,"site-sidebar-layout":"default","site-content-layout":"","ast-site-content-layout":"","site-content-style":"default","site-sidebar-style":"default","ast-global-header-display":"","ast-banner-title-visibility":"","ast-main-header-display":"","ast-hfb-above-header-display":"","ast-hfb-below-header-display":"","ast-hfb-mobile-header-display":"","site-post-title":"","ast-breadcrumbs-content":"","ast-featured-img":"","footer-sml-layout":"","theme-transparent-header-meta":"","adv-header-id-meta":"","stick-header-meta":"","header-above-stick-meta":"","header-main-stick-meta":"","header-below-stick-meta":"","astra-migrate-meta-layouts":"default","ast-page-background-enabled":"default","ast-page-background-meta":{"desktop":{"background-color":"var(--ast-global-color-4)","background-image":"","background-repeat":"repeat","background-position":"center center","background-size":"auto","background-attachment":"scroll","background-type":"","background-media":"","overlay-type":"","overlay-color":"","overlay-opacity":"","overlay-gradient":""},"tablet":{"background-color":"","background-image":"","background-repeat":"repeat","background-position":"center center","background-size":"auto","background-attachment":"scroll","background-type":"","background-media":"","overlay-type":"","overlay-color":"","overlay-opacity":"","overlay-gradient":""},"mobile":{"background-color":"","background-image":"","background-repeat":"repeat","background-position":"center center","background-size":"auto","background-attachment":"scroll","background-type":"","background-media":"","overlay-type":"","overlay-color":"","overlay-opacity":"","overlay-gradient":""}},"ast-content-background-meta":{"desktop":{"background-color":"var(--ast-global-color-5)","background-image":"","background-repeat":"repeat","background-position":"center center","background-size":"auto","background-attachment":"scroll","background-type":"","background-media":"","overlay-type":"","overlay-color":"","overlay-opacity":"","overlay-gradient":""},"tablet":{"background-color":"var(--ast-global-color-5)","background-image":"","background-repeat":"repeat","background-position":"center center","background-size":"auto","background-attachment":"scroll","background-type":"","background-media":"","overlay-type":"","overlay-color":"","overlay-opacity":"","overlay-gradient":""},"mobile":{"background-color":"var(--ast-global-color-5)","background-image":"","background-repeat":"repeat","background-position":"center center","background-size":"auto","background-attachment":"scroll","background-type":"","background-media":"","overlay-type":"","overlay-color":"","overlay-opacity":"","overlay-gradient":""}},"footnotes":""},"categories":[109,8,10,3,1,4],"tags":[],"class_list":["post-3568","post","type-post","status-publish","format-standard","hentry","category-1r","category-2n","category-3r","category-mitjanes","category-general","category-portada"],"post_mailing_queue_ids":[],"_links":{"self":[{"href":"https:\/\/agora.xtec.cat\/ceipfarigola-seva\/wp-json\/wp\/v2\/posts\/3568","targetHints":{"allow":["GET"]}}],"collection":[{"href":"https:\/\/agora.xtec.cat\/ceipfarigola-seva\/wp-json\/wp\/v2\/posts"}],"about":[{"href":"https:\/\/agora.xtec.cat\/ceipfarigola-seva\/wp-json\/wp\/v2\/types\/post"}],"author":[{"embeddable":true,"href":"https:\/\/agora.xtec.cat\/ceipfarigola-seva\/wp-json\/wp\/v2\/users\/3"}],"replies":[{"embeddable":true,"href":"https:\/\/agora.xtec.cat\/ceipfarigola-seva\/wp-json\/wp\/v2\/comments?post=3568"}],"version-history":[{"count":3,"href":"https:\/\/agora.xtec.cat\/ceipfarigola-seva\/wp-json\/wp\/v2\/posts\/3568\/revisions"}],"predecessor-version":[{"id":3571,"href":"https:\/\/agora.xtec.cat\/ceipfarigola-seva\/wp-json\/wp\/v2\/posts\/3568\/revisions\/3571"}],"wp:attachment":[{"href":"https:\/\/agora.xtec.cat\/ceipfarigola-seva\/wp-json\/wp\/v2\/media?parent=3568"}],"wp:term":[{"taxonomy":"category","embeddable":true,"href":"https:\/\/agora.xtec.cat\/ceipfarigola-seva\/wp-json\/wp\/v2\/categories?post=3568"},{"taxonomy":"post_tag","embeddable":true,"href":"https:\/\/agora.xtec.cat\/ceipfarigola-seva\/wp-json\/wp\/v2\/tags?post=3568"}],"curies":[{"name":"wp","href":"https:\/\/api.w.org\/{rel}","templated":true}]}}