{"id":3560,"date":"2022-09-22T19:28:57","date_gmt":"2022-09-22T17:28:57","guid":{"rendered":"https:\/\/agora.xtec.cat\/ceipfarigola-seva\/?p=3560"},"modified":"2022-09-26T15:58:44","modified_gmt":"2022-09-26T13:58:44","slug":"segon-dia-a-juneda-comunitat-de-mitjans","status":"publish","type":"post","link":"https:\/\/agora.xtec.cat\/ceipfarigola-seva\/general\/segon-dia-a-juneda-comunitat-de-mitjans\/","title":{"rendered":"Segon dia a Juneda, Comunitat de Mitjans"},"content":{"rendered":"<p>Benvolgudes fam\u00edlies i seguidors\/es del bloc,<\/p>\n<p>Avui hem tingut un dia ben ple d&#8217;activitats. Comencem el relat.<\/p>\n<p>Aquesta nit hem descansat for\u00e7a, a alguns i algunes els va costar una mica agafar el son, per\u00f2\u00a0 finalment tothom ha caigut rendit. Com que l&#8217;esmorzar \u00e9s a 1\/4 de 9, i a les 8.00 ja han de parar taula els encarregats, ens hem llevat d&#8217;hora. M\u00e9s de vint haur\u00edem dormit una mica m\u00e9s.<\/p>\n<p>La primera sorpresa ha sigut a l&#8217;hora d&#8217;esmorzar. Ens han donat la mantega que ahir els de 3r van preparar. Era bon\u00edssima!!!<\/p>\n<p>Un cop esmorzats ens hem posat en grups i hem fet tasques diferents.<\/p>\n<p>Els de 1r i 2n hem anat al taller de transformaci\u00f3 d&#8217;aliments i hem fet pa. Hem hagut de pesar farina, afegir-hi aigua, sal i llevat fresc. Tot ben exacte per tal que el pa sort\u00eds perfecte. Hem amassat, hem deixat cr\u00e9ixer la massa i finalment hem donat forma als panets de pa. Tamb\u00e9 hem preparat una petita sorpresa que ens endurem cap a Seva.<\/p>\n<p>Finalment hem enfornat els panets i han sigut el nostre pa del dinar. Ni us podeu imaginar la bona olor que feien, i de gust espectaculars!!! A m\u00e9s a m\u00e9s de pa, hem dinat llenties i les mandonguilles de pollastre que ahir els de 3r van elaborar.<\/p>\n<p>Despr\u00e9s de dinar i tenir temps lliure hem tornat al taller, per\u00f2 no al de pa, si n\u00f3 al de transformaci\u00f3 de la llet. I hem fet desnatat la llet de vaca amb el desnatador i hem fet mantega. Igual que els nostres companys ahir. Avui ja sabem quin ser\u00e0 el nostre esmorzar de dem\u00e0.<\/p>\n<p>Els de 3r al mat\u00ed hem fet el taller de granja i ens ha encantat. Primer hem anat a munyir les vaques; ho hem fet a m\u00e0 i amb la mugronera. Despr\u00e9s hem anat a netejar el recinte de les vaques i amb pales i els carretons hem portat la seva caca cap al lloc on es convertir\u00e0 en compostatge. Tot seguit hem anat a donar menjar a la Candela, que \u00e9s una euga. Tamb\u00e9 hem anat a veure tres ovelles amb els seus petits acabats de n\u00e9ixer fa molt poc. Hem donat menjar al marr\u00e0 i a les cabres, tamb\u00e9 a les gallines. A aquestes \u00faltimes, que n&#8217;hi ha de 3 tipus, els hi hem agafat els ous i ens han ensenyat com les podem adormir en uns segons. Hem acabat al taller on hi ha la incubadora i hem vist pollets nascuts avui mateix i n&#8217;hem pogut agafar alguns que tenien pocs dies. Ha estat una experi\u00e8ncia molt xula!<\/p>\n<p>A la tarda hem anat al taller de l&#8217;hort i ens hem distribu\u00eft en diferents tasques: portar la terra adobada al camp, escampar-la, collir les males herbes, collir tom\u00e0quets madurs i cirerols, plantar escaroles i un tipus de br\u00f2quil. Hem acabat el taller menjant-nos una s\u00edndria; bon\u00edssima, molt gustosa i ben sucosa.<\/p>\n<p>Avui els de 3r s&#8217;han dutxat, que com que han fet granja volem que facin bona olor al nostre costat. Ara tenim temps per jugar i gaudir d&#8217;aquest espectacular entorn.<\/p>\n<p>Avui despr\u00e9s de sopar ens espera un joc de nit i disco!!! Esperem que les piles ens durin fins a la nit, que ja es comen\u00e7a a notar el cansament de tanta activitat.<\/p>\n<p>Ad\u00e9u fam\u00edlies i amics, ens veiem dem\u00e0!!!<\/p>\n<p>&nbsp;<\/p>\n<p><a title=\"CdA Juneda dijous\" href=\"https:\/\/www.flickr.com\/photos\/145245634@N06\/albums\/72177720302289305\" data-flickr-embed=\"true\"><img loading=\"lazy\" decoding=\"async\" src=\"https:\/\/live.staticflickr.com\/65535\/52376421809_9a8aa63c94.jpg\" alt=\"CdA Juneda dijous\" width=\"640\" height=\"480\" \/><\/a><script async src=\"\/\/embedr.flickr.com\/assets\/client-code.js\" charset=\"utf-8\"><\/script><\/p>\n","protected":false},"excerpt":{"rendered":"<p>Benvolgudes fam\u00edlies i seguidors\/es del bloc, Avui hem tingut un dia ben ple d&#8217;activitats. Comencem el relat. Aquesta nit hem descansat for\u00e7a, a alguns i algunes els va costar una mica agafar el son, per\u00f2\u00a0 finalment tothom ha caigut rendit. Com que l&#8217;esmorzar \u00e9s a 1\/4 de 9, i a les 8.00 ja han de [&hellip;]<\/p>\n","protected":false},"author":3,"featured_media":0,"comment_status":"open","ping_status":"closed","sticky":false,"template":"","format":"standard","meta":{"_bbp_topic_count":0,"_bbp_reply_count":0,"_bbp_total_topic_count":0,"_bbp_total_reply_count":0,"_bbp_voice_count":0,"_bbp_anonymous_reply_count":0,"_bbp_topic_count_hidden":0,"_bbp_reply_count_hidden":0,"_bbp_forum_subforum_count":0,"site-sidebar-layout":"default","site-content-layout":"","ast-site-content-layout":"","site-content-style":"default","site-sidebar-style":"default","ast-global-header-display":"","ast-banner-title-visibility":"","ast-main-header-display":"","ast-hfb-above-header-display":"","ast-hfb-below-header-display":"","ast-hfb-mobile-header-display":"","site-post-title":"","ast-breadcrumbs-content":"","ast-featured-img":"","footer-sml-layout":"","theme-transparent-header-meta":"","adv-header-id-meta":"","stick-header-meta":"","header-above-stick-meta":"","header-main-stick-meta":"","header-below-stick-meta":"","astra-migrate-meta-layouts":"default","ast-page-background-enabled":"default","ast-page-background-meta":{"desktop":{"background-color":"var(--ast-global-color-4)","background-image":"","background-repeat":"repeat","background-position":"center center","background-size":"auto","background-attachment":"scroll","background-type":"","background-media":"","overlay-type":"","overlay-color":"","overlay-opacity":"","overlay-gradient":""},"tablet":{"background-color":"","background-image":"","background-repeat":"repeat","background-position":"center center","background-size":"auto","background-attachment":"scroll","background-type":"","background-media":"","overlay-type":"","overlay-color":"","overlay-opacity":"","overlay-gradient":""},"mobile":{"background-color":"","background-image":"","background-repeat":"repeat","background-position":"center center","background-size":"auto","background-attachment":"scroll","background-type":"","background-media":"","overlay-type":"","overlay-color":"","overlay-opacity":"","overlay-gradient":""}},"ast-content-background-meta":{"desktop":{"background-color":"var(--ast-global-color-5)","background-image":"","background-repeat":"repeat","background-position":"center center","background-size":"auto","background-attachment":"scroll","background-type":"","background-media":"","overlay-type":"","overlay-color":"","overlay-opacity":"","overlay-gradient":""},"tablet":{"background-color":"var(--ast-global-color-5)","background-image":"","background-repeat":"repeat","background-position":"center center","background-size":"auto","background-attachment":"scroll","background-type":"","background-media":"","overlay-type":"","overlay-color":"","overlay-opacity":"","overlay-gradient":""},"mobile":{"background-color":"var(--ast-global-color-5)","background-image":"","background-repeat":"repeat","background-position":"center center","background-size":"auto","background-attachment":"scroll","background-type":"","background-media":"","overlay-type":"","overlay-color":"","overlay-opacity":"","overlay-gradient":""}},"footnotes":""},"categories":[109,8,10,3,1,4],"tags":[],"class_list":["post-3560","post","type-post","status-publish","format-standard","hentry","category-1r","category-2n","category-3r","category-mitjanes","category-general","category-portada"],"post_mailing_queue_ids":[],"_links":{"self":[{"href":"https:\/\/agora.xtec.cat\/ceipfarigola-seva\/wp-json\/wp\/v2\/posts\/3560","targetHints":{"allow":["GET"]}}],"collection":[{"href":"https:\/\/agora.xtec.cat\/ceipfarigola-seva\/wp-json\/wp\/v2\/posts"}],"about":[{"href":"https:\/\/agora.xtec.cat\/ceipfarigola-seva\/wp-json\/wp\/v2\/types\/post"}],"author":[{"embeddable":true,"href":"https:\/\/agora.xtec.cat\/ceipfarigola-seva\/wp-json\/wp\/v2\/users\/3"}],"replies":[{"embeddable":true,"href":"https:\/\/agora.xtec.cat\/ceipfarigola-seva\/wp-json\/wp\/v2\/comments?post=3560"}],"version-history":[{"count":3,"href":"https:\/\/agora.xtec.cat\/ceipfarigola-seva\/wp-json\/wp\/v2\/posts\/3560\/revisions"}],"predecessor-version":[{"id":3579,"href":"https:\/\/agora.xtec.cat\/ceipfarigola-seva\/wp-json\/wp\/v2\/posts\/3560\/revisions\/3579"}],"wp:attachment":[{"href":"https:\/\/agora.xtec.cat\/ceipfarigola-seva\/wp-json\/wp\/v2\/media?parent=3560"}],"wp:term":[{"taxonomy":"category","embeddable":true,"href":"https:\/\/agora.xtec.cat\/ceipfarigola-seva\/wp-json\/wp\/v2\/categories?post=3560"},{"taxonomy":"post_tag","embeddable":true,"href":"https:\/\/agora.xtec.cat\/ceipfarigola-seva\/wp-json\/wp\/v2\/tags?post=3560"}],"curies":[{"name":"wp","href":"https:\/\/api.w.org\/{rel}","templated":true}]}}