{"id":3356,"date":"2022-03-08T22:11:26","date_gmt":"2022-03-08T21:11:26","guid":{"rendered":"https:\/\/agora.xtec.cat\/ceipfarigola-seva\/?p=3356"},"modified":"2022-03-08T22:11:26","modified_gmt":"2022-03-08T21:11:26","slug":"visita-institut-6e","status":"publish","type":"post","link":"https:\/\/agora.xtec.cat\/ceipfarigola-seva\/portada\/grans\/visita-institut-6e\/","title":{"rendered":"Visita institut 6\u00e8"},"content":{"rendered":"<p>El dia 22 de febrer de 2022 els alumnes de 6\u00e8 vam anar a fer una visita guiada a l\u2019institut de Taradell, ja que el curs vinent farem 1r d\u2019ESO i molts de nosaltres anirem a estudiar all\u00e0.<\/p>\n<p>Ens van ensenyar totes les aules i la veritat \u00e9s que ens les imagin\u00e0vem m\u00e9s grans. Hi havia moltes classes on fan assignatures diferents de les que tenim a l\u2019escola, com per exemple: franc\u00e8s, socials, geografia, tecnologia, \u2026 L\u2019institut ens va semblar enorme. Tamb\u00e9 vam visitar el pati, ens pens\u00e0vem que seria m\u00e9s gran  i ens va sobtar que no hi hagu\u00e9s zones verdes, estem molt ben acostumats a jugar al pati de l\u2019escola que t\u00e9 molta herba. El que m\u00e9s ens va agradar va ser el gimn\u00e0s perqu\u00e8 \u00e9s molt gran i a m\u00e9s a m\u00e9s ens van deixar jugar a b\u00e0squet.<\/p>\n<p>Anar a visitar l\u2019institut ens va ajudar a no tenir tanta por a fer el pas de prim\u00e0ria a secund\u00e0ria. Vam marxar m\u00e9s relaxats i relaxades del que vam arribar. Recomanem fer sempre la visita a l\u2019institut per saber com \u00e9s.<\/p>\n<p>Reporters: Bernat i Jordi, alumnes de 6\u00e8.<\/p>\n<p><a data-flickr-embed=\"true\" href=\"https:\/\/www.flickr.com\/photos\/145245634@N06\/albums\/72177720297216210\" title=\"Visita institut 6\u00e8\"><img loading=\"lazy\" decoding=\"async\" src=\"https:\/\/live.staticflickr.com\/65535\/51925696987_64d6d82479_z.jpg\" width=\"640\" height=\"480\" alt=\"Visita institut 6\u00e8\"><\/a><script async src=\"\/\/embedr.flickr.com\/assets\/client-code.js\" charset=\"utf-8\"><\/script><\/p>\n","protected":false},"excerpt":{"rendered":"<p>El dia 22 de febrer de 2022 els alumnes de 6\u00e8 vam anar a fer una visita guiada a l\u2019institut de Taradell, ja que el curs vinent farem 1r d\u2019ESO i molts de nosaltres anirem a estudiar all\u00e0. Ens van ensenyar totes les aules i la veritat \u00e9s que ens les imagin\u00e0vem m\u00e9s grans. Hi [&hellip;]<\/p>\n","protected":false},"author":8,"featured_media":0,"comment_status":"open","ping_status":"closed","sticky":false,"template":"","format":"standard","meta":{"_bbp_topic_count":0,"_bbp_reply_count":0,"_bbp_total_topic_count":0,"_bbp_total_reply_count":0,"_bbp_voice_count":0,"_bbp_anonymous_reply_count":0,"_bbp_topic_count_hidden":0,"_bbp_reply_count_hidden":0,"_bbp_forum_subforum_count":0,"site-sidebar-layout":"default","site-content-layout":"","ast-site-content-layout":"","site-content-style":"default","site-sidebar-style":"default","ast-global-header-display":"","ast-banner-title-visibility":"","ast-main-header-display":"","ast-hfb-above-header-display":"","ast-hfb-below-header-display":"","ast-hfb-mobile-header-display":"","site-post-title":"","ast-breadcrumbs-content":"","ast-featured-img":"","footer-sml-layout":"","theme-transparent-header-meta":"","adv-header-id-meta":"","stick-header-meta":"","header-above-stick-meta":"","header-main-stick-meta":"","header-below-stick-meta":"","astra-migrate-meta-layouts":"default","ast-page-background-enabled":"default","ast-page-background-meta":{"desktop":{"background-color":"var(--ast-global-color-4)","background-image":"","background-repeat":"repeat","background-position":"center center","background-size":"auto","background-attachment":"scroll","background-type":"","background-media":"","overlay-type":"","overlay-color":"","overlay-opacity":"","overlay-gradient":""},"tablet":{"background-color":"","background-image":"","background-repeat":"repeat","background-position":"center center","background-size":"auto","background-attachment":"scroll","background-type":"","background-media":"","overlay-type":"","overlay-color":"","overlay-opacity":"","overlay-gradient":""},"mobile":{"background-color":"","background-image":"","background-repeat":"repeat","background-position":"center center","background-size":"auto","background-attachment":"scroll","background-type":"","background-media":"","overlay-type":"","overlay-color":"","overlay-opacity":"","overlay-gradient":""}},"ast-content-background-meta":{"desktop":{"background-color":"var(--ast-global-color-5)","background-image":"","background-repeat":"repeat","background-position":"center center","background-size":"auto","background-attachment":"scroll","background-type":"","background-media":"","overlay-type":"","overlay-color":"","overlay-opacity":"","overlay-gradient":""},"tablet":{"background-color":"var(--ast-global-color-5)","background-image":"","background-repeat":"repeat","background-position":"center center","background-size":"auto","background-attachment":"scroll","background-type":"","background-media":"","overlay-type":"","overlay-color":"","overlay-opacity":"","overlay-gradient":""},"mobile":{"background-color":"var(--ast-global-color-5)","background-image":"","background-repeat":"repeat","background-position":"center center","background-size":"auto","background-attachment":"scroll","background-type":"","background-media":"","overlay-type":"","overlay-color":"","overlay-opacity":"","overlay-gradient":""}},"footnotes":""},"categories":[12],"tags":[],"class_list":["post-3356","post","type-post","status-publish","format-standard","hentry","category-grans"],"post_mailing_queue_ids":[],"_links":{"self":[{"href":"https:\/\/agora.xtec.cat\/ceipfarigola-seva\/wp-json\/wp\/v2\/posts\/3356","targetHints":{"allow":["GET"]}}],"collection":[{"href":"https:\/\/agora.xtec.cat\/ceipfarigola-seva\/wp-json\/wp\/v2\/posts"}],"about":[{"href":"https:\/\/agora.xtec.cat\/ceipfarigola-seva\/wp-json\/wp\/v2\/types\/post"}],"author":[{"embeddable":true,"href":"https:\/\/agora.xtec.cat\/ceipfarigola-seva\/wp-json\/wp\/v2\/users\/8"}],"replies":[{"embeddable":true,"href":"https:\/\/agora.xtec.cat\/ceipfarigola-seva\/wp-json\/wp\/v2\/comments?post=3356"}],"version-history":[{"count":1,"href":"https:\/\/agora.xtec.cat\/ceipfarigola-seva\/wp-json\/wp\/v2\/posts\/3356\/revisions"}],"predecessor-version":[{"id":3357,"href":"https:\/\/agora.xtec.cat\/ceipfarigola-seva\/wp-json\/wp\/v2\/posts\/3356\/revisions\/3357"}],"wp:attachment":[{"href":"https:\/\/agora.xtec.cat\/ceipfarigola-seva\/wp-json\/wp\/v2\/media?parent=3356"}],"wp:term":[{"taxonomy":"category","embeddable":true,"href":"https:\/\/agora.xtec.cat\/ceipfarigola-seva\/wp-json\/wp\/v2\/categories?post=3356"},{"taxonomy":"post_tag","embeddable":true,"href":"https:\/\/agora.xtec.cat\/ceipfarigola-seva\/wp-json\/wp\/v2\/tags?post=3356"}],"curies":[{"name":"wp","href":"https:\/\/api.w.org\/{rel}","templated":true}]}}