{"id":3354,"date":"2022-03-08T13:33:00","date_gmt":"2022-03-08T12:33:00","guid":{"rendered":"https:\/\/agora.xtec.cat\/ceipfarigola-seva\/?p=3354"},"modified":"2022-03-08T13:33:00","modified_gmt":"2022-03-08T12:33:00","slug":"taller-de-gegants","status":"publish","type":"post","link":"https:\/\/agora.xtec.cat\/ceipfarigola-seva\/general\/taller-de-gegants\/","title":{"rendered":"Taller de Gegants"},"content":{"rendered":"<p>Fam\u00edlies,<br \/>\nEl passat dimecres vam anar a Granollers al Taller de Construcci\u00f3 de Gegants Sarandaca, aprofitant que aquest trimestre hem estat engrescats amb aquest tema. Ha estat molt interessant descobrir una fam\u00edlia d&#8217;aut\u00e8ntics artistes (escultors, m\u00fasics, modistes&#8230;)!<br \/>\nA l&#8217;hora de dinar i per passar la tarda, vam anar a explorar el parc del Falgar de les Franqueses i vam gaudir en comunitat!<br \/>\nUs enlla\u00e7em els \u00e0lbums de fotos.<\/p>\n<p>ROMAN\u00cd TALLER<br \/>\n<a title=\"ROMAN\u00cd : TALLER DE GEGANTS\" href=\"https:\/\/www.flickr.com\/photos\/145245634@N06\/albums\/72177720297210343\" data-flickr-embed=\"true\"><img loading=\"lazy\" decoding=\"async\" src=\"https:\/\/live.staticflickr.com\/65535\/51926086414_63f89aa6a1.jpg\" alt=\"ROMAN\u00cd : TALLER DE GEGANTS\" width=\"640\" height=\"480\" \/><\/a><script async src=\"\/\/embedr.flickr.com\/assets\/client-code.js\" charset=\"utf-8\"><\/script><br \/>\nMENTA TALLER<br \/>\n<a title=\"MENTA: TALLER DE GEGANTS\" href=\"https:\/\/www.flickr.com\/photos\/145245634@N06\/albums\/72177720297205937\" data-flickr-embed=\"true\"><img loading=\"lazy\" decoding=\"async\" src=\"https:\/\/live.staticflickr.com\/65535\/51925766511_8341f6ef4e_z.jpg\" alt=\"MENTA: TALLER DE GEGANTS\" width=\"640\" height=\"480\" \/><\/a><script async src=\"\/\/embedr.flickr.com\/assets\/client-code.js\" charset=\"utf-8\"><\/script><br \/>\nPARC DEL FALGAR<br \/>\n<a title=\"PETITS PARC DEL FALGAR\" href=\"https:\/\/www.flickr.com\/photos\/145245634@N06\/albums\/72177720297210673\" data-flickr-embed=\"true\"><img loading=\"lazy\" decoding=\"async\" src=\"https:\/\/live.staticflickr.com\/65535\/51924795627_ece318316c_z.jpg\" alt=\"PETITS PARC DEL FALGAR\" width=\"640\" height=\"480\" \/><\/a><script async src=\"\/\/embedr.flickr.com\/assets\/client-code.js\" charset=\"utf-8\"><\/script><\/p>\n","protected":false},"excerpt":{"rendered":"<p>Fam\u00edlies, El passat dimecres vam anar a Granollers al Taller de Construcci\u00f3 de Gegants Sarandaca, aprofitant que aquest trimestre hem estat engrescats amb aquest tema. Ha estat molt interessant descobrir una fam\u00edlia d&#8217;aut\u00e8ntics artistes (escultors, m\u00fasics, modistes&#8230;)! A l&#8217;hora de dinar i per passar la tarda, vam anar a explorar el parc del Falgar de [&hellip;]<\/p>\n","protected":false},"author":15,"featured_media":0,"comment_status":"open","ping_status":"closed","sticky":false,"template":"","format":"standard","meta":{"_bbp_topic_count":0,"_bbp_reply_count":0,"_bbp_total_topic_count":0,"_bbp_total_reply_count":0,"_bbp_voice_count":0,"_bbp_anonymous_reply_count":0,"_bbp_topic_count_hidden":0,"_bbp_reply_count_hidden":0,"_bbp_forum_subforum_count":0,"site-sidebar-layout":"default","site-content-layout":"","ast-site-content-layout":"","site-content-style":"default","site-sidebar-style":"default","ast-global-header-display":"","ast-banner-title-visibility":"","ast-main-header-display":"","ast-hfb-above-header-display":"","ast-hfb-below-header-display":"","ast-hfb-mobile-header-display":"","site-post-title":"","ast-breadcrumbs-content":"","ast-featured-img":"","footer-sml-layout":"","theme-transparent-header-meta":"","adv-header-id-meta":"","stick-header-meta":"","header-above-stick-meta":"","header-main-stick-meta":"","header-below-stick-meta":"","astra-migrate-meta-layouts":"default","ast-page-background-enabled":"default","ast-page-background-meta":{"desktop":{"background-color":"var(--ast-global-color-4)","background-image":"","background-repeat":"repeat","background-position":"center center","background-size":"auto","background-attachment":"scroll","background-type":"","background-media":"","overlay-type":"","overlay-color":"","overlay-opacity":"","overlay-gradient":""},"tablet":{"background-color":"","background-image":"","background-repeat":"repeat","background-position":"center center","background-size":"auto","background-attachment":"scroll","background-type":"","background-media":"","overlay-type":"","overlay-color":"","overlay-opacity":"","overlay-gradient":""},"mobile":{"background-color":"","background-image":"","background-repeat":"repeat","background-position":"center center","background-size":"auto","background-attachment":"scroll","background-type":"","background-media":"","overlay-type":"","overlay-color":"","overlay-opacity":"","overlay-gradient":""}},"ast-content-background-meta":{"desktop":{"background-color":"var(--ast-global-color-5)","background-image":"","background-repeat":"repeat","background-position":"center center","background-size":"auto","background-attachment":"scroll","background-type":"","background-media":"","overlay-type":"","overlay-color":"","overlay-opacity":"","overlay-gradient":""},"tablet":{"background-color":"var(--ast-global-color-5)","background-image":"","background-repeat":"repeat","background-position":"center center","background-size":"auto","background-attachment":"scroll","background-type":"","background-media":"","overlay-type":"","overlay-color":"","overlay-opacity":"","overlay-gradient":""},"mobile":{"background-color":"var(--ast-global-color-5)","background-image":"","background-repeat":"repeat","background-position":"center center","background-size":"auto","background-attachment":"scroll","background-type":"","background-media":"","overlay-type":"","overlay-color":"","overlay-opacity":"","overlay-gradient":""}},"footnotes":""},"categories":[2,1],"tags":[],"class_list":["post-3354","post","type-post","status-publish","format-standard","hentry","category-petites","category-general"],"post_mailing_queue_ids":[],"_links":{"self":[{"href":"https:\/\/agora.xtec.cat\/ceipfarigola-seva\/wp-json\/wp\/v2\/posts\/3354","targetHints":{"allow":["GET"]}}],"collection":[{"href":"https:\/\/agora.xtec.cat\/ceipfarigola-seva\/wp-json\/wp\/v2\/posts"}],"about":[{"href":"https:\/\/agora.xtec.cat\/ceipfarigola-seva\/wp-json\/wp\/v2\/types\/post"}],"author":[{"embeddable":true,"href":"https:\/\/agora.xtec.cat\/ceipfarigola-seva\/wp-json\/wp\/v2\/users\/15"}],"replies":[{"embeddable":true,"href":"https:\/\/agora.xtec.cat\/ceipfarigola-seva\/wp-json\/wp\/v2\/comments?post=3354"}],"version-history":[{"count":1,"href":"https:\/\/agora.xtec.cat\/ceipfarigola-seva\/wp-json\/wp\/v2\/posts\/3354\/revisions"}],"predecessor-version":[{"id":3355,"href":"https:\/\/agora.xtec.cat\/ceipfarigola-seva\/wp-json\/wp\/v2\/posts\/3354\/revisions\/3355"}],"wp:attachment":[{"href":"https:\/\/agora.xtec.cat\/ceipfarigola-seva\/wp-json\/wp\/v2\/media?parent=3354"}],"wp:term":[{"taxonomy":"category","embeddable":true,"href":"https:\/\/agora.xtec.cat\/ceipfarigola-seva\/wp-json\/wp\/v2\/categories?post=3354"},{"taxonomy":"post_tag","embeddable":true,"href":"https:\/\/agora.xtec.cat\/ceipfarigola-seva\/wp-json\/wp\/v2\/tags?post=3354"}],"curies":[{"name":"wp","href":"https:\/\/api.w.org\/{rel}","templated":true}]}}