{"id":3287,"date":"2022-02-15T20:21:32","date_gmt":"2022-02-15T19:21:32","guid":{"rendered":"https:\/\/agora.xtec.cat\/ceipfarigola-seva\/?p=3287"},"modified":"2022-02-15T20:21:32","modified_gmt":"2022-02-15T19:21:32","slug":"sortida-taller-sarandaca","status":"publish","type":"post","link":"https:\/\/agora.xtec.cat\/ceipfarigola-seva\/portada\/grans\/sortida-taller-sarandaca\/","title":{"rendered":"Sortida Taller Sarandaca"},"content":{"rendered":"<p>El divendres 4 de febrer, els alumnes de 5\u00e8 i 6\u00e8, vam anar a veure un taller de gegants i capgrossos a Granollers. El taller es diu Sarandaca, un negoci familiar de m\u00e9s de 30 anys on hi treballa en Ram\u00f3n, la Francina i, el seu fill, en Pol. Tots ells ens van explicar que a les ciutats on tenen gegants, aquests ens mostren la hist\u00f2ria del lloc.  <\/p>\n<p>El m\u00e9s interessant va ser quan ens van ensenyar esbossos de com volien que fos el gegant abans de fer-lo i posteriorment com feien la forma amb una plataforma de ferro. Aquesta l\u2019omplien de fang i abans que s&#8217;assequ\u00e9s, amb unes eines, feien la forma de la cara i el cabell. Un cop sec i quan ja tenia forma de gegant, hi posaven guix. Seguidament, el treien i ja tenien el gegant fet. Per acabar-lo el pintaven i ho decoraven. <\/p>\n<p>Al cap d\u2019una estona, ens van ensenyar a fer una cercavila i com portar un capgr\u00f2s i un gegantet. Els instruments que tocaven per acompanyar la cercavila eren el tambor i la gralla. Finalment, vam comen\u00e7ar a ballar. Ens va agradar molt.<\/p>\n<p>Acabat el taller, vam anar al parc del Falgar, a les Franqueses del Vall\u00e8s. All\u00e0, hi vam dinar, ens vam divertit amb les construccions del parc i vam fer jocs de cohesi\u00f3 entre els dos grups de l\u2019escola.<\/p>\n<p>Periodistes: Ina i Jordi alumnes de 6\u00e8<\/p>\n<p><a data-flickr-embed=\"true\" href=\"https:\/\/www.flickr.com\/photos\/145245634@N06\/albums\/72177720296547790\" title=\"Sortida a Granollers 5&#x60;i 6\u00e8\"><img loading=\"lazy\" decoding=\"async\" src=\"https:\/\/live.staticflickr.com\/31337\/51869518167_a9735617f7_z.jpg\" width=\"640\" height=\"480\" alt=\"Sortida a Granollers 5&#x60;i 6\u00e8\"><\/a><script async src=\"\/\/embedr.flickr.com\/assets\/client-code.js\" charset=\"utf-8\"><\/script><\/p>\n","protected":false},"excerpt":{"rendered":"<p>El divendres 4 de febrer, els alumnes de 5\u00e8 i 6\u00e8, vam anar a veure un taller de gegants i capgrossos a Granollers. El taller es diu Sarandaca, un negoci familiar de m\u00e9s de 30 anys on hi treballa en Ram\u00f3n, la Francina i, el seu fill, en Pol. Tots ells ens van explicar que [&hellip;]<\/p>\n","protected":false},"author":8,"featured_media":0,"comment_status":"open","ping_status":"closed","sticky":false,"template":"","format":"standard","meta":{"_bbp_topic_count":0,"_bbp_reply_count":0,"_bbp_total_topic_count":0,"_bbp_total_reply_count":0,"_bbp_voice_count":0,"_bbp_anonymous_reply_count":0,"_bbp_topic_count_hidden":0,"_bbp_reply_count_hidden":0,"_bbp_forum_subforum_count":0,"site-sidebar-layout":"default","site-content-layout":"","ast-site-content-layout":"","site-content-style":"default","site-sidebar-style":"default","ast-global-header-display":"","ast-banner-title-visibility":"","ast-main-header-display":"","ast-hfb-above-header-display":"","ast-hfb-below-header-display":"","ast-hfb-mobile-header-display":"","site-post-title":"","ast-breadcrumbs-content":"","ast-featured-img":"","footer-sml-layout":"","theme-transparent-header-meta":"","adv-header-id-meta":"","stick-header-meta":"","header-above-stick-meta":"","header-main-stick-meta":"","header-below-stick-meta":"","astra-migrate-meta-layouts":"default","ast-page-background-enabled":"default","ast-page-background-meta":{"desktop":{"background-color":"var(--ast-global-color-4)","background-image":"","background-repeat":"repeat","background-position":"center center","background-size":"auto","background-attachment":"scroll","background-type":"","background-media":"","overlay-type":"","overlay-color":"","overlay-opacity":"","overlay-gradient":""},"tablet":{"background-color":"","background-image":"","background-repeat":"repeat","background-position":"center center","background-size":"auto","background-attachment":"scroll","background-type":"","background-media":"","overlay-type":"","overlay-color":"","overlay-opacity":"","overlay-gradient":""},"mobile":{"background-color":"","background-image":"","background-repeat":"repeat","background-position":"center center","background-size":"auto","background-attachment":"scroll","background-type":"","background-media":"","overlay-type":"","overlay-color":"","overlay-opacity":"","overlay-gradient":""}},"ast-content-background-meta":{"desktop":{"background-color":"var(--ast-global-color-5)","background-image":"","background-repeat":"repeat","background-position":"center center","background-size":"auto","background-attachment":"scroll","background-type":"","background-media":"","overlay-type":"","overlay-color":"","overlay-opacity":"","overlay-gradient":""},"tablet":{"background-color":"var(--ast-global-color-5)","background-image":"","background-repeat":"repeat","background-position":"center center","background-size":"auto","background-attachment":"scroll","background-type":"","background-media":"","overlay-type":"","overlay-color":"","overlay-opacity":"","overlay-gradient":""},"mobile":{"background-color":"var(--ast-global-color-5)","background-image":"","background-repeat":"repeat","background-position":"center center","background-size":"auto","background-attachment":"scroll","background-type":"","background-media":"","overlay-type":"","overlay-color":"","overlay-opacity":"","overlay-gradient":""}},"footnotes":""},"categories":[12],"tags":[],"class_list":["post-3287","post","type-post","status-publish","format-standard","hentry","category-grans"],"post_mailing_queue_ids":[],"_links":{"self":[{"href":"https:\/\/agora.xtec.cat\/ceipfarigola-seva\/wp-json\/wp\/v2\/posts\/3287","targetHints":{"allow":["GET"]}}],"collection":[{"href":"https:\/\/agora.xtec.cat\/ceipfarigola-seva\/wp-json\/wp\/v2\/posts"}],"about":[{"href":"https:\/\/agora.xtec.cat\/ceipfarigola-seva\/wp-json\/wp\/v2\/types\/post"}],"author":[{"embeddable":true,"href":"https:\/\/agora.xtec.cat\/ceipfarigola-seva\/wp-json\/wp\/v2\/users\/8"}],"replies":[{"embeddable":true,"href":"https:\/\/agora.xtec.cat\/ceipfarigola-seva\/wp-json\/wp\/v2\/comments?post=3287"}],"version-history":[{"count":4,"href":"https:\/\/agora.xtec.cat\/ceipfarigola-seva\/wp-json\/wp\/v2\/posts\/3287\/revisions"}],"predecessor-version":[{"id":3292,"href":"https:\/\/agora.xtec.cat\/ceipfarigola-seva\/wp-json\/wp\/v2\/posts\/3287\/revisions\/3292"}],"wp:attachment":[{"href":"https:\/\/agora.xtec.cat\/ceipfarigola-seva\/wp-json\/wp\/v2\/media?parent=3287"}],"wp:term":[{"taxonomy":"category","embeddable":true,"href":"https:\/\/agora.xtec.cat\/ceipfarigola-seva\/wp-json\/wp\/v2\/categories?post=3287"},{"taxonomy":"post_tag","embeddable":true,"href":"https:\/\/agora.xtec.cat\/ceipfarigola-seva\/wp-json\/wp\/v2\/tags?post=3287"}],"curies":[{"name":"wp","href":"https:\/\/api.w.org\/{rel}","templated":true}]}}