{"id":3220,"date":"2021-11-25T18:50:48","date_gmt":"2021-11-25T17:50:48","guid":{"rendered":"https:\/\/agora.xtec.cat\/ceipfarigola-seva\/?p=3220"},"modified":"2021-11-30T17:11:45","modified_gmt":"2021-11-30T16:11:45","slug":"25n-dia-internacional-de-la-no-violencia-envers-les-dones","status":"publish","type":"post","link":"https:\/\/agora.xtec.cat\/ceipfarigola-seva\/general\/25n-dia-internacional-de-la-no-violencia-envers-les-dones\/","title":{"rendered":"25N: Dia internacional de la no viol\u00e8ncia envers les dones"},"content":{"rendered":"<p>Aquesta tarda hem fet un acte en commemoraci\u00f3 del 25N. El dia internacional de la no viol\u00e8ncia envers les dones.<br \/>\nCada grup ha reflexionat i &#8220;representat&#8221; la seva reflexi\u00f3 a partir d&#8217;unes frases escollides per la comissi\u00f3 XESC.<br \/>\nL&#8217;acte ha estat acompanyat musicalment per alumnes de l&#8217;escola.<br \/>\nConvidem a les fam\u00edlies a participar en l&#8217;activitat de visibilitzaci\u00f3 que hem preparat a l&#8217;entrada de l&#8217;escola.<\/p>\n<p><a title=\"25 N\" href=\"https:\/\/www.flickr.com\/photos\/145245634@N06\/albums\/72157720186599627\" data-flickr-embed=\"true\"><img loading=\"lazy\" decoding=\"async\" class=\"\" src=\"https:\/\/live.staticflickr.com\/65535\/51704812849_733b17311a_b.jpg\" alt=\"25 N\" width=\"352\" height=\"264\" \/><\/a><a href=\"https:\/\/youtu.be\/zDXCFrst-pM\" target=\"_blank\" rel=\"noopener\"><img loading=\"lazy\" decoding=\"async\" class=\"wp-image-3228 alignnone\" src=\"https:\/\/agora.xtec.cat\/ceipfarigola-seva\/wp-content\/uploads\/usu217\/2021\/11\/Sense-titol-1024x571.jpg\" alt=\"\" width=\"351\" height=\"196\" srcset=\"https:\/\/agora.xtec.cat\/ceipfarigola-seva\/wp-content\/uploads\/usu217\/2021\/11\/Sense-titol-1024x571.jpg 1024w, https:\/\/agora.xtec.cat\/ceipfarigola-seva\/wp-content\/uploads\/usu217\/2021\/11\/Sense-titol-300x167.jpg 300w, https:\/\/agora.xtec.cat\/ceipfarigola-seva\/wp-content\/uploads\/usu217\/2021\/11\/Sense-titol-768x429.jpg 768w, https:\/\/agora.xtec.cat\/ceipfarigola-seva\/wp-content\/uploads\/usu217\/2021\/11\/Sense-titol.jpg 1188w\" sizes=\"auto, (max-width: 351px) 100vw, 351px\" \/><\/a><\/p>\n<p>&nbsp;<\/p>\n","protected":false},"excerpt":{"rendered":"<p>Aquesta tarda hem fet un acte en commemoraci\u00f3 del 25N. El dia internacional de la no viol\u00e8ncia envers les dones. Cada grup ha reflexionat i &#8220;representat&#8221; la seva reflexi\u00f3 a partir d&#8217;unes frases escollides per la comissi\u00f3 XESC. L&#8217;acte ha estat acompanyat musicalment per alumnes de l&#8217;escola. Convidem a les fam\u00edlies a participar en l&#8217;activitat [&hellip;]<\/p>\n","protected":false},"author":3,"featured_media":0,"comment_status":"open","ping_status":"closed","sticky":false,"template":"","format":"standard","meta":{"_bbp_topic_count":0,"_bbp_reply_count":0,"_bbp_total_topic_count":0,"_bbp_total_reply_count":0,"_bbp_voice_count":0,"_bbp_anonymous_reply_count":0,"_bbp_topic_count_hidden":0,"_bbp_reply_count_hidden":0,"_bbp_forum_subforum_count":0,"site-sidebar-layout":"default","site-content-layout":"","ast-site-content-layout":"","site-content-style":"default","site-sidebar-style":"default","ast-global-header-display":"","ast-banner-title-visibility":"","ast-main-header-display":"","ast-hfb-above-header-display":"","ast-hfb-below-header-display":"","ast-hfb-mobile-header-display":"","site-post-title":"","ast-breadcrumbs-content":"","ast-featured-img":"","footer-sml-layout":"","theme-transparent-header-meta":"","adv-header-id-meta":"","stick-header-meta":"","header-above-stick-meta":"","header-main-stick-meta":"","header-below-stick-meta":"","astra-migrate-meta-layouts":"default","ast-page-background-enabled":"default","ast-page-background-meta":{"desktop":{"background-color":"var(--ast-global-color-4)","background-image":"","background-repeat":"repeat","background-position":"center center","background-size":"auto","background-attachment":"scroll","background-type":"","background-media":"","overlay-type":"","overlay-color":"","overlay-opacity":"","overlay-gradient":""},"tablet":{"background-color":"","background-image":"","background-repeat":"repeat","background-position":"center center","background-size":"auto","background-attachment":"scroll","background-type":"","background-media":"","overlay-type":"","overlay-color":"","overlay-opacity":"","overlay-gradient":""},"mobile":{"background-color":"","background-image":"","background-repeat":"repeat","background-position":"center center","background-size":"auto","background-attachment":"scroll","background-type":"","background-media":"","overlay-type":"","overlay-color":"","overlay-opacity":"","overlay-gradient":""}},"ast-content-background-meta":{"desktop":{"background-color":"var(--ast-global-color-5)","background-image":"","background-repeat":"repeat","background-position":"center center","background-size":"auto","background-attachment":"scroll","background-type":"","background-media":"","overlay-type":"","overlay-color":"","overlay-opacity":"","overlay-gradient":""},"tablet":{"background-color":"var(--ast-global-color-5)","background-image":"","background-repeat":"repeat","background-position":"center center","background-size":"auto","background-attachment":"scroll","background-type":"","background-media":"","overlay-type":"","overlay-color":"","overlay-opacity":"","overlay-gradient":""},"mobile":{"background-color":"var(--ast-global-color-5)","background-image":"","background-repeat":"repeat","background-position":"center center","background-size":"auto","background-attachment":"scroll","background-type":"","background-media":"","overlay-type":"","overlay-color":"","overlay-opacity":"","overlay-gradient":""}},"footnotes":""},"categories":[12,3,1,4],"tags":[],"class_list":["post-3220","post","type-post","status-publish","format-standard","hentry","category-grans","category-mitjanes","category-general","category-portada"],"post_mailing_queue_ids":[],"_links":{"self":[{"href":"https:\/\/agora.xtec.cat\/ceipfarigola-seva\/wp-json\/wp\/v2\/posts\/3220","targetHints":{"allow":["GET"]}}],"collection":[{"href":"https:\/\/agora.xtec.cat\/ceipfarigola-seva\/wp-json\/wp\/v2\/posts"}],"about":[{"href":"https:\/\/agora.xtec.cat\/ceipfarigola-seva\/wp-json\/wp\/v2\/types\/post"}],"author":[{"embeddable":true,"href":"https:\/\/agora.xtec.cat\/ceipfarigola-seva\/wp-json\/wp\/v2\/users\/3"}],"replies":[{"embeddable":true,"href":"https:\/\/agora.xtec.cat\/ceipfarigola-seva\/wp-json\/wp\/v2\/comments?post=3220"}],"version-history":[{"count":4,"href":"https:\/\/agora.xtec.cat\/ceipfarigola-seva\/wp-json\/wp\/v2\/posts\/3220\/revisions"}],"predecessor-version":[{"id":3233,"href":"https:\/\/agora.xtec.cat\/ceipfarigola-seva\/wp-json\/wp\/v2\/posts\/3220\/revisions\/3233"}],"wp:attachment":[{"href":"https:\/\/agora.xtec.cat\/ceipfarigola-seva\/wp-json\/wp\/v2\/media?parent=3220"}],"wp:term":[{"taxonomy":"category","embeddable":true,"href":"https:\/\/agora.xtec.cat\/ceipfarigola-seva\/wp-json\/wp\/v2\/categories?post=3220"},{"taxonomy":"post_tag","embeddable":true,"href":"https:\/\/agora.xtec.cat\/ceipfarigola-seva\/wp-json\/wp\/v2\/tags?post=3220"}],"curies":[{"name":"wp","href":"https:\/\/api.w.org\/{rel}","templated":true}]}}