{"id":3188,"date":"2021-11-09T15:32:04","date_gmt":"2021-11-09T14:32:04","guid":{"rendered":"https:\/\/agora.xtec.cat\/ceipfarigola-seva\/?p=3188"},"modified":"2021-11-09T23:28:03","modified_gmt":"2021-11-09T22:28:03","slug":"camp-daprenentatge-de-la-prehistoria-comunitat-de-grans","status":"publish","type":"post","link":"https:\/\/agora.xtec.cat\/ceipfarigola-seva\/portada\/camp-daprenentatge-de-la-prehistoria-comunitat-de-grans\/","title":{"rendered":"Camp d&#8217;aprenentatge de la prehist\u00f2ria. Comunitat de Grans"},"content":{"rendered":"<p>Els i les\u00a0 alumnes de 4t, 5\u00e8 i 6\u00e8 estem de col\u00f2nies!!!!<\/p>\n<p>Som a la comarca de La Noguera i avui comencem una estada de 4 dies per descobrir a fons la prehist\u00f2ria. Visitarem un jaciment arqueol\u00f2gic, tallarem s\u00edlex, pintarem pintures rupestres, molinarem blat, excavarem &#8230; per\u00f2 tot aix\u00f2 ho farem mica en mica.<\/p>\n<p>Us deixem l&#8217;enlla\u00e7 a la galeria de fotos i intentarem cada dia passar una estona pel bloc i explicar-vos les novetats i el que hem apr\u00e8s.<\/p>\n<p>Molts petons a tothom,<\/p>\n<p><a title=\"Col\u00f2nies GRANS 1\" href=\"https:\/\/www.flickr.com\/photos\/145245634@N06\/albums\/72157720123505224\" data-flickr-embed=\"true\"><img loading=\"lazy\" decoding=\"async\" src=\"https:\/\/live.staticflickr.com\/65535\/51666348476_9e58ebc921_z.jpg\" alt=\"Col\u00f2nies GRANS 1\" width=\"640\" height=\"480\" \/><\/a><script async src=\"\/\/embedr.flickr.com\/assets\/client-code.js\" charset=\"utf-8\"><\/script><\/p>\n<p>Bona nit fam\u00edlies,<\/p>\n<p>el dia ens ha passat volant i no hem pogut actualitzar el bloc abans. Us fem ara un resum del primer dia.<\/p>\n<p>Hem esmorzat a St Lloren\u00e7 de Montgai, a una placeta amb unes vistes espectaculars al llac. Un cop esmorzats hem anat a l&#8217;alberg a deixar les motxilles. La nostra il\u00b7lusi\u00f3 era entrar a les habitacions, per\u00f2 no hem tingut temps. Els mestres del camp d&#8217;aprenentatge ( en Toni, la S\u00f2nia i en Sergi) ens esperaven i hem anat amb ells fins les cargoles del camp. All\u00e0 ens han explicat coses importants del poble on estem i hem parlat de l&#8217;habitatge a la prehist\u00f2ria. Hem acabat el mat\u00ed fent una petita maqueta de com eren les tendes per anar de cacera dels primers humans.<\/p>\n<p>Hem dinat llenties amb arr\u00f2s i broxetes amb patates al caliu. Despr\u00e9s de dinar vol\u00edem anar a fer-nos els llits, per\u00f2 tampoc hem tingut temps. Ens hem preparat de nou per anar al jaciment arqueol\u00f2gic de la Roca dels Bous. Veure un jaciment de deb\u00f2 on treballen arque\u00f2legs de veritat \u00e9s una passada. Ens han ensenyat diverses eines trobades all\u00e0. Tamb\u00e9 altres elements de l&#8217;\u00e8poca. El m\u00e9s flipant: un queixal de mamut!!!<\/p>\n<p>Un cop feta l&#8217;explicaci\u00f3, s\u00faper interessant i on hem estat tots s\u00faper atents i atentes, hem baixat cap al poble. Vol\u00edem anar a les habitacions per\u00f2 encara nooooo. Hem aprofitat el sol que quedava i hem anat tot berenant a jugar al camp de futbol del c\u00e0mping del poble. Hem fet un partid\u00e0s, on hi havia m\u00e9s cames i peus que mai. Per\u00f2 hem rigut molt, especialment amb algun estil de futbol que telaaaa. Se&#8217;ns ha fet fosc mentre jug\u00e0vem i hem hagut de tornar amb els frontals oberts.<\/p>\n<p>Ara s\u00ed, finalment ha sigut hora d&#8217;entrar a les habitacions, quines ganes!!! Hem fet els llits i hem endre\u00e7at la roba.<\/p>\n<p>Avui hem sopat sopa de fideus i truita de patates, i de postres iogurt. Tot bon\u00edssim<\/p>\n<p>Hem anat a fer un joc de nit: el macarr\u00f3.<\/p>\n<p>I ara ja estem a les habitacions, on mica mica esperem que vagint agafant el son &#8230;<\/p>\n<p>Fam\u00edlies, anirem penjant fotos, per\u00f2 hi ha molt mala cobertura i ho anem fent mica en mica.<\/p>\n<p>Un peton\u00e0s a tothom.<\/p>\n<p>Bona nit.<\/p>\n<p>&nbsp;<\/p>\n","protected":false},"excerpt":{"rendered":"<p>Els i les\u00a0 alumnes de 4t, 5\u00e8 i 6\u00e8 estem de col\u00f2nies!!!! Som a la comarca de La Noguera i avui comencem una estada de 4 dies per descobrir a fons la prehist\u00f2ria. Visitarem un jaciment arqueol\u00f2gic, tallarem s\u00edlex, pintarem pintures rupestres, molinarem blat, excavarem &#8230; per\u00f2 tot aix\u00f2 ho farem mica en mica. Us [&hellip;]<\/p>\n","protected":false},"author":3,"featured_media":0,"comment_status":"open","ping_status":"closed","sticky":false,"template":"","format":"standard","meta":{"_bbp_topic_count":0,"_bbp_reply_count":0,"_bbp_total_topic_count":0,"_bbp_total_reply_count":0,"_bbp_voice_count":0,"_bbp_anonymous_reply_count":0,"_bbp_topic_count_hidden":0,"_bbp_reply_count_hidden":0,"_bbp_forum_subforum_count":0,"site-sidebar-layout":"default","site-content-layout":"","ast-site-content-layout":"","site-content-style":"default","site-sidebar-style":"default","ast-global-header-display":"","ast-banner-title-visibility":"","ast-main-header-display":"","ast-hfb-above-header-display":"","ast-hfb-below-header-display":"","ast-hfb-mobile-header-display":"","site-post-title":"","ast-breadcrumbs-content":"","ast-featured-img":"","footer-sml-layout":"","theme-transparent-header-meta":"","adv-header-id-meta":"","stick-header-meta":"","header-above-stick-meta":"","header-main-stick-meta":"","header-below-stick-meta":"","astra-migrate-meta-layouts":"default","ast-page-background-enabled":"default","ast-page-background-meta":{"desktop":{"background-color":"var(--ast-global-color-4)","background-image":"","background-repeat":"repeat","background-position":"center center","background-size":"auto","background-attachment":"scroll","background-type":"","background-media":"","overlay-type":"","overlay-color":"","overlay-opacity":"","overlay-gradient":""},"tablet":{"background-color":"","background-image":"","background-repeat":"repeat","background-position":"center center","background-size":"auto","background-attachment":"scroll","background-type":"","background-media":"","overlay-type":"","overlay-color":"","overlay-opacity":"","overlay-gradient":""},"mobile":{"background-color":"","background-image":"","background-repeat":"repeat","background-position":"center center","background-size":"auto","background-attachment":"scroll","background-type":"","background-media":"","overlay-type":"","overlay-color":"","overlay-opacity":"","overlay-gradient":""}},"ast-content-background-meta":{"desktop":{"background-color":"var(--ast-global-color-5)","background-image":"","background-repeat":"repeat","background-position":"center center","background-size":"auto","background-attachment":"scroll","background-type":"","background-media":"","overlay-type":"","overlay-color":"","overlay-opacity":"","overlay-gradient":""},"tablet":{"background-color":"var(--ast-global-color-5)","background-image":"","background-repeat":"repeat","background-position":"center center","background-size":"auto","background-attachment":"scroll","background-type":"","background-media":"","overlay-type":"","overlay-color":"","overlay-opacity":"","overlay-gradient":""},"mobile":{"background-color":"var(--ast-global-color-5)","background-image":"","background-repeat":"repeat","background-position":"center center","background-size":"auto","background-attachment":"scroll","background-type":"","background-media":"","overlay-type":"","overlay-color":"","overlay-opacity":"","overlay-gradient":""}},"footnotes":""},"categories":[11,110,13,12,4],"tags":[],"class_list":["post-3188","post","type-post","status-publish","format-standard","hentry","category-4t","category-5e","category-6e","category-grans","category-portada"],"post_mailing_queue_ids":[],"_links":{"self":[{"href":"https:\/\/agora.xtec.cat\/ceipfarigola-seva\/wp-json\/wp\/v2\/posts\/3188","targetHints":{"allow":["GET"]}}],"collection":[{"href":"https:\/\/agora.xtec.cat\/ceipfarigola-seva\/wp-json\/wp\/v2\/posts"}],"about":[{"href":"https:\/\/agora.xtec.cat\/ceipfarigola-seva\/wp-json\/wp\/v2\/types\/post"}],"author":[{"embeddable":true,"href":"https:\/\/agora.xtec.cat\/ceipfarigola-seva\/wp-json\/wp\/v2\/users\/3"}],"replies":[{"embeddable":true,"href":"https:\/\/agora.xtec.cat\/ceipfarigola-seva\/wp-json\/wp\/v2\/comments?post=3188"}],"version-history":[{"count":3,"href":"https:\/\/agora.xtec.cat\/ceipfarigola-seva\/wp-json\/wp\/v2\/posts\/3188\/revisions"}],"predecessor-version":[{"id":3192,"href":"https:\/\/agora.xtec.cat\/ceipfarigola-seva\/wp-json\/wp\/v2\/posts\/3188\/revisions\/3192"}],"wp:attachment":[{"href":"https:\/\/agora.xtec.cat\/ceipfarigola-seva\/wp-json\/wp\/v2\/media?parent=3188"}],"wp:term":[{"taxonomy":"category","embeddable":true,"href":"https:\/\/agora.xtec.cat\/ceipfarigola-seva\/wp-json\/wp\/v2\/categories?post=3188"},{"taxonomy":"post_tag","embeddable":true,"href":"https:\/\/agora.xtec.cat\/ceipfarigola-seva\/wp-json\/wp\/v2\/tags?post=3188"}],"curies":[{"name":"wp","href":"https:\/\/api.w.org\/{rel}","templated":true}]}}