{"id":3141,"date":"2021-10-04T12:15:55","date_gmt":"2021-10-04T10:15:55","guid":{"rendered":"https:\/\/agora.xtec.cat\/ceipfarigola-seva\/?p=3141"},"modified":"2021-10-05T09:38:28","modified_gmt":"2021-10-05T07:38:28","slug":"iniciem-la-reflexio-en-centre","status":"publish","type":"post","link":"https:\/\/agora.xtec.cat\/ceipfarigola-seva\/general\/iniciem-la-reflexio-en-centre\/","title":{"rendered":"\u201cIniciem la reflexi\u00f3 en centre\u201d"},"content":{"rendered":"<p style=\"text-align: left;\">El passat dimarts 28 de setembre el grup impulsor de l&#8217;escola, a nivell de transformaci\u00f3 educativa, vam tenir una reuni\u00f3 pedag\u00f2gica per tal de reflexionar sobre on estem i on volem arribar en el nostre prop\u00f2sit transformador.<\/p>\n<p><a href=\"https:\/\/agora.xtec.cat\/ceipfarigola-seva\/wp-content\/uploads\/usu217\/2021\/10\/IMG_4875.jpg\"><img loading=\"lazy\" decoding=\"async\" class=\"wp-image-3142 aligncenter\" src=\"https:\/\/agora.xtec.cat\/ceipfarigola-seva\/wp-content\/uploads\/usu217\/2021\/10\/IMG_4875-1024x768.jpg\" alt=\"\" width=\"370\" height=\"278\" srcset=\"https:\/\/agora.xtec.cat\/ceipfarigola-seva\/wp-content\/uploads\/usu217\/2021\/10\/IMG_4875-1024x768.jpg 1024w, https:\/\/agora.xtec.cat\/ceipfarigola-seva\/wp-content\/uploads\/usu217\/2021\/10\/IMG_4875-300x225.jpg 300w, https:\/\/agora.xtec.cat\/ceipfarigola-seva\/wp-content\/uploads\/usu217\/2021\/10\/IMG_4875-768x576.jpg 768w, https:\/\/agora.xtec.cat\/ceipfarigola-seva\/wp-content\/uploads\/usu217\/2021\/10\/IMG_4875-1536x1152.jpg 1536w, https:\/\/agora.xtec.cat\/ceipfarigola-seva\/wp-content\/uploads\/usu217\/2021\/10\/IMG_4875-200x150.jpg 200w, https:\/\/agora.xtec.cat\/ceipfarigola-seva\/wp-content\/uploads\/usu217\/2021\/10\/IMG_4875.jpg 2016w\" sizes=\"auto, (max-width: 370px) 100vw, 370px\" \/><\/a><\/p>\n<p><strong>1-Com podem millorar el lideratge pedag\u00f2gic al centre?<\/strong><br \/>\nLa nostra realitat \u00e9s que som una escola petita i tots anem a una, creiem en el projecte, podem millorar a trav\u00e9s de la comunicaci\u00f3 constant entre nosaltres.<br \/>\n<em>Deixar documentat els acords pedag\u00f2gics que orientin tota la comunitat educativa, ha de ser un document obert que permeti la reflexi\u00f3 de la tasca docent.<\/em><br \/>\n<em>Buscar espais per compartir aquests acords dins les comunitats. <\/em><\/p>\n<p><strong>2-Com estem col\u00b7laborant i aprenent junts en una nova cultura docent?<\/strong><br \/>\n<em>Amb formaci\u00f3 conjunta, amb visites a diferents centres innovadors i compartint el que vam veure,\u00a0 fent reflexions pedag\u00f2giques i compartint-les en els claustres pedag\u00f2gics.<\/em><br \/>\n<em>Iniciant la doc\u00e8ncia compartida i el seguiment de tots d\u2019infants a trav\u00e9s de la mirada de tot l\u2019equip docent en els cicles d\u2019infants.<\/em><\/p>\n<p><strong>3-Com fem de l\u2019escola una organitzaci\u00f3 que apr\u00e8n i una unitat de recerca?<\/strong><br \/>\n<em>A partir dels principis pedag\u00f2gics de l\u2019escola revisar cont\u00ednuament la pr\u00e0ctica educativa i avaluar-la per millorar-la. La revisi\u00f3 es far\u00e0 des del grup impulsor, els claustres pedag\u00f2gics i les reunions de comunitats.<\/em><\/p>\n<p><strong>4- Qu\u00e8 hem de fer que no fem i qu\u00e8 hem de deixar de fer?<\/strong><br \/>\n<em>Hem d\u2019aconseguir tenir una perspectiva m\u00e9s real, amplia, significativa i de qualitat que ens permeti trencar amb programacions r\u00edgides. <\/em><br \/>\n<em>Observaci\u00f3 entre iguals, vincular-nos m\u00e9s amb l\u2019entorn i la comunitat educativa.\u00a0 <\/em><br \/>\n<em>Fer informes consensuats i compartits.<br \/>\nIncloure les fam\u00edlies en el proc\u00e9s de transformaci\u00f3.<br \/>\nHem de deixar les programacions r\u00edgides i aprofitar l\u2019entorn i les possibilitats de l\u2019escola.<\/em><\/p>\n","protected":false},"excerpt":{"rendered":"<p>El passat dimarts 28 de setembre el grup impulsor de l&#8217;escola, a nivell de transformaci\u00f3 educativa, vam tenir una reuni\u00f3 pedag\u00f2gica per tal de reflexionar sobre on estem i on volem arribar en el nostre prop\u00f2sit transformador. 1-Com podem millorar el lideratge pedag\u00f2gic al centre? La nostra realitat \u00e9s que som una escola petita i [&hellip;]<\/p>\n","protected":false},"author":1,"featured_media":0,"comment_status":"open","ping_status":"closed","sticky":false,"template":"","format":"standard","meta":{"_bbp_topic_count":0,"_bbp_reply_count":0,"_bbp_total_topic_count":0,"_bbp_total_reply_count":0,"_bbp_voice_count":0,"_bbp_anonymous_reply_count":0,"_bbp_topic_count_hidden":0,"_bbp_reply_count_hidden":0,"_bbp_forum_subforum_count":0,"site-sidebar-layout":"default","site-content-layout":"","ast-site-content-layout":"","site-content-style":"default","site-sidebar-style":"default","ast-global-header-display":"","ast-banner-title-visibility":"","ast-main-header-display":"","ast-hfb-above-header-display":"","ast-hfb-below-header-display":"","ast-hfb-mobile-header-display":"","site-post-title":"","ast-breadcrumbs-content":"","ast-featured-img":"","footer-sml-layout":"","theme-transparent-header-meta":"","adv-header-id-meta":"","stick-header-meta":"","header-above-stick-meta":"","header-main-stick-meta":"","header-below-stick-meta":"","astra-migrate-meta-layouts":"default","ast-page-background-enabled":"default","ast-page-background-meta":{"desktop":{"background-color":"var(--ast-global-color-4)","background-image":"","background-repeat":"repeat","background-position":"center center","background-size":"auto","background-attachment":"scroll","background-type":"","background-media":"","overlay-type":"","overlay-color":"","overlay-opacity":"","overlay-gradient":""},"tablet":{"background-color":"","background-image":"","background-repeat":"repeat","background-position":"center center","background-size":"auto","background-attachment":"scroll","background-type":"","background-media":"","overlay-type":"","overlay-color":"","overlay-opacity":"","overlay-gradient":""},"mobile":{"background-color":"","background-image":"","background-repeat":"repeat","background-position":"center center","background-size":"auto","background-attachment":"scroll","background-type":"","background-media":"","overlay-type":"","overlay-color":"","overlay-opacity":"","overlay-gradient":""}},"ast-content-background-meta":{"desktop":{"background-color":"var(--ast-global-color-5)","background-image":"","background-repeat":"repeat","background-position":"center center","background-size":"auto","background-attachment":"scroll","background-type":"","background-media":"","overlay-type":"","overlay-color":"","overlay-opacity":"","overlay-gradient":""},"tablet":{"background-color":"var(--ast-global-color-5)","background-image":"","background-repeat":"repeat","background-position":"center center","background-size":"auto","background-attachment":"scroll","background-type":"","background-media":"","overlay-type":"","overlay-color":"","overlay-opacity":"","overlay-gradient":""},"mobile":{"background-color":"var(--ast-global-color-5)","background-image":"","background-repeat":"repeat","background-position":"center center","background-size":"auto","background-attachment":"scroll","background-type":"","background-media":"","overlay-type":"","overlay-color":"","overlay-opacity":"","overlay-gradient":""}},"footnotes":""},"categories":[1,4],"tags":[127,128,126],"class_list":["post-3141","post","type-post","status-publish","format-standard","hentry","category-general","category-portada","tag-pacte-exc","tag-referents","tag-xtte"],"post_mailing_queue_ids":[],"_links":{"self":[{"href":"https:\/\/agora.xtec.cat\/ceipfarigola-seva\/wp-json\/wp\/v2\/posts\/3141","targetHints":{"allow":["GET"]}}],"collection":[{"href":"https:\/\/agora.xtec.cat\/ceipfarigola-seva\/wp-json\/wp\/v2\/posts"}],"about":[{"href":"https:\/\/agora.xtec.cat\/ceipfarigola-seva\/wp-json\/wp\/v2\/types\/post"}],"author":[{"embeddable":true,"href":"https:\/\/agora.xtec.cat\/ceipfarigola-seva\/wp-json\/wp\/v2\/users\/1"}],"replies":[{"embeddable":true,"href":"https:\/\/agora.xtec.cat\/ceipfarigola-seva\/wp-json\/wp\/v2\/comments?post=3141"}],"version-history":[{"count":3,"href":"https:\/\/agora.xtec.cat\/ceipfarigola-seva\/wp-json\/wp\/v2\/posts\/3141\/revisions"}],"predecessor-version":[{"id":3146,"href":"https:\/\/agora.xtec.cat\/ceipfarigola-seva\/wp-json\/wp\/v2\/posts\/3141\/revisions\/3146"}],"wp:attachment":[{"href":"https:\/\/agora.xtec.cat\/ceipfarigola-seva\/wp-json\/wp\/v2\/media?parent=3141"}],"wp:term":[{"taxonomy":"category","embeddable":true,"href":"https:\/\/agora.xtec.cat\/ceipfarigola-seva\/wp-json\/wp\/v2\/categories?post=3141"},{"taxonomy":"post_tag","embeddable":true,"href":"https:\/\/agora.xtec.cat\/ceipfarigola-seva\/wp-json\/wp\/v2\/tags?post=3141"}],"curies":[{"name":"wp","href":"https:\/\/api.w.org\/{rel}","templated":true}]}}