{"id":2858,"date":"2021-03-10T13:55:59","date_gmt":"2021-03-10T12:55:59","guid":{"rendered":"https:\/\/agora.xtec.cat\/ceipfarigola-seva\/?p=2858"},"modified":"2021-03-10T13:55:59","modified_gmt":"2021-03-10T12:55:59","slug":"setmana-carnestoltes-4t","status":"publish","type":"post","link":"https:\/\/agora.xtec.cat\/ceipfarigola-seva\/general\/setmana-carnestoltes-4t\/","title":{"rendered":"Setmana Carnestoltes 4t"},"content":{"rendered":"<p>NOT\u00cdCIES DELS DOS GRUPS DE 4T:<\/p>\n<p><strong>EL REI CARNESTOLTES (4t A)<\/strong><\/p>\n<p><strong><em>Va ser una setmana amb el Rei Carnestoltes plena de pocasoltes.<\/em><\/strong><\/p>\n<p>Escola Farigola- Seva, 17 de Febrer de 2021. Ona Llorens Bigas<\/p>\n<p><em>El rei carnestoltes tenia els cabells rinxolats i negres com el carb\u00f3.<\/em><br \/>\nAquest any com que hi ha la \u201csars covid-2\u201d va haver de portar mascareta.<br \/>\nEl divendres 5 de Febrer, els alumnes de 6\u00e8 van acompanyar al Rei Carnestoltes cap a l\u2019escola, i despr\u00e9s van venir els alumnes de 6\u00e8 a dir-nos les consignes. Les consignes van ser les seg\u00fcents: Dilluns amb pijama, dimarts d\u2019una s\u00e8rie o pel.licula de televisi\u00f3, dimecres de gala, dijous d\u2019esport, i divendres de stop virus.<br \/>\n<em>DIJOUS LLARDER ALS SORS<\/em><br \/>\nVam anar al jard\u00ed dels Sors a berenar i a jugar.<br \/>\nLa majoria de gent van portar entrep\u00e0, pero algunes persones van preferir menjar alguna altre cosa.<\/p>\n<p><em>RUA A LA PISTA<\/em><br \/>\nAn\u00e0vem disfressats d\u2019alguna cosa que pari el covid. (Doctor\/a, superheroi que pari virus, gel desinfectant\u2026). Les de direcci\u00f3 van posar una alfombra roja, i un marc de fotos , i cada classe an\u00e0vem passant per torns.<\/p>\n<p>&nbsp;<\/p>\n<p><strong>CONFINAMENT 4TB<\/strong><\/p>\n<p><span style=\"font-weight: 400;\">Els alumnes de 4TB els confinen i celebren el carnestoltes des de casa.<\/span><\/p>\n<p><span style=\"font-weight: 400;\">4-2-21\u00a0 Adri\u00e0 Cenador Bonfill\u00a0 Lloc: Seva<\/span><\/p>\n<p><span style=\"font-weight: 400;\">Dijous 4 de febrer del 2021 els alumnes de 4TB estaven fent Itineraris III. El Cristian el seu mestre els va dir que es tenien que confinar per segona vegada. Alguns alumnes de 4TB es van posar a plorar perqu\u00e8 no es volien confinar. Al dia seg\u00fcent van tornar a l\u2019escola per fer-se la PCR per si donava algun alumne positiu. Els metges van dir que els donarien els resultats en 24 hores i al dia seg\u00fcent els hi van donar els resultats i tots els alumnes van donar negatiu.<\/span><\/p>\n<p><span style=\"font-weight: 400;\">Mentre estaven confinats feien videotrucades. Cada dia es connectaven disfressats per celebraven la setmana boja. El dijous van berenar tots junts davant l\u2019ordinador. Com van donar tots negatius els i van dir que podien anar a l\u2019escola el divendres per celebrar el carnestoltes. Van celebrar el carnestoltes fent una passarel\u00b7la tots els nens i les nenes de l\u2019Escola Farigola.\u00a0\u00a0\u00a0\u00a0<\/span><\/p>\n<p>&nbsp;<\/p>\n<p><a title=\"Carnaval 4t\" href=\"https:\/\/www.flickr.com\/photos\/145245634@N06\/albums\/72157718590393456\" data-flickr-embed=\"true\"><img loading=\"lazy\" decoding=\"async\" src=\"https:\/\/live.staticflickr.com\/65535\/51022404876_5a6d008118_z.jpg\" alt=\"Carnaval 4t\" width=\"640\" height=\"480\" \/><\/a><script async src=\"\/\/embedr.flickr.com\/assets\/client-code.js\" charset=\"utf-8\"><\/script><\/p>\n","protected":false},"excerpt":{"rendered":"<p>NOT\u00cdCIES DELS DOS GRUPS DE 4T: EL REI CARNESTOLTES (4t A) Va ser una setmana amb el Rei Carnestoltes plena de pocasoltes. Escola Farigola- Seva, 17 de Febrer de 2021. Ona Llorens Bigas El rei carnestoltes tenia els cabells rinxolats i negres com el carb\u00f3. Aquest any com que hi ha la \u201csars covid-2\u201d va [&hellip;]<\/p>\n","protected":false},"author":1,"featured_media":0,"comment_status":"open","ping_status":"closed","sticky":false,"template":"","format":"standard","meta":{"_bbp_topic_count":0,"_bbp_reply_count":0,"_bbp_total_topic_count":0,"_bbp_total_reply_count":0,"_bbp_voice_count":0,"_bbp_anonymous_reply_count":0,"_bbp_topic_count_hidden":0,"_bbp_reply_count_hidden":0,"_bbp_forum_subforum_count":0,"site-sidebar-layout":"default","site-content-layout":"","ast-site-content-layout":"","site-content-style":"default","site-sidebar-style":"default","ast-global-header-display":"","ast-banner-title-visibility":"","ast-main-header-display":"","ast-hfb-above-header-display":"","ast-hfb-below-header-display":"","ast-hfb-mobile-header-display":"","site-post-title":"","ast-breadcrumbs-content":"","ast-featured-img":"","footer-sml-layout":"","theme-transparent-header-meta":"","adv-header-id-meta":"","stick-header-meta":"","header-above-stick-meta":"","header-main-stick-meta":"","header-below-stick-meta":"","astra-migrate-meta-layouts":"default","ast-page-background-enabled":"default","ast-page-background-meta":{"desktop":{"background-color":"var(--ast-global-color-4)","background-image":"","background-repeat":"repeat","background-position":"center center","background-size":"auto","background-attachment":"scroll","background-type":"","background-media":"","overlay-type":"","overlay-color":"","overlay-opacity":"","overlay-gradient":""},"tablet":{"background-color":"","background-image":"","background-repeat":"repeat","background-position":"center center","background-size":"auto","background-attachment":"scroll","background-type":"","background-media":"","overlay-type":"","overlay-color":"","overlay-opacity":"","overlay-gradient":""},"mobile":{"background-color":"","background-image":"","background-repeat":"repeat","background-position":"center center","background-size":"auto","background-attachment":"scroll","background-type":"","background-media":"","overlay-type":"","overlay-color":"","overlay-opacity":"","overlay-gradient":""}},"ast-content-background-meta":{"desktop":{"background-color":"var(--ast-global-color-5)","background-image":"","background-repeat":"repeat","background-position":"center center","background-size":"auto","background-attachment":"scroll","background-type":"","background-media":"","overlay-type":"","overlay-color":"","overlay-opacity":"","overlay-gradient":""},"tablet":{"background-color":"var(--ast-global-color-5)","background-image":"","background-repeat":"repeat","background-position":"center center","background-size":"auto","background-attachment":"scroll","background-type":"","background-media":"","overlay-type":"","overlay-color":"","overlay-opacity":"","overlay-gradient":""},"mobile":{"background-color":"var(--ast-global-color-5)","background-image":"","background-repeat":"repeat","background-position":"center center","background-size":"auto","background-attachment":"scroll","background-type":"","background-media":"","overlay-type":"","overlay-color":"","overlay-opacity":"","overlay-gradient":""}},"footnotes":""},"categories":[11,12,1],"tags":[70,116,115,117],"class_list":["post-2858","post","type-post","status-publish","format-standard","hentry","category-4t","category-grans","category-general","tag-4t","tag-carnaval","tag-comunitat-grans","tag-rei-carnestoltes"],"post_mailing_queue_ids":[],"_links":{"self":[{"href":"https:\/\/agora.xtec.cat\/ceipfarigola-seva\/wp-json\/wp\/v2\/posts\/2858","targetHints":{"allow":["GET"]}}],"collection":[{"href":"https:\/\/agora.xtec.cat\/ceipfarigola-seva\/wp-json\/wp\/v2\/posts"}],"about":[{"href":"https:\/\/agora.xtec.cat\/ceipfarigola-seva\/wp-json\/wp\/v2\/types\/post"}],"author":[{"embeddable":true,"href":"https:\/\/agora.xtec.cat\/ceipfarigola-seva\/wp-json\/wp\/v2\/users\/1"}],"replies":[{"embeddable":true,"href":"https:\/\/agora.xtec.cat\/ceipfarigola-seva\/wp-json\/wp\/v2\/comments?post=2858"}],"version-history":[{"count":3,"href":"https:\/\/agora.xtec.cat\/ceipfarigola-seva\/wp-json\/wp\/v2\/posts\/2858\/revisions"}],"predecessor-version":[{"id":2861,"href":"https:\/\/agora.xtec.cat\/ceipfarigola-seva\/wp-json\/wp\/v2\/posts\/2858\/revisions\/2861"}],"wp:attachment":[{"href":"https:\/\/agora.xtec.cat\/ceipfarigola-seva\/wp-json\/wp\/v2\/media?parent=2858"}],"wp:term":[{"taxonomy":"category","embeddable":true,"href":"https:\/\/agora.xtec.cat\/ceipfarigola-seva\/wp-json\/wp\/v2\/categories?post=2858"},{"taxonomy":"post_tag","embeddable":true,"href":"https:\/\/agora.xtec.cat\/ceipfarigola-seva\/wp-json\/wp\/v2\/tags?post=2858"}],"curies":[{"name":"wp","href":"https:\/\/api.w.org\/{rel}","templated":true}]}}