{"id":2760,"date":"2020-12-15T16:04:37","date_gmt":"2020-12-15T15:04:37","guid":{"rendered":"https:\/\/agora.xtec.cat\/ceipfarigola-seva\/?p=2760"},"modified":"2020-12-15T18:29:43","modified_gmt":"2020-12-15T17:29:43","slug":"els-petits-us-desitgem","status":"publish","type":"post","link":"https:\/\/agora.xtec.cat\/ceipfarigola-seva\/general\/els-petits-us-desitgem\/","title":{"rendered":"ELS PETITS US DESITGEM&#8230;"},"content":{"rendered":"<p>Els \u00faltims dies abans que s\u2019acabi el trimestre, a la <strong>comunitat de petits<\/strong> hem fet una din\u00e0mica que va comen\u00e7ar amb una conversa sobre el Nadal. La pregunta inicial va ser <strong>\u201cPer qu\u00e8 us agrada el Nadal?\u201d<\/strong> D\u2019aqu\u00ed en van sortir moltes coses; unes quantes de palpables com regals, la neu, torrons, el ti\u00f3&#8230; per\u00f2 al mateix temps, mentre parlaven, sorgien altres paraules, com ara <strong>il\u00b7lusi\u00f3, emoci\u00f3, alegria, m\u00e0gia&#8230;<\/strong><br \/>\nAix\u00ed, vam fer dues llistes a la pissarra, per acabar-nos centrant en aquella que contenia conceptes que sentim i percebem, per\u00f2 que no podem tocar.<br \/>\n<strong>Aquestes paraules van passar a ser desitjos, desitjos que volem per a tothom!<\/strong> Per aix\u00f2, els hem escrit entre tots fent postals nadalenques que hem entregat als comer\u00e7os i serveis del poble, i que trobareu als aparadors, aprofitant per desitjar a tothom un Bon Nadal!<br \/>\nUs animem a que passegeu pel poble i descobriu aquests desitjos!<br \/>\nTamb\u00e9 aprofitarem per fer-vos arribar una felicitaci\u00f3 a cada fam\u00edlia on queda plasmat en un foto-collage la proposta nadalenca.<br \/>\nPodeu clicar per veure les fotos del proc\u00e9s! Bon Nadal i Bones Festes!<\/p>\n<p><a title=\"Els petits us desitgem...\" href=\"https:\/\/www.flickr.com\/photos\/145245634@N06\/albums\/72157717341801401\" data-flickr-embed=\"true\"><img loading=\"lazy\" decoding=\"async\" src=\"https:\/\/live.staticflickr.com\/65535\/50723099961_a2c6cf0b51_c.jpg\" alt=\"Els petits us desitgem...\" width=\"800\" height=\"600\" \/><\/a><script async src=\"\/\/embedr.flickr.com\/assets\/client-code.js\" charset=\"utf-8\"><\/script><\/p>\n","protected":false},"excerpt":{"rendered":"<p>Els \u00faltims dies abans que s\u2019acabi el trimestre, a la comunitat de petits hem fet una din\u00e0mica que va comen\u00e7ar amb una conversa sobre el Nadal. La pregunta inicial va ser \u201cPer qu\u00e8 us agrada el Nadal?\u201d D\u2019aqu\u00ed en van sortir moltes coses; unes quantes de palpables com regals, la neu, torrons, el ti\u00f3&#8230; per\u00f2 [&hellip;]<\/p>\n","protected":false},"author":15,"featured_media":0,"comment_status":"open","ping_status":"closed","sticky":false,"template":"","format":"standard","meta":{"_bbp_topic_count":0,"_bbp_reply_count":0,"_bbp_total_topic_count":0,"_bbp_total_reply_count":0,"_bbp_voice_count":0,"_bbp_anonymous_reply_count":0,"_bbp_topic_count_hidden":0,"_bbp_reply_count_hidden":0,"_bbp_forum_subforum_count":0,"site-sidebar-layout":"default","site-content-layout":"","ast-site-content-layout":"","site-content-style":"default","site-sidebar-style":"default","ast-global-header-display":"","ast-banner-title-visibility":"","ast-main-header-display":"","ast-hfb-above-header-display":"","ast-hfb-below-header-display":"","ast-hfb-mobile-header-display":"","site-post-title":"","ast-breadcrumbs-content":"","ast-featured-img":"","footer-sml-layout":"","theme-transparent-header-meta":"","adv-header-id-meta":"","stick-header-meta":"","header-above-stick-meta":"","header-main-stick-meta":"","header-below-stick-meta":"","astra-migrate-meta-layouts":"default","ast-page-background-enabled":"default","ast-page-background-meta":{"desktop":{"background-color":"var(--ast-global-color-4)","background-image":"","background-repeat":"repeat","background-position":"center center","background-size":"auto","background-attachment":"scroll","background-type":"","background-media":"","overlay-type":"","overlay-color":"","overlay-opacity":"","overlay-gradient":""},"tablet":{"background-color":"","background-image":"","background-repeat":"repeat","background-position":"center center","background-size":"auto","background-attachment":"scroll","background-type":"","background-media":"","overlay-type":"","overlay-color":"","overlay-opacity":"","overlay-gradient":""},"mobile":{"background-color":"","background-image":"","background-repeat":"repeat","background-position":"center center","background-size":"auto","background-attachment":"scroll","background-type":"","background-media":"","overlay-type":"","overlay-color":"","overlay-opacity":"","overlay-gradient":""}},"ast-content-background-meta":{"desktop":{"background-color":"var(--ast-global-color-5)","background-image":"","background-repeat":"repeat","background-position":"center center","background-size":"auto","background-attachment":"scroll","background-type":"","background-media":"","overlay-type":"","overlay-color":"","overlay-opacity":"","overlay-gradient":""},"tablet":{"background-color":"var(--ast-global-color-5)","background-image":"","background-repeat":"repeat","background-position":"center center","background-size":"auto","background-attachment":"scroll","background-type":"","background-media":"","overlay-type":"","overlay-color":"","overlay-opacity":"","overlay-gradient":""},"mobile":{"background-color":"var(--ast-global-color-5)","background-image":"","background-repeat":"repeat","background-position":"center center","background-size":"auto","background-attachment":"scroll","background-type":"","background-media":"","overlay-type":"","overlay-color":"","overlay-opacity":"","overlay-gradient":""}},"footnotes":""},"categories":[2,1],"tags":[],"class_list":["post-2760","post","type-post","status-publish","format-standard","hentry","category-petites","category-general"],"post_mailing_queue_ids":[],"_links":{"self":[{"href":"https:\/\/agora.xtec.cat\/ceipfarigola-seva\/wp-json\/wp\/v2\/posts\/2760","targetHints":{"allow":["GET"]}}],"collection":[{"href":"https:\/\/agora.xtec.cat\/ceipfarigola-seva\/wp-json\/wp\/v2\/posts"}],"about":[{"href":"https:\/\/agora.xtec.cat\/ceipfarigola-seva\/wp-json\/wp\/v2\/types\/post"}],"author":[{"embeddable":true,"href":"https:\/\/agora.xtec.cat\/ceipfarigola-seva\/wp-json\/wp\/v2\/users\/15"}],"replies":[{"embeddable":true,"href":"https:\/\/agora.xtec.cat\/ceipfarigola-seva\/wp-json\/wp\/v2\/comments?post=2760"}],"version-history":[{"count":2,"href":"https:\/\/agora.xtec.cat\/ceipfarigola-seva\/wp-json\/wp\/v2\/posts\/2760\/revisions"}],"predecessor-version":[{"id":2762,"href":"https:\/\/agora.xtec.cat\/ceipfarigola-seva\/wp-json\/wp\/v2\/posts\/2760\/revisions\/2762"}],"wp:attachment":[{"href":"https:\/\/agora.xtec.cat\/ceipfarigola-seva\/wp-json\/wp\/v2\/media?parent=2760"}],"wp:term":[{"taxonomy":"category","embeddable":true,"href":"https:\/\/agora.xtec.cat\/ceipfarigola-seva\/wp-json\/wp\/v2\/categories?post=2760"},{"taxonomy":"post_tag","embeddable":true,"href":"https:\/\/agora.xtec.cat\/ceipfarigola-seva\/wp-json\/wp\/v2\/tags?post=2760"}],"curies":[{"name":"wp","href":"https:\/\/api.w.org\/{rel}","templated":true}]}}