{"id":2718,"date":"2020-11-17T19:41:26","date_gmt":"2020-11-17T18:41:26","guid":{"rendered":"https:\/\/agora.xtec.cat\/ceipfarigola-seva\/?p=2718"},"modified":"2020-11-17T19:44:01","modified_gmt":"2020-11-17T18:44:01","slug":"xerrada-dun-fotoperiodista","status":"publish","type":"post","link":"https:\/\/agora.xtec.cat\/ceipfarigola-seva\/portada\/xerrada-dun-fotoperiodista\/","title":{"rendered":"Xerrada d&#8217;un fotoperiodista"},"content":{"rendered":"<p>Dimarts passat va venir un fotoperiodista a fer-nos una xerrada sobre els refugiats:<\/p>\n<p>Ens han impactat molt les fotos que havia fet ell, perqu\u00e8 ens ensenyen pel que estan passant els refugiats. Ens va explicar que va estar en la guerra de Sarajevo, era una guerra en que no es deixava entrar ni sortir a ning\u00fa, tampoc entraven medicaments, per tant que si estaves malalt et podries morir i ens va ensenyar una foto que havia tirat, sortia un cartell que posava \u201cvigileu amb els franctiradors\u201d.  Tamb\u00e9 ens va ensenyar fotos de la guerra actual a S\u00edria, ens vam quedar molt impactats amb els nombres de despla\u00e7ats i refugiats, son el triple d&#8217;habitants que hi ha a Catalunya.<\/p>\n<p>Nosaltres seguirem estudiant els refugiats ja que \u00e9s un tema actual i mundial, ja us anirem informant.<\/p>\n<p>Reporters: Mateo i M\u00f2nica<\/p>\n<p><a href=\"http:\/\/a%20data-flickr-embed=true%20href=https:\/\/www.flickr.com\/photos\/145245634@N06\/albums\/72157716927212593%20title=Emprenedoria%206\u00e8img%20src=https:\/\/live.staticflickr.com\/65535\/50613675888_bddf9b534f_z.jpg%20width=640%20height=480%20alt=Emprenedoria%206\u00e8\/ascript%20async%20src=\/\/embedr.flickr.com\/assets\/client-code.js%20charset=utf-8\/script\">http:\/\/<a data-flickr-embed=\"true\" href=\"https:\/\/www.flickr.com\/photos\/145245634@N06\/albums\/72157716927212593\" title=\"Emprenedoria 6\u00e8\"><img loading=\"lazy\" decoding=\"async\" src=\"https:\/\/live.staticflickr.com\/65535\/50613675888_bddf9b534f_z.jpg\" width=\"640\" height=\"480\" alt=\"Emprenedoria 6\u00e8\"><\/a><script async src=\"\/\/embedr.flickr.com\/assets\/client-code.js\" charset=\"utf-8\"><\/script><\/a><\/p>\n","protected":false},"excerpt":{"rendered":"<p>Dimarts passat va venir un fotoperiodista a fer-nos una xerrada sobre els refugiats: Ens han impactat molt les fotos que havia fet ell, perqu\u00e8 ens ensenyen pel que estan passant els refugiats. Ens va explicar que va estar en la guerra de Sarajevo, era una guerra en que no es deixava entrar ni sortir a [&hellip;]<\/p>\n","protected":false},"author":1,"featured_media":0,"comment_status":"open","ping_status":"closed","sticky":false,"template":"","format":"standard","meta":{"_bbp_topic_count":0,"_bbp_reply_count":0,"_bbp_total_topic_count":0,"_bbp_total_reply_count":0,"_bbp_voice_count":0,"_bbp_anonymous_reply_count":0,"_bbp_topic_count_hidden":0,"_bbp_reply_count_hidden":0,"_bbp_forum_subforum_count":0,"site-sidebar-layout":"default","site-content-layout":"","ast-site-content-layout":"","site-content-style":"default","site-sidebar-style":"default","ast-global-header-display":"","ast-banner-title-visibility":"","ast-main-header-display":"","ast-hfb-above-header-display":"","ast-hfb-below-header-display":"","ast-hfb-mobile-header-display":"","site-post-title":"","ast-breadcrumbs-content":"","ast-featured-img":"","footer-sml-layout":"","theme-transparent-header-meta":"","adv-header-id-meta":"","stick-header-meta":"","header-above-stick-meta":"","header-main-stick-meta":"","header-below-stick-meta":"","astra-migrate-meta-layouts":"default","ast-page-background-enabled":"default","ast-page-background-meta":{"desktop":{"background-color":"var(--ast-global-color-4)","background-image":"","background-repeat":"repeat","background-position":"center center","background-size":"auto","background-attachment":"scroll","background-type":"","background-media":"","overlay-type":"","overlay-color":"","overlay-opacity":"","overlay-gradient":""},"tablet":{"background-color":"","background-image":"","background-repeat":"repeat","background-position":"center center","background-size":"auto","background-attachment":"scroll","background-type":"","background-media":"","overlay-type":"","overlay-color":"","overlay-opacity":"","overlay-gradient":""},"mobile":{"background-color":"","background-image":"","background-repeat":"repeat","background-position":"center center","background-size":"auto","background-attachment":"scroll","background-type":"","background-media":"","overlay-type":"","overlay-color":"","overlay-opacity":"","overlay-gradient":""}},"ast-content-background-meta":{"desktop":{"background-color":"var(--ast-global-color-5)","background-image":"","background-repeat":"repeat","background-position":"center center","background-size":"auto","background-attachment":"scroll","background-type":"","background-media":"","overlay-type":"","overlay-color":"","overlay-opacity":"","overlay-gradient":""},"tablet":{"background-color":"var(--ast-global-color-5)","background-image":"","background-repeat":"repeat","background-position":"center center","background-size":"auto","background-attachment":"scroll","background-type":"","background-media":"","overlay-type":"","overlay-color":"","overlay-opacity":"","overlay-gradient":""},"mobile":{"background-color":"var(--ast-global-color-5)","background-image":"","background-repeat":"repeat","background-position":"center center","background-size":"auto","background-attachment":"scroll","background-type":"","background-media":"","overlay-type":"","overlay-color":"","overlay-opacity":"","overlay-gradient":""}},"footnotes":""},"categories":[13,12,4],"tags":[],"class_list":["post-2718","post","type-post","status-publish","format-standard","hentry","category-6e","category-grans","category-portada"],"post_mailing_queue_ids":[],"_links":{"self":[{"href":"https:\/\/agora.xtec.cat\/ceipfarigola-seva\/wp-json\/wp\/v2\/posts\/2718","targetHints":{"allow":["GET"]}}],"collection":[{"href":"https:\/\/agora.xtec.cat\/ceipfarigola-seva\/wp-json\/wp\/v2\/posts"}],"about":[{"href":"https:\/\/agora.xtec.cat\/ceipfarigola-seva\/wp-json\/wp\/v2\/types\/post"}],"author":[{"embeddable":true,"href":"https:\/\/agora.xtec.cat\/ceipfarigola-seva\/wp-json\/wp\/v2\/users\/1"}],"replies":[{"embeddable":true,"href":"https:\/\/agora.xtec.cat\/ceipfarigola-seva\/wp-json\/wp\/v2\/comments?post=2718"}],"version-history":[{"count":1,"href":"https:\/\/agora.xtec.cat\/ceipfarigola-seva\/wp-json\/wp\/v2\/posts\/2718\/revisions"}],"predecessor-version":[{"id":2719,"href":"https:\/\/agora.xtec.cat\/ceipfarigola-seva\/wp-json\/wp\/v2\/posts\/2718\/revisions\/2719"}],"wp:attachment":[{"href":"https:\/\/agora.xtec.cat\/ceipfarigola-seva\/wp-json\/wp\/v2\/media?parent=2718"}],"wp:term":[{"taxonomy":"category","embeddable":true,"href":"https:\/\/agora.xtec.cat\/ceipfarigola-seva\/wp-json\/wp\/v2\/categories?post=2718"},{"taxonomy":"post_tag","embeddable":true,"href":"https:\/\/agora.xtec.cat\/ceipfarigola-seva\/wp-json\/wp\/v2\/tags?post=2718"}],"curies":[{"name":"wp","href":"https:\/\/api.w.org\/{rel}","templated":true}]}}