{"id":2711,"date":"2020-11-12T21:52:40","date_gmt":"2020-11-12T20:52:40","guid":{"rendered":"https:\/\/agora.xtec.cat\/ceipfarigola-seva\/?p=2711"},"modified":"2020-11-12T21:53:05","modified_gmt":"2020-11-12T20:53:05","slug":"emprenedoria-5e","status":"publish","type":"post","link":"https:\/\/agora.xtec.cat\/ceipfarigola-seva\/general\/emprenedoria-5e\/","title":{"rendered":"EMPRENEDORIA 5\u00e8"},"content":{"rendered":"<p><strong>FASE 1. CREEM LA COOPERATIVA<\/strong><\/p>\n<p>L&#8217;alumnat de 5\u00e8 ja tenim molt avan\u00e7ada la creaci\u00f3 de la cooperativa. Una cooperativa desenvolupa la seva activitat dividida en diferents tasques i pel seu funcionament cal organitzar el treball en departaments i designar els responsables i els seus c\u00e0rrecs representatius. L\u2019elecci\u00f3 de c\u00e0rrecs \u00e9s un bon moment per reflexionar sobre les capacitats que es necessiten per exercir les tasques i les responsabilitats que hi estan vinculades. Hem comen\u00e7at per formar un equip directiu amb els c\u00e0rrecs de: presid\u00e8ncia, secretaria, tresoreria, moderaci\u00f3 i vicepresid\u00e8ncies. Els candidats van preparar i presentar la seva candidatura a la resta de s\u00f2cis i s\u00f2cies. Les candidatures van quedar de la seg\u00fcent manera:<\/p>\n<p>President: Guillem<br \/>\nVicepresidenta: Bernat<br \/>\nSecretaria: Naiara<br \/>\nVicesecretaria: Ina<br \/>\nTresorer: Adri\u00e0<br \/>\nVicetresorera: J\u00falia<br \/>\nModeradora: Bruna<br \/>\nVicemoderadors: \u00c1lvaro i Nora<\/p>\n<p>Us deixem les fotos de les presentacions de totes les candidatures:<a data-flickr-embed=\"true\" href=\"https:\/\/www.flickr.com\/photos\/145245634@N06\/albums\/72157716790557497\" title=\"Emprenedoria 5\u00e8\"><img loading=\"lazy\" decoding=\"async\" src=\"https:\/\/live.staticflickr.com\/65535\/50576082957_ab6a17f582_z.jpg\" width=\"640\" height=\"480\" alt=\"Emprenedoria 5\u00e8\"><\/a><script async src=\"\/\/embedr.flickr.com\/assets\/client-code.js\" charset=\"utf-8\"><\/script><\/p>\n","protected":false},"excerpt":{"rendered":"<p>FASE 1. CREEM LA COOPERATIVA L&#8217;alumnat de 5\u00e8 ja tenim molt avan\u00e7ada la creaci\u00f3 de la cooperativa. Una cooperativa desenvolupa la seva activitat dividida en diferents tasques i pel seu funcionament cal organitzar el treball en departaments i designar els responsables i els seus c\u00e0rrecs representatius. L\u2019elecci\u00f3 de c\u00e0rrecs \u00e9s un bon moment per reflexionar [&hellip;]<\/p>\n","protected":false},"author":8,"featured_media":0,"comment_status":"open","ping_status":"closed","sticky":false,"template":"","format":"standard","meta":{"_bbp_topic_count":0,"_bbp_reply_count":0,"_bbp_total_topic_count":0,"_bbp_total_reply_count":0,"_bbp_voice_count":0,"_bbp_anonymous_reply_count":0,"_bbp_topic_count_hidden":0,"_bbp_reply_count_hidden":0,"_bbp_forum_subforum_count":0,"site-sidebar-layout":"default","site-content-layout":"","ast-site-content-layout":"","site-content-style":"default","site-sidebar-style":"default","ast-global-header-display":"","ast-banner-title-visibility":"","ast-main-header-display":"","ast-hfb-above-header-display":"","ast-hfb-below-header-display":"","ast-hfb-mobile-header-display":"","site-post-title":"","ast-breadcrumbs-content":"","ast-featured-img":"","footer-sml-layout":"","theme-transparent-header-meta":"","adv-header-id-meta":"","stick-header-meta":"","header-above-stick-meta":"","header-main-stick-meta":"","header-below-stick-meta":"","astra-migrate-meta-layouts":"default","ast-page-background-enabled":"default","ast-page-background-meta":{"desktop":{"background-color":"var(--ast-global-color-4)","background-image":"","background-repeat":"repeat","background-position":"center center","background-size":"auto","background-attachment":"scroll","background-type":"","background-media":"","overlay-type":"","overlay-color":"","overlay-opacity":"","overlay-gradient":""},"tablet":{"background-color":"","background-image":"","background-repeat":"repeat","background-position":"center center","background-size":"auto","background-attachment":"scroll","background-type":"","background-media":"","overlay-type":"","overlay-color":"","overlay-opacity":"","overlay-gradient":""},"mobile":{"background-color":"","background-image":"","background-repeat":"repeat","background-position":"center center","background-size":"auto","background-attachment":"scroll","background-type":"","background-media":"","overlay-type":"","overlay-color":"","overlay-opacity":"","overlay-gradient":""}},"ast-content-background-meta":{"desktop":{"background-color":"var(--ast-global-color-5)","background-image":"","background-repeat":"repeat","background-position":"center center","background-size":"auto","background-attachment":"scroll","background-type":"","background-media":"","overlay-type":"","overlay-color":"","overlay-opacity":"","overlay-gradient":""},"tablet":{"background-color":"var(--ast-global-color-5)","background-image":"","background-repeat":"repeat","background-position":"center center","background-size":"auto","background-attachment":"scroll","background-type":"","background-media":"","overlay-type":"","overlay-color":"","overlay-opacity":"","overlay-gradient":""},"mobile":{"background-color":"var(--ast-global-color-5)","background-image":"","background-repeat":"repeat","background-position":"center center","background-size":"auto","background-attachment":"scroll","background-type":"","background-media":"","overlay-type":"","overlay-color":"","overlay-opacity":"","overlay-gradient":""}},"footnotes":""},"categories":[110,12,1],"tags":[],"class_list":["post-2711","post","type-post","status-publish","format-standard","hentry","category-5e","category-grans","category-general"],"post_mailing_queue_ids":[],"_links":{"self":[{"href":"https:\/\/agora.xtec.cat\/ceipfarigola-seva\/wp-json\/wp\/v2\/posts\/2711","targetHints":{"allow":["GET"]}}],"collection":[{"href":"https:\/\/agora.xtec.cat\/ceipfarigola-seva\/wp-json\/wp\/v2\/posts"}],"about":[{"href":"https:\/\/agora.xtec.cat\/ceipfarigola-seva\/wp-json\/wp\/v2\/types\/post"}],"author":[{"embeddable":true,"href":"https:\/\/agora.xtec.cat\/ceipfarigola-seva\/wp-json\/wp\/v2\/users\/8"}],"replies":[{"embeddable":true,"href":"https:\/\/agora.xtec.cat\/ceipfarigola-seva\/wp-json\/wp\/v2\/comments?post=2711"}],"version-history":[{"count":1,"href":"https:\/\/agora.xtec.cat\/ceipfarigola-seva\/wp-json\/wp\/v2\/posts\/2711\/revisions"}],"predecessor-version":[{"id":2712,"href":"https:\/\/agora.xtec.cat\/ceipfarigola-seva\/wp-json\/wp\/v2\/posts\/2711\/revisions\/2712"}],"wp:attachment":[{"href":"https:\/\/agora.xtec.cat\/ceipfarigola-seva\/wp-json\/wp\/v2\/media?parent=2711"}],"wp:term":[{"taxonomy":"category","embeddable":true,"href":"https:\/\/agora.xtec.cat\/ceipfarigola-seva\/wp-json\/wp\/v2\/categories?post=2711"},{"taxonomy":"post_tag","embeddable":true,"href":"https:\/\/agora.xtec.cat\/ceipfarigola-seva\/wp-json\/wp\/v2\/tags?post=2711"}],"curies":[{"name":"wp","href":"https:\/\/api.w.org\/{rel}","templated":true}]}}