{"id":2086,"date":"2020-01-16T23:05:19","date_gmt":"2020-01-16T22:05:19","guid":{"rendered":"https:\/\/agora.xtec.cat\/ceipfarigola-seva\/?p=2086"},"modified":"2020-03-03T21:06:42","modified_gmt":"2020-03-03T20:06:42","slug":"emprenadoria","status":"publish","type":"post","link":"https:\/\/agora.xtec.cat\/ceipfarigola-seva\/portada\/grans\/emprenadoria\/","title":{"rendered":"Emprenadoria"},"content":{"rendered":"<p><strong>FASE 0. PREPAREM-NOS PER EMPRENDRE<\/strong><\/p>\n<p>El que vam fer inicialment va ser preparar als alumnes per emprendre. Els alumnes van comen\u00e7ar per con\u00e8ixer millor qu\u00e8 vol dir ser emprenedor o emprenedora i quines habilitats es necessiten per poder emprendre. Vam veure v\u00eddeos de gent emprenedora i en vam poder fer la reflexi\u00f3 que no tothom t\u00e9 les mateixes habilitats i que junts som m\u00e9s poderosos. Cada alumne va dibuixar la seva ma i en cadascun dels dits en va anotar les seves habilitats i caracter\u00edstiques \u00fatils per la cooperativa. Cada alumne va explicar les seves qualitats als altres i de les mans en vam fer un mural.<br \/>\n<a data-flickr-embed=\"true\" href=\"https:\/\/www.flickr.com\/photos\/145245634@N06\/49395567933\/in\/dateposted-public\/\" title=\"Sin t\u00edtulo\"><img loading=\"lazy\" decoding=\"async\" src=\"https:\/\/live.staticflickr.com\/65535\/49395567933_703e46fc95_z.jpg\" width=\"640\" height=\"480\" alt=\"Sin t\u00edtulo\"><\/a><script async src=\"\/\/embedr.flickr.com\/assets\/client-code.js\" charset=\"utf-8\"><\/script><\/p>\n<p><strong>FASE 1. CREEM LA COOPERATIVA<\/strong><\/p>\n<p>A continuaci\u00f3 vam aprendre qu\u00e8 volia dir una cooperativa i vam explicar les difer\u00e8ncies amb altres tipus d\u2019empresa. Els alumnes van votar que volien ser una cooperativa: tothom far\u00e0 la mateixa aportaci\u00f3 de diners, la feina es far\u00e0 entre tots i totes i els vots de les decisions de les assemblees valdran per tothom igual.<\/p>\n<p>Una cooperativa desenvolupa la seva activitat dividida en diferents tasques i per al seu funcionament cal organitzar el treball en departaments i designar els responsables i els seus c\u00e0rrecs representatius. L\u2019elecci\u00f3 de c\u00e0rrecs \u00e9s un bon moment per reflexionar sobre les capacitats que es necessiten per exercir les tasques i les responsabilitats que hi estan vinculades. Vam comen\u00e7ar per formar un equip directiu amb els c\u00e0rrecs de: presid\u00e8ncia, secretaria, tresoreria i vicepresid\u00e8ncies. Els candidats van preparar i presentar la seva candidatura a la resta de s\u00f2cis i s\u00f2cies. Les candidatures van quedar de la seg\u00fcent manera:<br \/>\nPresidenta: Judit<br \/>\nVicepresidenta: Gil<br \/>\nSecretaria: Ivet<br \/>\nVicesecretari: Mateo<br \/>\nTresorer: Bernat<br \/>\nVicetresorera: Mariona<br \/>\n<a data-flickr-embed=\"true\" href=\"https:\/\/www.flickr.com\/photos\/145245634@N06\/albums\/72157712701240117\" title=\"EMPRENADORIA ED 5\u00e8\"><img loading=\"lazy\" decoding=\"async\" src=\"https:\/\/live.staticflickr.com\/65535\/49396269921_b6b5cb71a3_z.jpg\" width=\"640\" height=\"319\" alt=\"EMPRENADORIA ED 5\u00e8\"><\/a><script async src=\"\/\/embedr.flickr.com\/assets\/client-code.js\" charset=\"utf-8\"><\/script><\/p>\n<p>Ens va venir a visitar la N\u00faria del centre de Camadoca, un centre a on es realitzen tasques de conservaci\u00f3 de la fauna aut\u00f2ctona dels nostres rius i boscos. \u00c9s a on realitzarem el donatiu dels diners recaptats de la cooperativa. La N\u00faria ens va explicar el qu\u00e8 fan al centre i ens va donar l\u2019oportunitat d\u2019apadrinar a un dels seus animals el qual alliberarem el dia de la visita al centre.<br \/>\n<a data-flickr-embed=\"true\" href=\"https:\/\/www.flickr.com\/photos\/145245634@N06\/49395591863\/in\/dateposted-public\/\" title=\"Sin t\u00edtulo\"><img loading=\"lazy\" decoding=\"async\" src=\"https:\/\/live.staticflickr.com\/65535\/49395591863_004c970fb9_z.jpg\" width=\"640\" height=\"480\" alt=\"Sin t\u00edtulo\"><\/a><script async src=\"\/\/embedr.flickr.com\/assets\/client-code.js\" charset=\"utf-8\"><\/script><\/p>\n<p>Per la constituci\u00f3 de la cooperativa vam haver de preparar tot un seguit de documents: l\u2019acta de constituci\u00f3 (informaci\u00f3 b\u00e0sica de la cooperativa), la fitxa de registre de socis i s\u00f2cies (dades personals i aportaci\u00f3 de capital inicial, votat per els socis i s\u00f2cies de 4\u20ac) i els estatuts de la cooperativa. <\/p>\n<p><strong>FASE 2. DISSENYEM LA IMATGE <\/strong><\/p>\n<p>Entre tots vam decidir que el nom de la cooperativa ser\u00e0 CreatiKids. Per crear un bon logo i crear una bona imatge, la N\u00faria Busquets i la Bea Corts ens van donar consells sobre qu\u00e8 s\u2019ha de tenir en compte  a l\u2019hora d\u2019elaborar-lo. Ens van parlar de colors, formes i ens van ensenyar exemples de marques conegudes.<br \/>\n<a data-flickr-embed=\"true\" href=\"https:\/\/www.flickr.com\/photos\/145245634@N06\/albums\/72157712700626816\" title=\"Logos EMPRENADORIA 5\u00e8\"><img loading=\"lazy\" decoding=\"async\" src=\"https:\/\/live.staticflickr.com\/65535\/49396287467_fac6180cf5_z.jpg\" width=\"640\" height=\"480\" alt=\"Logos EMPRENADORIA 5\u00e8\"><\/a><script async src=\"\/\/embedr.flickr.com\/assets\/client-code.js\" charset=\"utf-8\"><\/script><\/p>\n<p>Ens van proposar crear el logo amb el programa Canva. Tots els logos van quedar genials.<br \/>\n<a data-flickr-embed=\"true\" href=\"https:\/\/www.flickr.com\/photos\/145245634@N06\/albums\/72157712700877296\" title=\"Logos EMPRENADORIA 5\u00e8\"><img loading=\"lazy\" decoding=\"async\" src=\"https:\/\/live.staticflickr.com\/65535\/49395693628_9e2eb8bb76_z.jpg\" width=\"637\" height=\"640\" alt=\"Logos EMPRENADORIA 5\u00e8\"><\/a><script async src=\"\/\/embedr.flickr.com\/assets\/client-code.js\" charset=\"utf-8\"><\/script><\/p>\n<p>El m\u00e9s votat per els socis i s\u00f2cies com a logo de la cooperativa va ser:<a data-flickr-embed=\"true\" href=\"https:\/\/www.flickr.com\/photos\/145245634@N06\/49396378032\/in\/dateposted-public\/\" title=\"Logos EMPRENADORIA 5\u00e8\"><img loading=\"lazy\" decoding=\"async\" src=\"https:\/\/live.staticflickr.com\/65535\/49396378032_e948842c2d_z.jpg\" width=\"639\" height=\"640\" alt=\"Logos EMPRENADORIA 5\u00e8\"><\/a><script async src=\"\/\/embedr.flickr.com\/assets\/client-code.js\" charset=\"utf-8\"><\/script><\/p>\n","protected":false},"excerpt":{"rendered":"<p>FASE 0. PREPAREM-NOS PER EMPRENDRE El que vam fer inicialment va ser preparar als alumnes per emprendre. Els alumnes van comen\u00e7ar per con\u00e8ixer millor qu\u00e8 vol dir ser emprenedor o emprenedora i quines habilitats es necessiten per poder emprendre. Vam veure v\u00eddeos de gent emprenedora i en vam poder fer la reflexi\u00f3 que no tothom [&hellip;]<\/p>\n","protected":false},"author":8,"featured_media":0,"comment_status":"open","ping_status":"closed","sticky":false,"template":"","format":"standard","meta":{"_bbp_topic_count":0,"_bbp_reply_count":0,"_bbp_total_topic_count":0,"_bbp_total_reply_count":0,"_bbp_voice_count":0,"_bbp_anonymous_reply_count":0,"_bbp_topic_count_hidden":0,"_bbp_reply_count_hidden":0,"_bbp_forum_subforum_count":0,"site-sidebar-layout":"default","site-content-layout":"","ast-site-content-layout":"","site-content-style":"default","site-sidebar-style":"default","ast-global-header-display":"","ast-banner-title-visibility":"","ast-main-header-display":"","ast-hfb-above-header-display":"","ast-hfb-below-header-display":"","ast-hfb-mobile-header-display":"","site-post-title":"","ast-breadcrumbs-content":"","ast-featured-img":"","footer-sml-layout":"","theme-transparent-header-meta":"","adv-header-id-meta":"","stick-header-meta":"","header-above-stick-meta":"","header-main-stick-meta":"","header-below-stick-meta":"","astra-migrate-meta-layouts":"default","ast-page-background-enabled":"default","ast-page-background-meta":{"desktop":{"background-color":"var(--ast-global-color-4)","background-image":"","background-repeat":"repeat","background-position":"center center","background-size":"auto","background-attachment":"scroll","background-type":"","background-media":"","overlay-type":"","overlay-color":"","overlay-opacity":"","overlay-gradient":""},"tablet":{"background-color":"","background-image":"","background-repeat":"repeat","background-position":"center center","background-size":"auto","background-attachment":"scroll","background-type":"","background-media":"","overlay-type":"","overlay-color":"","overlay-opacity":"","overlay-gradient":""},"mobile":{"background-color":"","background-image":"","background-repeat":"repeat","background-position":"center center","background-size":"auto","background-attachment":"scroll","background-type":"","background-media":"","overlay-type":"","overlay-color":"","overlay-opacity":"","overlay-gradient":""}},"ast-content-background-meta":{"desktop":{"background-color":"var(--ast-global-color-5)","background-image":"","background-repeat":"repeat","background-position":"center center","background-size":"auto","background-attachment":"scroll","background-type":"","background-media":"","overlay-type":"","overlay-color":"","overlay-opacity":"","overlay-gradient":""},"tablet":{"background-color":"var(--ast-global-color-5)","background-image":"","background-repeat":"repeat","background-position":"center center","background-size":"auto","background-attachment":"scroll","background-type":"","background-media":"","overlay-type":"","overlay-color":"","overlay-opacity":"","overlay-gradient":""},"mobile":{"background-color":"var(--ast-global-color-5)","background-image":"","background-repeat":"repeat","background-position":"center center","background-size":"auto","background-attachment":"scroll","background-type":"","background-media":"","overlay-type":"","overlay-color":"","overlay-opacity":"","overlay-gradient":""}},"footnotes":""},"categories":[12],"tags":[],"class_list":["post-2086","post","type-post","status-publish","format-standard","hentry","category-grans"],"post_mailing_queue_ids":[],"_links":{"self":[{"href":"https:\/\/agora.xtec.cat\/ceipfarigola-seva\/wp-json\/wp\/v2\/posts\/2086","targetHints":{"allow":["GET"]}}],"collection":[{"href":"https:\/\/agora.xtec.cat\/ceipfarigola-seva\/wp-json\/wp\/v2\/posts"}],"about":[{"href":"https:\/\/agora.xtec.cat\/ceipfarigola-seva\/wp-json\/wp\/v2\/types\/post"}],"author":[{"embeddable":true,"href":"https:\/\/agora.xtec.cat\/ceipfarigola-seva\/wp-json\/wp\/v2\/users\/8"}],"replies":[{"embeddable":true,"href":"https:\/\/agora.xtec.cat\/ceipfarigola-seva\/wp-json\/wp\/v2\/comments?post=2086"}],"version-history":[{"count":4,"href":"https:\/\/agora.xtec.cat\/ceipfarigola-seva\/wp-json\/wp\/v2\/posts\/2086\/revisions"}],"predecessor-version":[{"id":2175,"href":"https:\/\/agora.xtec.cat\/ceipfarigola-seva\/wp-json\/wp\/v2\/posts\/2086\/revisions\/2175"}],"wp:attachment":[{"href":"https:\/\/agora.xtec.cat\/ceipfarigola-seva\/wp-json\/wp\/v2\/media?parent=2086"}],"wp:term":[{"taxonomy":"category","embeddable":true,"href":"https:\/\/agora.xtec.cat\/ceipfarigola-seva\/wp-json\/wp\/v2\/categories?post=2086"},{"taxonomy":"post_tag","embeddable":true,"href":"https:\/\/agora.xtec.cat\/ceipfarigola-seva\/wp-json\/wp\/v2\/tags?post=2086"}],"curies":[{"name":"wp","href":"https:\/\/api.w.org\/{rel}","templated":true}]}}