{"id":2061,"date":"2019-12-28T21:34:17","date_gmt":"2019-12-28T20:34:17","guid":{"rendered":"https:\/\/agora.xtec.cat\/ceipfarigola-seva\/?p=2061"},"modified":"2019-12-29T18:02:29","modified_gmt":"2019-12-29T17:02:29","slug":"deixalleria-de-la-mancomunitat-la-plana-cs","status":"publish","type":"post","link":"https:\/\/agora.xtec.cat\/ceipfarigola-seva\/portada\/grans\/deixalleria-de-la-mancomunitat-la-plana-cs\/","title":{"rendered":"Deixalleria de la Mancomunitat La Plana CS"},"content":{"rendered":"<p>El dia 27 de novembre, els alumnes de CS vam anar a visitar la deixalleria de la Mancomunitat La Plana. All\u00e0, vam poder veure la import\u00e0ncia de l&#8217;\u00fas de la deixalleria a on es permet als ciutadans portar mobles, piles, aerosols, bombetes\u2026 i d&#8217;aquest manera evitar abocaments  incontrolats de residus i la contaminaci\u00f3 ambiental.<br \/>\nVam visitar la planta de triatge a on s&#8217;encarreguen de separar cada un dels residus. Vam veure com homes i dones separen les diferents deixalles perqu\u00e8 es puguin reciclar, ens va semblar una feina molt dura! Una vegada separats els residus, fan cubs amb els diferents materials i els porten a una empresa perqu\u00e8 els reciclin. Vam aprendre qu\u00e8 se&#8217;n fa del pl\u00e0stic, de les llaunes, del paper, de la mat\u00e8ria org\u00e0ntica&#8230; Ens va impactar molt saber a on van a parar els residus que no es poden reciclar. S&#8217;enterren a Or\u00eds, es fan muntanyes de deixalles i s&#8217;hi planten arbres a sobre!!! Ens queda molt a millorar&#8230;<\/p>\n<p>Reporters i reporteres: J\u00falia, Queralt i Brian<\/p>\n<p><a data-flickr-embed=\"true\" href=\"https:\/\/www.flickr.com\/photos\/145245634@N06\/albums\/72157711965224888\" title=\"Deixalleria CS\"><img loading=\"lazy\" decoding=\"async\" src=\"https:\/\/live.staticflickr.com\/65535\/49132661158_d56650c1fc_z.jpg\" width=\"640\" height=\"480\" alt=\"Deixalleria CS\"><\/a><script async src=\"\/\/embedr.flickr.com\/assets\/client-code.js\" charset=\"utf-8\"><\/script><\/p>\n","protected":false},"excerpt":{"rendered":"<p>El dia 27 de novembre, els alumnes de CS vam anar a visitar la deixalleria de la Mancomunitat La Plana. All\u00e0, vam poder veure la import\u00e0ncia de l&#8217;\u00fas de la deixalleria a on es permet als ciutadans portar mobles, piles, aerosols, bombetes\u2026 i d&#8217;aquest manera evitar abocaments incontrolats de residus i la contaminaci\u00f3 ambiental. Vam [&hellip;]<\/p>\n","protected":false},"author":8,"featured_media":0,"comment_status":"open","ping_status":"closed","sticky":false,"template":"","format":"standard","meta":{"_bbp_topic_count":0,"_bbp_reply_count":0,"_bbp_total_topic_count":0,"_bbp_total_reply_count":0,"_bbp_voice_count":0,"_bbp_anonymous_reply_count":0,"_bbp_topic_count_hidden":0,"_bbp_reply_count_hidden":0,"_bbp_forum_subforum_count":0,"site-sidebar-layout":"default","site-content-layout":"","ast-site-content-layout":"","site-content-style":"default","site-sidebar-style":"default","ast-global-header-display":"","ast-banner-title-visibility":"","ast-main-header-display":"","ast-hfb-above-header-display":"","ast-hfb-below-header-display":"","ast-hfb-mobile-header-display":"","site-post-title":"","ast-breadcrumbs-content":"","ast-featured-img":"","footer-sml-layout":"","theme-transparent-header-meta":"","adv-header-id-meta":"","stick-header-meta":"","header-above-stick-meta":"","header-main-stick-meta":"","header-below-stick-meta":"","astra-migrate-meta-layouts":"default","ast-page-background-enabled":"default","ast-page-background-meta":{"desktop":{"background-color":"var(--ast-global-color-4)","background-image":"","background-repeat":"repeat","background-position":"center center","background-size":"auto","background-attachment":"scroll","background-type":"","background-media":"","overlay-type":"","overlay-color":"","overlay-opacity":"","overlay-gradient":""},"tablet":{"background-color":"","background-image":"","background-repeat":"repeat","background-position":"center center","background-size":"auto","background-attachment":"scroll","background-type":"","background-media":"","overlay-type":"","overlay-color":"","overlay-opacity":"","overlay-gradient":""},"mobile":{"background-color":"","background-image":"","background-repeat":"repeat","background-position":"center center","background-size":"auto","background-attachment":"scroll","background-type":"","background-media":"","overlay-type":"","overlay-color":"","overlay-opacity":"","overlay-gradient":""}},"ast-content-background-meta":{"desktop":{"background-color":"var(--ast-global-color-5)","background-image":"","background-repeat":"repeat","background-position":"center center","background-size":"auto","background-attachment":"scroll","background-type":"","background-media":"","overlay-type":"","overlay-color":"","overlay-opacity":"","overlay-gradient":""},"tablet":{"background-color":"var(--ast-global-color-5)","background-image":"","background-repeat":"repeat","background-position":"center center","background-size":"auto","background-attachment":"scroll","background-type":"","background-media":"","overlay-type":"","overlay-color":"","overlay-opacity":"","overlay-gradient":""},"mobile":{"background-color":"var(--ast-global-color-5)","background-image":"","background-repeat":"repeat","background-position":"center center","background-size":"auto","background-attachment":"scroll","background-type":"","background-media":"","overlay-type":"","overlay-color":"","overlay-opacity":"","overlay-gradient":""}},"footnotes":""},"categories":[13,12],"tags":[],"class_list":["post-2061","post","type-post","status-publish","format-standard","hentry","category-6e","category-grans"],"post_mailing_queue_ids":[],"_links":{"self":[{"href":"https:\/\/agora.xtec.cat\/ceipfarigola-seva\/wp-json\/wp\/v2\/posts\/2061","targetHints":{"allow":["GET"]}}],"collection":[{"href":"https:\/\/agora.xtec.cat\/ceipfarigola-seva\/wp-json\/wp\/v2\/posts"}],"about":[{"href":"https:\/\/agora.xtec.cat\/ceipfarigola-seva\/wp-json\/wp\/v2\/types\/post"}],"author":[{"embeddable":true,"href":"https:\/\/agora.xtec.cat\/ceipfarigola-seva\/wp-json\/wp\/v2\/users\/8"}],"replies":[{"embeddable":true,"href":"https:\/\/agora.xtec.cat\/ceipfarigola-seva\/wp-json\/wp\/v2\/comments?post=2061"}],"version-history":[{"count":4,"href":"https:\/\/agora.xtec.cat\/ceipfarigola-seva\/wp-json\/wp\/v2\/posts\/2061\/revisions"}],"predecessor-version":[{"id":2071,"href":"https:\/\/agora.xtec.cat\/ceipfarigola-seva\/wp-json\/wp\/v2\/posts\/2061\/revisions\/2071"}],"wp:attachment":[{"href":"https:\/\/agora.xtec.cat\/ceipfarigola-seva\/wp-json\/wp\/v2\/media?parent=2061"}],"wp:term":[{"taxonomy":"category","embeddable":true,"href":"https:\/\/agora.xtec.cat\/ceipfarigola-seva\/wp-json\/wp\/v2\/categories?post=2061"},{"taxonomy":"post_tag","embeddable":true,"href":"https:\/\/agora.xtec.cat\/ceipfarigola-seva\/wp-json\/wp\/v2\/tags?post=2061"}],"curies":[{"name":"wp","href":"https:\/\/api.w.org\/{rel}","templated":true}]}}