{"id":1959,"date":"2019-11-05T10:02:22","date_gmt":"2019-11-05T09:02:22","guid":{"rendered":"https:\/\/agora.xtec.cat\/ceipfarigola-seva\/?p=1959"},"modified":"2019-11-21T12:03:06","modified_gmt":"2019-11-21T11:03:06","slug":"el-cos-huma-cicle-inicial","status":"publish","type":"post","link":"https:\/\/agora.xtec.cat\/ceipfarigola-seva\/portada\/mitjanes\/el-cos-huma-cicle-inicial\/","title":{"rendered":"El cos hum\u00e0"},"content":{"rendered":"<p>Durant aquest primer trimestre el Cicle Inicial hem iniciat el projecte del cos hum\u00e0. Vam partir de la pregunta: Qu\u00e8 necessitem per viure? I d\u2019aqu\u00ed van sortir moltes respostes que ens van ajudar agafar el fil per tal d\u2019estudiar m\u00e9s a fons amb el tema.<\/p>\n<p>Va sortir que necessit\u00e0vem moltes coses per viure, com per exemple: menjar, respirar&#8230; i d\u2019aqu\u00ed vam comen\u00e7ar investigar sobre les diferents parts del cos hum\u00e0 que intervenen en aquestes funcions.<\/p>\n<p>Per tal de poder saber m\u00e9s de totes les coses que formen el cos hum\u00e0, ens vam distribuir per parelles i cada parella va estudiar a fons sobre alguna part del cos hum\u00e0 ( cor, cervell, sang, venes, pulmons, intestins..) i vam intentar respondre a la pregunta: Qu\u00e8 passaria si no ho tingu\u00e9ssim?<\/p>\n<p>Finalment per tal que tots els companys i companyes sabessin qu\u00e8 hav\u00edem estudiat, vam fer una presentaci\u00f3 per tal d\u2019explicar-ho.<\/p>\n<p><a title=\"COS HUM\u00c0 (CI)\" href=\"https:\/\/www.flickr.com\/photos\/145245634@N06\/albums\/72157711651103311\" data-flickr-embed=\"true\"><img loading=\"lazy\" decoding=\"async\" src=\"https:\/\/live.staticflickr.com\/65535\/49017594583_a7efe5a693_z.jpg\" alt=\"COS HUM\u00c0 (CI)\" width=\"640\" height=\"480\" \/><\/a><script async src=\"\/\/embedr.flickr.com\/assets\/client-code.js\" charset=\"utf-8\"><\/script><\/p>\n","protected":false},"excerpt":{"rendered":"<p>Durant aquest primer trimestre el Cicle Inicial hem iniciat el projecte del cos hum\u00e0. Vam partir de la pregunta: Qu\u00e8 necessitem per viure? I d\u2019aqu\u00ed van sortir moltes respostes que ens van ajudar agafar el fil per tal d\u2019estudiar m\u00e9s a fons amb el tema. Va sortir que necessit\u00e0vem moltes coses per viure, com per [&hellip;]<\/p>\n","protected":false},"author":1,"featured_media":0,"comment_status":"open","ping_status":"closed","sticky":false,"template":"","format":"standard","meta":{"_bbp_topic_count":0,"_bbp_reply_count":0,"_bbp_total_topic_count":0,"_bbp_total_reply_count":0,"_bbp_voice_count":0,"_bbp_anonymous_reply_count":0,"_bbp_topic_count_hidden":0,"_bbp_reply_count_hidden":0,"_bbp_forum_subforum_count":0,"site-sidebar-layout":"default","site-content-layout":"","ast-site-content-layout":"","site-content-style":"default","site-sidebar-style":"default","ast-global-header-display":"","ast-banner-title-visibility":"","ast-main-header-display":"","ast-hfb-above-header-display":"","ast-hfb-below-header-display":"","ast-hfb-mobile-header-display":"","site-post-title":"","ast-breadcrumbs-content":"","ast-featured-img":"","footer-sml-layout":"","theme-transparent-header-meta":"","adv-header-id-meta":"","stick-header-meta":"","header-above-stick-meta":"","header-main-stick-meta":"","header-below-stick-meta":"","astra-migrate-meta-layouts":"default","ast-page-background-enabled":"default","ast-page-background-meta":{"desktop":{"background-color":"var(--ast-global-color-4)","background-image":"","background-repeat":"repeat","background-position":"center center","background-size":"auto","background-attachment":"scroll","background-type":"","background-media":"","overlay-type":"","overlay-color":"","overlay-opacity":"","overlay-gradient":""},"tablet":{"background-color":"","background-image":"","background-repeat":"repeat","background-position":"center center","background-size":"auto","background-attachment":"scroll","background-type":"","background-media":"","overlay-type":"","overlay-color":"","overlay-opacity":"","overlay-gradient":""},"mobile":{"background-color":"","background-image":"","background-repeat":"repeat","background-position":"center center","background-size":"auto","background-attachment":"scroll","background-type":"","background-media":"","overlay-type":"","overlay-color":"","overlay-opacity":"","overlay-gradient":""}},"ast-content-background-meta":{"desktop":{"background-color":"var(--ast-global-color-5)","background-image":"","background-repeat":"repeat","background-position":"center center","background-size":"auto","background-attachment":"scroll","background-type":"","background-media":"","overlay-type":"","overlay-color":"","overlay-opacity":"","overlay-gradient":""},"tablet":{"background-color":"var(--ast-global-color-5)","background-image":"","background-repeat":"repeat","background-position":"center center","background-size":"auto","background-attachment":"scroll","background-type":"","background-media":"","overlay-type":"","overlay-color":"","overlay-opacity":"","overlay-gradient":""},"mobile":{"background-color":"var(--ast-global-color-5)","background-image":"","background-repeat":"repeat","background-position":"center center","background-size":"auto","background-attachment":"scroll","background-type":"","background-media":"","overlay-type":"","overlay-color":"","overlay-opacity":"","overlay-gradient":""}},"footnotes":""},"categories":[8,3],"tags":[],"class_list":["post-1959","post","type-post","status-publish","format-standard","hentry","category-2n","category-mitjanes"],"post_mailing_queue_ids":[],"_links":{"self":[{"href":"https:\/\/agora.xtec.cat\/ceipfarigola-seva\/wp-json\/wp\/v2\/posts\/1959","targetHints":{"allow":["GET"]}}],"collection":[{"href":"https:\/\/agora.xtec.cat\/ceipfarigola-seva\/wp-json\/wp\/v2\/posts"}],"about":[{"href":"https:\/\/agora.xtec.cat\/ceipfarigola-seva\/wp-json\/wp\/v2\/types\/post"}],"author":[{"embeddable":true,"href":"https:\/\/agora.xtec.cat\/ceipfarigola-seva\/wp-json\/wp\/v2\/users\/1"}],"replies":[{"embeddable":true,"href":"https:\/\/agora.xtec.cat\/ceipfarigola-seva\/wp-json\/wp\/v2\/comments?post=1959"}],"version-history":[{"count":3,"href":"https:\/\/agora.xtec.cat\/ceipfarigola-seva\/wp-json\/wp\/v2\/posts\/1959\/revisions"}],"predecessor-version":[{"id":2015,"href":"https:\/\/agora.xtec.cat\/ceipfarigola-seva\/wp-json\/wp\/v2\/posts\/1959\/revisions\/2015"}],"wp:attachment":[{"href":"https:\/\/agora.xtec.cat\/ceipfarigola-seva\/wp-json\/wp\/v2\/media?parent=1959"}],"wp:term":[{"taxonomy":"category","embeddable":true,"href":"https:\/\/agora.xtec.cat\/ceipfarigola-seva\/wp-json\/wp\/v2\/categories?post=1959"},{"taxonomy":"post_tag","embeddable":true,"href":"https:\/\/agora.xtec.cat\/ceipfarigola-seva\/wp-json\/wp\/v2\/tags?post=1959"}],"curies":[{"name":"wp","href":"https:\/\/api.w.org\/{rel}","templated":true}]}}