{"id":1928,"date":"2019-10-29T19:27:18","date_gmt":"2019-10-29T18:27:18","guid":{"rendered":"https:\/\/agora.xtec.cat\/ceipfarigola-seva\/?p=1928"},"modified":"2020-04-19T11:48:19","modified_gmt":"2020-04-19T09:48:19","slug":"mes-informacio-sobre-la-greta-thunberg-i-el-canvi-climatic","status":"publish","type":"post","link":"https:\/\/agora.xtec.cat\/ceipfarigola-seva\/general\/mes-informacio-sobre-la-greta-thunberg-i-el-canvi-climatic\/","title":{"rendered":"SALVEM EL PLANETA"},"content":{"rendered":"<p>QUI \u00c9S LA GRETA?<br \/>\nLa Greta \u00e9s una nena sueca de 16 anys que lluita contra el canvi clim\u00e0tic.<br \/>\nQuan era petita es va deprimir, va deixar de parlar. La van diagnosticar amb s\u00edndrome d&#8217;Asperger i no entenia per qu\u00e8 estaven fent tan poca cosa pel m\u00f3n.<\/p>\n<p>M\u00e9s gran la Greta es va fer vegana perqu\u00e8 es va assabentar que la cria intensiva de ramaderia \u00e9s responsable del 90% de la desforestaci\u00f3 de l&#8217;Amazones. L&#8217;any 2019 la Greta va apar\u00e8ixer a la revista time. La Greta va estar 20 dies seguits anant davant del parlament de Su\u00e8cia. Ella s&#8217;estava saltant varies hores de classe per manifestar-se del mal que li estan fent al m\u00f3n.<\/p>\n<p>El 14 d&#8217;agost de 2019 la Greta va iniciar una travessia per l&#8217;oce\u00e0 atl\u00e0ntic a bord d&#8217;un veler, per anar a una reuni\u00f3 del canvi clim\u00e0tic als Estats Units el 23 de setembre.<\/p>\n<p>El friday for future \u00e9s un moviment de queixa dedicat al canvi clim\u00e0tic.<\/p>\n<p>Vaga d&#8217;escola contra el clima: Va comen\u00e7ar en B\u00e8lgica. Des del passat mes de gener els nens\/es d&#8217;instituts marxaven cada divendres per exigir solucions contra el canvi clim\u00e0tic.<\/p>\n<p>COM ES PRODUEIX EL CANVI CLIM\u00c0TIC?<\/p>\n<p>Els gasos que produ\u00efm doncs a trav\u00e9s de les f\u00e0briques, els productes que fem servir, els fums dels vehicles que funcionen amb combustibles f\u00f2ssils, les energies el\u00e8ctriques que arriben a les cases per poder tenir llum&#8230; Tot aix\u00f2 produeix els gasos d&#8217;efecte hivernacle que s\u00f3n aquests n\u00favols de gasos. Quan els rajos de sol arriben a la terra es reflexen i es descomponen en el mar i llavors han de tornar a sortir. A l&#8217;estar aquesta capa, que es diu la capa d&#8217;Oz\u00f3 la majoria dels rajos queden atrapats i nom\u00e9s una petita part aconsegueix sortir, no poden sortir i llavors cada vegada s&#8217;escalfa m\u00e9s i m\u00e9s la terra.<\/p>\n<p>CONSEQ\u00dc\u00c8NCIES Que LA TERRA PUGI DE TEMPERATURA<\/p>\n<p>Al pujar la terra de temperatura, es produeixen moltes cat\u00e0strofes naturals com per exemple: Hi ha molts pobles i ciutats que quedaran com si fossin deserts per culpa de la sequera, tamb\u00e9 estem veient que el Pol Nord s&#8217;est\u00e0 desfent i aix\u00f2 fa que molts animals morin per la calor i llavors<br \/>\nel nivell del mar puja i provoca m\u00e9s tsunamis, inundacions i molt pobles que estan a prop del mar quedin inundades. Tamb\u00e9 a l&#8217;haver canvis de temperatures es van produint incendis. Quan fa molta calor cada vegada s&#8217;evapora m\u00e9s aigua del mar llavors es crea un n\u00favol i quan aquesta aigua evaporada es condensa per les corrents d&#8217;aire fred torna a caure en forma de pluja molt forta provocant inundacions, tamb\u00e9 pel desbordament dels pantans i rius. I tamb\u00e9 a l&#8217;haver-hi tants canvis de temperatura es van produint tornados i huracans.<\/p>\n<p>Un petit canvi no fa res per\u00f2 si tots fem petits canvis al nostre estil de vida, podem aconseguir un gran canvi. SALVEM EL PLANETA.<\/p>\n<p>Redactors: Isis, V\u00edctor, Neus, Nora i Sira<\/p>\n<p><a href=\"https:\/\/agora.xtec.cat\/ceipfarigola-seva\/wp-content\/uploads\/usu217\/2019\/10\/canvi-climatic.jpg\"><img loading=\"lazy\" decoding=\"async\" src=\"https:\/\/agora.xtec.cat\/ceipfarigola-seva\/wp-content\/uploads\/usu217\/2019\/10\/canvi-climatic-1024x768.jpg\" alt=\"\" width=\"1024\" height=\"768\" class=\"alignnone size-large wp-image-1929\" \/><\/a><\/p>\n","protected":false},"excerpt":{"rendered":"<p>QUI \u00c9S LA GRETA? La Greta \u00e9s una nena sueca de 16 anys que lluita contra el canvi clim\u00e0tic. Quan era petita es va deprimir, va deixar de parlar. La van diagnosticar amb s\u00edndrome d&#8217;Asperger i no entenia per qu\u00e8 estaven fent tan poca cosa pel m\u00f3n. M\u00e9s gran la Greta es va fer vegana [&hellip;]<\/p>\n","protected":false},"author":1,"featured_media":0,"comment_status":"open","ping_status":"closed","sticky":false,"template":"","format":"standard","meta":{"_bbp_topic_count":0,"_bbp_reply_count":0,"_bbp_total_topic_count":0,"_bbp_total_reply_count":0,"_bbp_voice_count":0,"_bbp_anonymous_reply_count":0,"_bbp_topic_count_hidden":0,"_bbp_reply_count_hidden":0,"_bbp_forum_subforum_count":0,"site-sidebar-layout":"default","site-content-layout":"","ast-site-content-layout":"","site-content-style":"default","site-sidebar-style":"default","ast-global-header-display":"","ast-banner-title-visibility":"","ast-main-header-display":"","ast-hfb-above-header-display":"","ast-hfb-below-header-display":"","ast-hfb-mobile-header-display":"","site-post-title":"","ast-breadcrumbs-content":"","ast-featured-img":"","footer-sml-layout":"","theme-transparent-header-meta":"","adv-header-id-meta":"","stick-header-meta":"","header-above-stick-meta":"","header-main-stick-meta":"","header-below-stick-meta":"","astra-migrate-meta-layouts":"default","ast-page-background-enabled":"default","ast-page-background-meta":{"desktop":{"background-color":"var(--ast-global-color-4)","background-image":"","background-repeat":"repeat","background-position":"center center","background-size":"auto","background-attachment":"scroll","background-type":"","background-media":"","overlay-type":"","overlay-color":"","overlay-opacity":"","overlay-gradient":""},"tablet":{"background-color":"","background-image":"","background-repeat":"repeat","background-position":"center center","background-size":"auto","background-attachment":"scroll","background-type":"","background-media":"","overlay-type":"","overlay-color":"","overlay-opacity":"","overlay-gradient":""},"mobile":{"background-color":"","background-image":"","background-repeat":"repeat","background-position":"center center","background-size":"auto","background-attachment":"scroll","background-type":"","background-media":"","overlay-type":"","overlay-color":"","overlay-opacity":"","overlay-gradient":""}},"ast-content-background-meta":{"desktop":{"background-color":"var(--ast-global-color-5)","background-image":"","background-repeat":"repeat","background-position":"center center","background-size":"auto","background-attachment":"scroll","background-type":"","background-media":"","overlay-type":"","overlay-color":"","overlay-opacity":"","overlay-gradient":""},"tablet":{"background-color":"var(--ast-global-color-5)","background-image":"","background-repeat":"repeat","background-position":"center center","background-size":"auto","background-attachment":"scroll","background-type":"","background-media":"","overlay-type":"","overlay-color":"","overlay-opacity":"","overlay-gradient":""},"mobile":{"background-color":"var(--ast-global-color-5)","background-image":"","background-repeat":"repeat","background-position":"center center","background-size":"auto","background-attachment":"scroll","background-type":"","background-media":"","overlay-type":"","overlay-color":"","overlay-opacity":"","overlay-gradient":""}},"footnotes":""},"categories":[1],"tags":[],"class_list":["post-1928","post","type-post","status-publish","format-standard","hentry","category-general"],"post_mailing_queue_ids":[],"_links":{"self":[{"href":"https:\/\/agora.xtec.cat\/ceipfarigola-seva\/wp-json\/wp\/v2\/posts\/1928","targetHints":{"allow":["GET"]}}],"collection":[{"href":"https:\/\/agora.xtec.cat\/ceipfarigola-seva\/wp-json\/wp\/v2\/posts"}],"about":[{"href":"https:\/\/agora.xtec.cat\/ceipfarigola-seva\/wp-json\/wp\/v2\/types\/post"}],"author":[{"embeddable":true,"href":"https:\/\/agora.xtec.cat\/ceipfarigola-seva\/wp-json\/wp\/v2\/users\/1"}],"replies":[{"embeddable":true,"href":"https:\/\/agora.xtec.cat\/ceipfarigola-seva\/wp-json\/wp\/v2\/comments?post=1928"}],"version-history":[{"count":2,"href":"https:\/\/agora.xtec.cat\/ceipfarigola-seva\/wp-json\/wp\/v2\/posts\/1928\/revisions"}],"predecessor-version":[{"id":1931,"href":"https:\/\/agora.xtec.cat\/ceipfarigola-seva\/wp-json\/wp\/v2\/posts\/1928\/revisions\/1931"}],"wp:attachment":[{"href":"https:\/\/agora.xtec.cat\/ceipfarigola-seva\/wp-json\/wp\/v2\/media?parent=1928"}],"wp:term":[{"taxonomy":"category","embeddable":true,"href":"https:\/\/agora.xtec.cat\/ceipfarigola-seva\/wp-json\/wp\/v2\/categories?post=1928"},{"taxonomy":"post_tag","embeddable":true,"href":"https:\/\/agora.xtec.cat\/ceipfarigola-seva\/wp-json\/wp\/v2\/tags?post=1928"}],"curies":[{"name":"wp","href":"https:\/\/api.w.org\/{rel}","templated":true}]}}