{"id":1893,"date":"2019-10-10T20:09:37","date_gmt":"2019-10-10T18:09:37","guid":{"rendered":"https:\/\/agora.xtec.cat\/ceipfarigola-seva\/?p=1893"},"modified":"2019-10-10T20:09:37","modified_gmt":"2019-10-10T18:09:37","slug":"camp-daprenentatge-3r-dia-2","status":"publish","type":"post","link":"https:\/\/agora.xtec.cat\/ceipfarigola-seva\/general\/camp-daprenentatge-3r-dia-2\/","title":{"rendered":"Camp d&#8217;aprenentatge, 3r dia"},"content":{"rendered":"<p>Benvolguts pares i mares,<\/p>\n<p>avui, el 3r dia, hem anat a un jaciment arqueol\u00f2gic que es diu la Roca dels bous a on van viure uns neandertals, parents nostres, que vivien en un abric que \u00e9s una cova molt poc profunda.El jaciment es diu la Roca dels bous perqu\u00e8 els habitants de St Lloren\u00e7 de Montgai hi guardaven els bous dels pastors, no fa massa anys. Ah per cert, ahir vam tenir la sorpresa d&#8217;una nit prehist\u00f2rica, ens va agradar molt. Vam sopar &#8220;mamut&#8221; i una sopa de verdures, alguns van tornar a treure el mamut:(!<\/p>\n<p>Avui a la tarda, el grup que ahir va fer paleoantropologia avui ha fet cer\u00e0mica i els que van fer cer\u00e0mica avui han fet paleoantropologia i ens ha agradat molt a tots. Fins dem\u00e0 pares i mares;)<\/p>\n<p>Ferran Jord\u00e0\/Eric Alonso\/Victor Pe\u00f1a<\/p>\n<p><a data-flickr-embed=\"true\" href=\"https:\/\/www.flickr.com\/photos\/145245634@N06\/albums\/72157711273707266\" title=\"CdA CS 3r Dia\"><img loading=\"lazy\" decoding=\"async\" src=\"https:\/\/live.staticflickr.com\/65535\/48875140747_5785c976a3_z.jpg\" width=\"640\" height=\"480\" alt=\"CdA CS 3r Dia\"><\/a><script async src=\"\/\/embedr.flickr.com\/assets\/client-code.js\" charset=\"utf-8\"><\/script><\/p>\n","protected":false},"excerpt":{"rendered":"<p>Benvolguts pares i mares, avui, el 3r dia, hem anat a un jaciment arqueol\u00f2gic que es diu la Roca dels bous a on van viure uns neandertals, parents nostres, que vivien en un abric que \u00e9s una cova molt poc profunda.El jaciment es diu la Roca dels bous perqu\u00e8 els habitants de St Lloren\u00e7 de [&hellip;]<\/p>\n","protected":false},"author":3,"featured_media":0,"comment_status":"open","ping_status":"closed","sticky":false,"template":"","format":"standard","meta":{"_bbp_topic_count":0,"_bbp_reply_count":0,"_bbp_total_topic_count":0,"_bbp_total_reply_count":0,"_bbp_voice_count":0,"_bbp_anonymous_reply_count":0,"_bbp_topic_count_hidden":0,"_bbp_reply_count_hidden":0,"_bbp_forum_subforum_count":0,"site-sidebar-layout":"default","site-content-layout":"","ast-site-content-layout":"","site-content-style":"default","site-sidebar-style":"default","ast-global-header-display":"","ast-banner-title-visibility":"","ast-main-header-display":"","ast-hfb-above-header-display":"","ast-hfb-below-header-display":"","ast-hfb-mobile-header-display":"","site-post-title":"","ast-breadcrumbs-content":"","ast-featured-img":"","footer-sml-layout":"","theme-transparent-header-meta":"","adv-header-id-meta":"","stick-header-meta":"","header-above-stick-meta":"","header-main-stick-meta":"","header-below-stick-meta":"","astra-migrate-meta-layouts":"default","ast-page-background-enabled":"default","ast-page-background-meta":{"desktop":{"background-color":"var(--ast-global-color-4)","background-image":"","background-repeat":"repeat","background-position":"center center","background-size":"auto","background-attachment":"scroll","background-type":"","background-media":"","overlay-type":"","overlay-color":"","overlay-opacity":"","overlay-gradient":""},"tablet":{"background-color":"","background-image":"","background-repeat":"repeat","background-position":"center center","background-size":"auto","background-attachment":"scroll","background-type":"","background-media":"","overlay-type":"","overlay-color":"","overlay-opacity":"","overlay-gradient":""},"mobile":{"background-color":"","background-image":"","background-repeat":"repeat","background-position":"center center","background-size":"auto","background-attachment":"scroll","background-type":"","background-media":"","overlay-type":"","overlay-color":"","overlay-opacity":"","overlay-gradient":""}},"ast-content-background-meta":{"desktop":{"background-color":"var(--ast-global-color-5)","background-image":"","background-repeat":"repeat","background-position":"center center","background-size":"auto","background-attachment":"scroll","background-type":"","background-media":"","overlay-type":"","overlay-color":"","overlay-opacity":"","overlay-gradient":""},"tablet":{"background-color":"var(--ast-global-color-5)","background-image":"","background-repeat":"repeat","background-position":"center center","background-size":"auto","background-attachment":"scroll","background-type":"","background-media":"","overlay-type":"","overlay-color":"","overlay-opacity":"","overlay-gradient":""},"mobile":{"background-color":"var(--ast-global-color-5)","background-image":"","background-repeat":"repeat","background-position":"center center","background-size":"auto","background-attachment":"scroll","background-type":"","background-media":"","overlay-type":"","overlay-color":"","overlay-opacity":"","overlay-gradient":""}},"footnotes":""},"categories":[13,12,1],"tags":[],"class_list":["post-1893","post","type-post","status-publish","format-standard","hentry","category-6e","category-grans","category-general"],"post_mailing_queue_ids":[],"_links":{"self":[{"href":"https:\/\/agora.xtec.cat\/ceipfarigola-seva\/wp-json\/wp\/v2\/posts\/1893","targetHints":{"allow":["GET"]}}],"collection":[{"href":"https:\/\/agora.xtec.cat\/ceipfarigola-seva\/wp-json\/wp\/v2\/posts"}],"about":[{"href":"https:\/\/agora.xtec.cat\/ceipfarigola-seva\/wp-json\/wp\/v2\/types\/post"}],"author":[{"embeddable":true,"href":"https:\/\/agora.xtec.cat\/ceipfarigola-seva\/wp-json\/wp\/v2\/users\/3"}],"replies":[{"embeddable":true,"href":"https:\/\/agora.xtec.cat\/ceipfarigola-seva\/wp-json\/wp\/v2\/comments?post=1893"}],"version-history":[{"count":1,"href":"https:\/\/agora.xtec.cat\/ceipfarigola-seva\/wp-json\/wp\/v2\/posts\/1893\/revisions"}],"predecessor-version":[{"id":1894,"href":"https:\/\/agora.xtec.cat\/ceipfarigola-seva\/wp-json\/wp\/v2\/posts\/1893\/revisions\/1894"}],"wp:attachment":[{"href":"https:\/\/agora.xtec.cat\/ceipfarigola-seva\/wp-json\/wp\/v2\/media?parent=1893"}],"wp:term":[{"taxonomy":"category","embeddable":true,"href":"https:\/\/agora.xtec.cat\/ceipfarigola-seva\/wp-json\/wp\/v2\/categories?post=1893"},{"taxonomy":"post_tag","embeddable":true,"href":"https:\/\/agora.xtec.cat\/ceipfarigola-seva\/wp-json\/wp\/v2\/tags?post=1893"}],"curies":[{"name":"wp","href":"https:\/\/api.w.org\/{rel}","templated":true}]}}