{"id":1382,"date":"2018-05-17T13:46:12","date_gmt":"2018-05-17T11:46:12","guid":{"rendered":"http:\/\/agora.xtec.cat\/ceipfarigola-seva\/?p=1382"},"modified":"2018-05-18T09:21:10","modified_gmt":"2018-05-18T07:21:10","slug":"neteja-del-pati-ci","status":"publish","type":"post","link":"https:\/\/agora.xtec.cat\/ceipfarigola-seva\/portada\/neteja-del-pati-ci\/","title":{"rendered":"NETEJA DEL PATI CI"},"content":{"rendered":"<p>Els\/les nens\/es de Cicle Inicial treballem el reciclatge. Tenim com a objectiu que el pati sempre estigui net i que no calgui netejar-lo cada divendres.<br \/>\nDurant una setmana l&#8217;alumnat de segon va netejar el pati cada dia. La seg\u00fcent setmana ho van fer els de primer.<br \/>\nVam posar totes les deixalles en una caixa transparent per veure la quantitat d&#8217;escombraries que hi ha al pati.<br \/>\nHo vam classificar en org\u00e0nic, reciclables i rebuig i en vam fer gr\u00e0fiques.<br \/>\nEns vam adonar que el que m\u00e9s hi havia al pati era l&#8217;org\u00e0nic i el reciclable que tiren els alumnes.<br \/>\nCada curs ho va explicar a diferents classes per conscienciar a l&#8217;alumnat del nostre comportament, a veure si es pot millorar.<br \/>\nLa conclusi\u00f3 que en van treure va ser que la caixa hauria d&#8217;estar buida.<br \/>\nAra, durant 15 dies tornarem a netejar el pati per veure si hem millorat.<br \/>\nTamb\u00e9 hem escrit esl\u00f2gans que es senten a l&#8217;hora del pati pel meg\u00e0fon, per tal de recordar que no es tiri res al terra.<br \/>\n<a data-flickr-embed=\"true\"  href=\"https:\/\/www.flickr.com\/photos\/145245634@N06\/albums\/72157695188831141\" title=\"NETEJA DEL PATI CI\"><img loading=\"lazy\" decoding=\"async\" src=\"https:\/\/farm1.staticflickr.com\/981\/27296859827_4fe57855b5_c.jpg\" width=\"800\" height=\"600\" alt=\"NETEJA DEL PATI CI\"><\/a><script async src=\"\/\/embedr.flickr.com\/assets\/client-code.js\" charset=\"utf-8\"><\/script><\/p>\n","protected":false},"excerpt":{"rendered":"<p>Els\/les nens\/es de Cicle Inicial treballem el reciclatge. Tenim com a objectiu que el pati sempre estigui net i que no calgui netejar-lo cada divendres. Durant una setmana l&#8217;alumnat de segon va netejar el pati cada dia. La seg\u00fcent setmana ho van fer els de primer. Vam posar totes les deixalles en una caixa transparent [&hellip;]<\/p>\n","protected":false},"author":1,"featured_media":0,"comment_status":"open","ping_status":"closed","sticky":false,"template":"","format":"standard","meta":{"_bbp_topic_count":0,"_bbp_reply_count":0,"_bbp_total_topic_count":0,"_bbp_total_reply_count":0,"_bbp_voice_count":0,"_bbp_anonymous_reply_count":0,"_bbp_topic_count_hidden":0,"_bbp_reply_count_hidden":0,"_bbp_forum_subforum_count":0,"site-sidebar-layout":"default","site-content-layout":"","ast-site-content-layout":"","site-content-style":"default","site-sidebar-style":"default","ast-global-header-display":"","ast-banner-title-visibility":"","ast-main-header-display":"","ast-hfb-above-header-display":"","ast-hfb-below-header-display":"","ast-hfb-mobile-header-display":"","site-post-title":"","ast-breadcrumbs-content":"","ast-featured-img":"","footer-sml-layout":"","theme-transparent-header-meta":"","adv-header-id-meta":"","stick-header-meta":"","header-above-stick-meta":"","header-main-stick-meta":"","header-below-stick-meta":"","astra-migrate-meta-layouts":"default","ast-page-background-enabled":"default","ast-page-background-meta":{"desktop":{"background-color":"var(--ast-global-color-4)","background-image":"","background-repeat":"repeat","background-position":"center center","background-size":"auto","background-attachment":"scroll","background-type":"","background-media":"","overlay-type":"","overlay-color":"","overlay-opacity":"","overlay-gradient":""},"tablet":{"background-color":"","background-image":"","background-repeat":"repeat","background-position":"center center","background-size":"auto","background-attachment":"scroll","background-type":"","background-media":"","overlay-type":"","overlay-color":"","overlay-opacity":"","overlay-gradient":""},"mobile":{"background-color":"","background-image":"","background-repeat":"repeat","background-position":"center center","background-size":"auto","background-attachment":"scroll","background-type":"","background-media":"","overlay-type":"","overlay-color":"","overlay-opacity":"","overlay-gradient":""}},"ast-content-background-meta":{"desktop":{"background-color":"var(--ast-global-color-5)","background-image":"","background-repeat":"repeat","background-position":"center center","background-size":"auto","background-attachment":"scroll","background-type":"","background-media":"","overlay-type":"","overlay-color":"","overlay-opacity":"","overlay-gradient":""},"tablet":{"background-color":"var(--ast-global-color-5)","background-image":"","background-repeat":"repeat","background-position":"center center","background-size":"auto","background-attachment":"scroll","background-type":"","background-media":"","overlay-type":"","overlay-color":"","overlay-opacity":"","overlay-gradient":""},"mobile":{"background-color":"var(--ast-global-color-5)","background-image":"","background-repeat":"repeat","background-position":"center center","background-size":"auto","background-attachment":"scroll","background-type":"","background-media":"","overlay-type":"","overlay-color":"","overlay-opacity":"","overlay-gradient":""}},"footnotes":""},"categories":[10,11,4],"tags":[],"class_list":["post-1382","post","type-post","status-publish","format-standard","hentry","category-3r","category-4t","category-portada"],"post_mailing_queue_ids":[],"_links":{"self":[{"href":"https:\/\/agora.xtec.cat\/ceipfarigola-seva\/wp-json\/wp\/v2\/posts\/1382","targetHints":{"allow":["GET"]}}],"collection":[{"href":"https:\/\/agora.xtec.cat\/ceipfarigola-seva\/wp-json\/wp\/v2\/posts"}],"about":[{"href":"https:\/\/agora.xtec.cat\/ceipfarigola-seva\/wp-json\/wp\/v2\/types\/post"}],"author":[{"embeddable":true,"href":"https:\/\/agora.xtec.cat\/ceipfarigola-seva\/wp-json\/wp\/v2\/users\/1"}],"replies":[{"embeddable":true,"href":"https:\/\/agora.xtec.cat\/ceipfarigola-seva\/wp-json\/wp\/v2\/comments?post=1382"}],"version-history":[{"count":1,"href":"https:\/\/agora.xtec.cat\/ceipfarigola-seva\/wp-json\/wp\/v2\/posts\/1382\/revisions"}],"predecessor-version":[{"id":1383,"href":"https:\/\/agora.xtec.cat\/ceipfarigola-seva\/wp-json\/wp\/v2\/posts\/1382\/revisions\/1383"}],"wp:attachment":[{"href":"https:\/\/agora.xtec.cat\/ceipfarigola-seva\/wp-json\/wp\/v2\/media?parent=1382"}],"wp:term":[{"taxonomy":"category","embeddable":true,"href":"https:\/\/agora.xtec.cat\/ceipfarigola-seva\/wp-json\/wp\/v2\/categories?post=1382"},{"taxonomy":"post_tag","embeddable":true,"href":"https:\/\/agora.xtec.cat\/ceipfarigola-seva\/wp-json\/wp\/v2\/tags?post=1382"}],"curies":[{"name":"wp","href":"https:\/\/api.w.org\/{rel}","templated":true}]}}