{"id":1359,"date":"2018-05-10T09:44:18","date_gmt":"2018-05-10T07:44:18","guid":{"rendered":"http:\/\/agora.xtec.cat\/ceipfarigola-seva\/?p=1359"},"modified":"2018-05-11T12:18:40","modified_gmt":"2018-05-11T10:18:40","slug":"colonies-ci-a-tuixent","status":"publish","type":"post","link":"https:\/\/agora.xtec.cat\/ceipfarigola-seva\/portada\/colonies-ci-a-tuixent\/","title":{"rendered":"Col\u00f2nies de CI a Tuixent"},"content":{"rendered":"<p>Els de 1r i 2n ja estem de col\u00f2nies!<\/p>\n<p>El dimecres, despr\u00e9s del viatge amb l&#8217;autocar disfruntant d&#8217;unes vistes fant\u00e0stiques, arrib\u00e0vem a Tuixent al migdia. Vam dinar i tot seguit les monitores ens tenien preparat un joc de pistes per descobrir Tuixent. Llavors vam preparar les habitacions i vam gaudir tot jugant a jocs cooperatius. Despr\u00e9s de sopar ens esperava el desitjat joc de nit. I de badall en badall, ens vam adormir&#8230;<br \/>\nEl dijous ens vam llevar amb molta energia i vam esmorzar for\u00e7a ja que ens esperava un dia molt divertit!<br \/>\nLa ruta de les herbes remeieres i un taller de bosses d&#8217;olor van ser les activitats del mat\u00ed.<br \/>\nDespr\u00e9s de dinar, vam tenir l&#8217;oportunitat de con\u00e8ixer com funciona una estaci\u00f3 meteorol\u00f2gica i tot seguit vam fer una taller on vam construir un dels aparells de l&#8217;estaci\u00f3.<br \/>\nUn cop acabada aquesta activitat, vam berenar i a la pista del poble ens ho vam passar d&#8217;all\u00f3 m\u00e9s b\u00e9 jugant a jocs.<br \/>\nA la nit la tribu Onkolunku ens va demanar ajuda per salvar l&#8217;arbre que cura tots els mals.<br \/>\nEl que farem avui ja us ho explicarem quan arribem a Seva..<br \/>\nQue b\u00e9 ens ho estem passant!!!!<br \/>\n<a data-flickr-embed=\"true\"  href=\"https:\/\/www.flickr.com\/photos\/145245634@N06\/albums\/72157693497185612\" title=\"COL\u00d2NIES CI a Tuixent\"><img loading=\"lazy\" decoding=\"async\" src=\"https:\/\/farm1.staticflickr.com\/958\/41283135614_8527b6fb60_z.jpg\" width=\"640\" height=\"480\" alt=\"COL\u00d2NIES CI a Tuixent\"><\/a><script async src=\"\/\/embedr.flickr.com\/assets\/client-code.js\" charset=\"utf-8\"><\/script><\/p>\n","protected":false},"excerpt":{"rendered":"<p>Els de 1r i 2n ja estem de col\u00f2nies! El dimecres, despr\u00e9s del viatge amb l&#8217;autocar disfruntant d&#8217;unes vistes fant\u00e0stiques, arrib\u00e0vem a Tuixent al migdia. Vam dinar i tot seguit les monitores ens tenien preparat un joc de pistes per descobrir Tuixent. Llavors vam preparar les habitacions i vam gaudir tot jugant a jocs cooperatius. [&hellip;]<\/p>\n","protected":false},"author":5,"featured_media":0,"comment_status":"open","ping_status":"closed","sticky":false,"template":"","format":"standard","meta":{"_bbp_topic_count":0,"_bbp_reply_count":0,"_bbp_total_topic_count":0,"_bbp_total_reply_count":0,"_bbp_voice_count":0,"_bbp_anonymous_reply_count":0,"_bbp_topic_count_hidden":0,"_bbp_reply_count_hidden":0,"_bbp_forum_subforum_count":0,"site-sidebar-layout":"default","site-content-layout":"","ast-site-content-layout":"","site-content-style":"default","site-sidebar-style":"default","ast-global-header-display":"","ast-banner-title-visibility":"","ast-main-header-display":"","ast-hfb-above-header-display":"","ast-hfb-below-header-display":"","ast-hfb-mobile-header-display":"","site-post-title":"","ast-breadcrumbs-content":"","ast-featured-img":"","footer-sml-layout":"","theme-transparent-header-meta":"","adv-header-id-meta":"","stick-header-meta":"","header-above-stick-meta":"","header-main-stick-meta":"","header-below-stick-meta":"","astra-migrate-meta-layouts":"default","ast-page-background-enabled":"default","ast-page-background-meta":{"desktop":{"background-color":"var(--ast-global-color-4)","background-image":"","background-repeat":"repeat","background-position":"center center","background-size":"auto","background-attachment":"scroll","background-type":"","background-media":"","overlay-type":"","overlay-color":"","overlay-opacity":"","overlay-gradient":""},"tablet":{"background-color":"","background-image":"","background-repeat":"repeat","background-position":"center center","background-size":"auto","background-attachment":"scroll","background-type":"","background-media":"","overlay-type":"","overlay-color":"","overlay-opacity":"","overlay-gradient":""},"mobile":{"background-color":"","background-image":"","background-repeat":"repeat","background-position":"center center","background-size":"auto","background-attachment":"scroll","background-type":"","background-media":"","overlay-type":"","overlay-color":"","overlay-opacity":"","overlay-gradient":""}},"ast-content-background-meta":{"desktop":{"background-color":"var(--ast-global-color-5)","background-image":"","background-repeat":"repeat","background-position":"center center","background-size":"auto","background-attachment":"scroll","background-type":"","background-media":"","overlay-type":"","overlay-color":"","overlay-opacity":"","overlay-gradient":""},"tablet":{"background-color":"var(--ast-global-color-5)","background-image":"","background-repeat":"repeat","background-position":"center center","background-size":"auto","background-attachment":"scroll","background-type":"","background-media":"","overlay-type":"","overlay-color":"","overlay-opacity":"","overlay-gradient":""},"mobile":{"background-color":"var(--ast-global-color-5)","background-image":"","background-repeat":"repeat","background-position":"center center","background-size":"auto","background-attachment":"scroll","background-type":"","background-media":"","overlay-type":"","overlay-color":"","overlay-opacity":"","overlay-gradient":""}},"footnotes":""},"categories":[10,11,4],"tags":[],"class_list":["post-1359","post","type-post","status-publish","format-standard","hentry","category-3r","category-4t","category-portada"],"post_mailing_queue_ids":[],"_links":{"self":[{"href":"https:\/\/agora.xtec.cat\/ceipfarigola-seva\/wp-json\/wp\/v2\/posts\/1359","targetHints":{"allow":["GET"]}}],"collection":[{"href":"https:\/\/agora.xtec.cat\/ceipfarigola-seva\/wp-json\/wp\/v2\/posts"}],"about":[{"href":"https:\/\/agora.xtec.cat\/ceipfarigola-seva\/wp-json\/wp\/v2\/types\/post"}],"author":[{"embeddable":true,"href":"https:\/\/agora.xtec.cat\/ceipfarigola-seva\/wp-json\/wp\/v2\/users\/5"}],"replies":[{"embeddable":true,"href":"https:\/\/agora.xtec.cat\/ceipfarigola-seva\/wp-json\/wp\/v2\/comments?post=1359"}],"version-history":[{"count":3,"href":"https:\/\/agora.xtec.cat\/ceipfarigola-seva\/wp-json\/wp\/v2\/posts\/1359\/revisions"}],"predecessor-version":[{"id":1367,"href":"https:\/\/agora.xtec.cat\/ceipfarigola-seva\/wp-json\/wp\/v2\/posts\/1359\/revisions\/1367"}],"wp:attachment":[{"href":"https:\/\/agora.xtec.cat\/ceipfarigola-seva\/wp-json\/wp\/v2\/media?parent=1359"}],"wp:term":[{"taxonomy":"category","embeddable":true,"href":"https:\/\/agora.xtec.cat\/ceipfarigola-seva\/wp-json\/wp\/v2\/categories?post=1359"},{"taxonomy":"post_tag","embeddable":true,"href":"https:\/\/agora.xtec.cat\/ceipfarigola-seva\/wp-json\/wp\/v2\/tags?post=1359"}],"curies":[{"name":"wp","href":"https:\/\/api.w.org\/{rel}","templated":true}]}}