{"id":1115,"date":"2017-10-12T12:45:50","date_gmt":"2017-10-12T10:45:50","guid":{"rendered":"http:\/\/agora.xtec.cat\/ceipfarigola-seva\/?p=1115"},"modified":"2017-10-12T12:50:09","modified_gmt":"2017-10-12T10:50:09","slug":"drets-dels-infants-tenim-nom","status":"publish","type":"post","link":"https:\/\/agora.xtec.cat\/ceipfarigola-seva\/portada\/mitjanes\/3r\/drets-dels-infants-tenim-nom\/","title":{"rendered":"DRETS DELS INFANTS, TENIM NOM"},"content":{"rendered":"<p>Els nens han demanat als pares, qu\u00e8 els va motivar a escollir el seu nom.<\/p>\n<p>Hem fet rotllana i cadasc\u00fa ha explicat l&#8217; origen del seu nom. Hem fet la seg\u00fcent classificaci\u00f3:<\/p>\n<p>1 . NO N&#8217;HI HA CAP A LA FAM\u00cdLIA : Gerard, l\u00eddia , Naia.<\/p>\n<p>2 . TRET D&#8217; UN C\u00d2MIC : S\u00edgrid.<\/p>\n<p>3 . PERQU\u00c8 \u00c9S BONIC : D\u00eddac, Adri\u00e0, Nil, Gerard, Roger, Marc, Mariona, Clara, \u00c0lex, Abril, Eloi.<\/p>\n<p>4 . TRET D&#8217;UNS AMICS : Vera.<\/p>\n<p>5 . TRET DELS INDIS : Ona.<\/p>\n<p>6 . NOM D&#8217;UNA ESGL\u00c8SIA : Lluc.<\/p>\n<p>7 . FESTA DE S. JORDI : Jordi<\/p>\n<p>8 . NOM DEL PARE : Enric, Jordina<\/p>\n<p>Aquest treball es degut a que estem treballant l&#8217; \u00cdndia i parlem dels drets dels infants. Un dret que tenen els nens i nenes es tenir un nom que ens identifiqui. Tots tenim un nom bonic.<\/p>\n<p>Cadasc\u00fa ha fet el seu nom el millor que ha sabut.<\/p>\n<p><a title=\"NOMS PRIMER\" href=\"https:\/\/www.flickr.com\/photos\/145245634@N06\/albums\/72157687226055970\" data-flickr-embed=\"true\" data-footer=\"true\"><img loading=\"lazy\" decoding=\"async\" src=\"https:\/\/farm5.staticflickr.com\/4506\/37393380130_3a481b3519_z.jpg\" alt=\"NOMS PRIMER\" width=\"640\" height=\"480\" \/><\/a><script async src=\"\/\/embedr.flickr.com\/assets\/client-code.js\" charset=\"utf-8\"><\/script><\/p>\n","protected":false},"excerpt":{"rendered":"<p>Els nens han demanat als pares, qu\u00e8 els va motivar a escollir el seu nom. Hem fet rotllana i cadasc\u00fa ha explicat l&#8217; origen del seu nom. Hem fet la seg\u00fcent classificaci\u00f3: 1 . NO N&#8217;HI HA CAP A LA FAM\u00cdLIA : Gerard, l\u00eddia , Naia. 2 . TRET D&#8217; UN C\u00d2MIC : S\u00edgrid. 3 [&hellip;]<\/p>\n","protected":false},"author":1,"featured_media":0,"comment_status":"open","ping_status":"closed","sticky":false,"template":"","format":"standard","meta":{"_bbp_topic_count":0,"_bbp_reply_count":0,"_bbp_total_topic_count":0,"_bbp_total_reply_count":0,"_bbp_voice_count":0,"_bbp_anonymous_reply_count":0,"_bbp_topic_count_hidden":0,"_bbp_reply_count_hidden":0,"_bbp_forum_subforum_count":0,"site-sidebar-layout":"default","site-content-layout":"","ast-site-content-layout":"","site-content-style":"default","site-sidebar-style":"default","ast-global-header-display":"","ast-banner-title-visibility":"","ast-main-header-display":"","ast-hfb-above-header-display":"","ast-hfb-below-header-display":"","ast-hfb-mobile-header-display":"","site-post-title":"","ast-breadcrumbs-content":"","ast-featured-img":"","footer-sml-layout":"","theme-transparent-header-meta":"","adv-header-id-meta":"","stick-header-meta":"","header-above-stick-meta":"","header-main-stick-meta":"","header-below-stick-meta":"","astra-migrate-meta-layouts":"default","ast-page-background-enabled":"default","ast-page-background-meta":{"desktop":{"background-color":"var(--ast-global-color-4)","background-image":"","background-repeat":"repeat","background-position":"center center","background-size":"auto","background-attachment":"scroll","background-type":"","background-media":"","overlay-type":"","overlay-color":"","overlay-opacity":"","overlay-gradient":""},"tablet":{"background-color":"","background-image":"","background-repeat":"repeat","background-position":"center center","background-size":"auto","background-attachment":"scroll","background-type":"","background-media":"","overlay-type":"","overlay-color":"","overlay-opacity":"","overlay-gradient":""},"mobile":{"background-color":"","background-image":"","background-repeat":"repeat","background-position":"center center","background-size":"auto","background-attachment":"scroll","background-type":"","background-media":"","overlay-type":"","overlay-color":"","overlay-opacity":"","overlay-gradient":""}},"ast-content-background-meta":{"desktop":{"background-color":"var(--ast-global-color-5)","background-image":"","background-repeat":"repeat","background-position":"center center","background-size":"auto","background-attachment":"scroll","background-type":"","background-media":"","overlay-type":"","overlay-color":"","overlay-opacity":"","overlay-gradient":""},"tablet":{"background-color":"var(--ast-global-color-5)","background-image":"","background-repeat":"repeat","background-position":"center center","background-size":"auto","background-attachment":"scroll","background-type":"","background-media":"","overlay-type":"","overlay-color":"","overlay-opacity":"","overlay-gradient":""},"mobile":{"background-color":"var(--ast-global-color-5)","background-image":"","background-repeat":"repeat","background-position":"center center","background-size":"auto","background-attachment":"scroll","background-type":"","background-media":"","overlay-type":"","overlay-color":"","overlay-opacity":"","overlay-gradient":""}},"footnotes":""},"categories":[10],"tags":[],"class_list":["post-1115","post","type-post","status-publish","format-standard","hentry","category-3r"],"post_mailing_queue_ids":[],"_links":{"self":[{"href":"https:\/\/agora.xtec.cat\/ceipfarigola-seva\/wp-json\/wp\/v2\/posts\/1115","targetHints":{"allow":["GET"]}}],"collection":[{"href":"https:\/\/agora.xtec.cat\/ceipfarigola-seva\/wp-json\/wp\/v2\/posts"}],"about":[{"href":"https:\/\/agora.xtec.cat\/ceipfarigola-seva\/wp-json\/wp\/v2\/types\/post"}],"author":[{"embeddable":true,"href":"https:\/\/agora.xtec.cat\/ceipfarigola-seva\/wp-json\/wp\/v2\/users\/1"}],"replies":[{"embeddable":true,"href":"https:\/\/agora.xtec.cat\/ceipfarigola-seva\/wp-json\/wp\/v2\/comments?post=1115"}],"version-history":[{"count":3,"href":"https:\/\/agora.xtec.cat\/ceipfarigola-seva\/wp-json\/wp\/v2\/posts\/1115\/revisions"}],"predecessor-version":[{"id":1118,"href":"https:\/\/agora.xtec.cat\/ceipfarigola-seva\/wp-json\/wp\/v2\/posts\/1115\/revisions\/1118"}],"wp:attachment":[{"href":"https:\/\/agora.xtec.cat\/ceipfarigola-seva\/wp-json\/wp\/v2\/media?parent=1115"}],"wp:term":[{"taxonomy":"category","embeddable":true,"href":"https:\/\/agora.xtec.cat\/ceipfarigola-seva\/wp-json\/wp\/v2\/categories?post=1115"},{"taxonomy":"post_tag","embeddable":true,"href":"https:\/\/agora.xtec.cat\/ceipfarigola-seva\/wp-json\/wp\/v2\/tags?post=1115"}],"curies":[{"name":"wp","href":"https:\/\/api.w.org\/{rel}","templated":true}]}}