{"id":2758,"date":"2016-03-31T15:15:21","date_gmt":"2016-03-31T14:15:21","guid":{"rendered":"http:\/\/agora.xtec.cat\/ceipestalella\/?p=2758"},"modified":"2016-04-05T10:17:03","modified_gmt":"2016-04-05T09:17:03","slug":"relleu-i-rius-despanya","status":"publish","type":"post","link":"https:\/\/agora.xtec.cat\/ceipestalella\/general\/relleu-i-rius-despanya\/","title":{"rendered":"Relleu i rius d&#8217;Espanya"},"content":{"rendered":"<p style=\"text-align: justify;\">El <b>relleu d&#8217;Espanya<\/b> \u00e9s el conjunt d&#8217;accidents geogr\u00e0fics d&#8217;Espanya. Est\u00e0 caracteritzat per una gran varietat de paisatges fruit de la pres\u00e8ncia del mar envoltant la pen\u00ednsula, les cadenes muntanyoses i les planes que formen la regi\u00f3.<\/p>\n<p style=\"text-align: justify;\">El territori d&#8217;Espanya es distribueix entre la pen\u00ednsula Ib\u00e8rica (representa el 97,5% del territori nacional), els arxip\u00e8lags balear i canari, les ciutats de Ceuta i Melilla\u00a0al nord d&#8217;\u00c0frica.<\/p>\n<div class=\"ast-oembed-container \" style=\"height: 100%;\"><iframe loading=\"lazy\" title=\"Relleu d&#039;Espanya\" width=\"500\" height=\"375\" src=\"https:\/\/www.youtube.com\/embed\/K3LVILfvbLk?feature=oembed\" frameborder=\"0\" allow=\"accelerometer; autoplay; clipboard-write; encrypted-media; gyroscope; picture-in-picture; web-share\" referrerpolicy=\"strict-origin-when-cross-origin\" allowfullscreen><\/iframe><\/div>\n<hr \/>\n<h2>Les grans unitats del relleu espanyol<\/h2>\n<p style=\"text-align: justify;\">El relleu espanyol s&#8217;agrupa en tres grans unitats:<\/p>\n<p style=\"text-align: justify;\"><strong>Unitats interiors<\/strong>:<\/p>\n<ul>\n<li style=\"text-align: justify;\"><strong>La Meseta<\/strong>, una gran plana situada al centre de la Pen\u00ednsula Ib\u00e8rica. Dividida en dues parts pel <span style=\"color: #0000ff;\">Sistema Central:<\/span> <span style=\"color: #0000ff;\">Submeseta<\/span> <span style=\"color: #0000ff;\">Nord<\/span> i <span style=\"color: #0000ff;\">Submeseta Sud<\/span>.<\/li>\n<li style=\"text-align: justify;\">Serralades interiors que envolten la Meseta: <span style=\"color: #0000ff;\">Muntanyes de Toledo<\/span>, <span style=\"color: #0000ff;\">muntanyes de Lle\u00f3<\/span>, <span style=\"color: #0000ff;\">Serralada Cant\u00e0btica<\/span>, <span style=\"color: #0000ff;\">Sistema Ib\u00e8ric<\/span> i <span style=\"color: #0000ff;\">Sierra Morena<\/span>.<\/li>\n<\/ul>\n<p style=\"text-align: justify;\"><strong>Unitats exteriors<\/strong> que envolten la Meseta:<\/p>\n<ul>\n<li style=\"text-align: justify;\"><strong>Serralades i muntanyes exteriors:<\/strong> <span style=\"color: #0000ff;\">Mass\u00eds Galaic<\/span>, <span style=\"color: #0000ff;\">Muntanyes Basques<\/span>, <span style=\"color: #0000ff;\">els Pirineus<\/span>, <span style=\"color: #0000ff;\">Serralades Litorals Catalanes<\/span> i <span style=\"color: #0000ff;\">Serralades B\u00e8tiques<\/span>.<\/li>\n<li style=\"text-align: justify;\"><strong>Depressions:<\/strong> la de <span style=\"color: #0000ff;\">l&#8217;Ebre<\/span> i la del <span style=\"color: #0000ff;\">Guadalquivir<\/span>.<\/li>\n<\/ul>\n<p style=\"text-align: justify;\"><strong>Unitats de relleu insular<\/strong>, formades per dos arxip\u00e8lags:<\/p>\n<ul>\n<li style=\"text-align: justify;\"><strong>Illes balears<\/strong>, arxip\u00e8lag format per 5 illes, situat al mar Mediterrani.<\/li>\n<li style=\"text-align: justify;\"><strong>Illes Can\u00e0ries<\/strong>, arxip\u00e8lag format per 7 illes i alguns illots, situat a l&#8217;oce\u00e0 Atl\u00e0ntic. Aqu\u00ed trobem el pic m\u00e9s alt d&#8217;Espanya, el Teide, amb 3.718m d&#8217;altura.<\/li>\n<\/ul>\n<p style=\"text-align: justify;\">Per m\u00e9s informaci\u00f3, podeu visitar <a href=\"http:\/\/blocs.xtec.cat\/santpausocials\/geografia-espanya\/\" target=\"_blank\">aquesta p\u00e0gina web<\/a>, \u00e9s molt interessant i us pot servir d&#8217;ajuda per repassar o ampliar informaci\u00f3.<\/p>\n<hr \/>\n<h2>\u00a0Mapes<\/h2>\n<p style=\"text-align: justify;\">Us penjo diferents mapes del relleu espanyol\u00a0per qu\u00e8 pugueu estudiar o practicar consultant-los o escribint-hi a sobre. Espero que us siguin d&#8217;ajuda! \ud83d\ude42<\/p>\n<p>1. <a href=\"http:\/\/agora.xtec.cat\/ceipestalella\/wp-content\/uploads\/usu318\/2016\/03\/Mapa-de-relleu-i-rius-dEspanya.pdf\">Mapa de relleu i rius d&#8217;Espanya<\/a><\/p>\n<p>2.\u00a0<a href=\"http:\/\/agora.xtec.cat\/ceipestalella\/wp-content\/uploads\/usu318\/2016\/03\/Mapa-semi-mut-de-relleu-i-rius-dEspanya.pdf\">Mapa semi-mut de relleu i rius d&#8217;Espanya<\/a>\u00a0(per omplir, amb ajuda)<\/p>\n<p>3. <a href=\"http:\/\/agora.xtec.cat\/ceipestalella\/wp-content\/uploads\/usu318\/2016\/03\/Mapa-mut-de-relleu-i-rius-dEspanya.pdf\">Mapa mut de relleu i rius d&#8217;Espanya<\/a>\u00a0(per omplir)<\/p>\n<hr \/>\n<h2>Activitats online<\/h2>\n<p>1. <a href=\"http:\/\/serbal.pntic.mec.es\/ealg0027\/esporog1e.html\" target=\"_blank\">El relleu d&#8217;Espanya <\/a>&#8211; On \u00e9s? (en castell\u00e0)<\/p>\n<p>2. <a href=\"http:\/\/serbal.pntic.mec.es\/ealg0027\/esporog2e.html\">El relleu d&#8217;Espanya<\/a> &#8211; Com es diu? (en castell\u00e0)<\/p>\n<p>3. <a href=\"http:\/\/www.educaplay.com\/es\/recursoseducativos\/35291\/el_relleu_d_espanya.htm\" target=\"_blank\">Joc a contra-rellotge<\/a><\/p>\n<p>&nbsp;<\/p>\n<hr \/>\n<h2>Mapa de relleu i rius d&#8217;Espanya<\/h2>\n<p><img loading=\"lazy\" decoding=\"async\" class=\"aligncenter size-large wp-image-2760\" src=\"http:\/\/agora.xtec.cat\/ceipestalella\/wp-content\/uploads\/usu318\/2016\/03\/Mapa-relleu-dEspanya1-1024x751.jpg\" alt=\"Mapa relleu d'Espanya\" width=\"1024\" height=\"751\" srcset=\"https:\/\/agora.xtec.cat\/ceipestalella\/wp-content\/uploads\/usu318\/2016\/03\/Mapa-relleu-dEspanya1-1024x751.jpg 1024w, https:\/\/agora.xtec.cat\/ceipestalella\/wp-content\/uploads\/usu318\/2016\/03\/Mapa-relleu-dEspanya1-300x220.jpg 300w, https:\/\/agora.xtec.cat\/ceipestalella\/wp-content\/uploads\/usu318\/2016\/03\/Mapa-relleu-dEspanya1.jpg 1600w\" sizes=\"auto, (max-width: 1024px) 100vw, 1024px\" \/><\/p>\n<p>&nbsp;<\/p>\n<p>&nbsp;<\/p>\n<h2><\/h2>\n<p>&nbsp;<\/p>\n","protected":false},"excerpt":{"rendered":"<p>El relleu d&#8217;Espanya \u00e9s el conjunt d&#8217;accidents geogr\u00e0fics d&#8217;Espanya. Est\u00e0 caracteritzat per una gran varietat de paisatges fruit de la [&hellip;]<\/p>\n","protected":false},"author":28,"featured_media":2759,"comment_status":"open","ping_status":"open","sticky":false,"template":"","format":"standard","meta":{"_bbp_topic_count":0,"_bbp_reply_count":0,"_bbp_total_topic_count":0,"_bbp_total_reply_count":0,"_bbp_voice_count":0,"_bbp_anonymous_reply_count":0,"_bbp_topic_count_hidden":0,"_bbp_reply_count_hidden":0,"_bbp_forum_subforum_count":0,"site-sidebar-layout":"default","site-content-layout":"","ast-site-content-layout":"","site-content-style":"default","site-sidebar-style":"default","ast-global-header-display":"","ast-banner-title-visibility":"","ast-main-header-display":"","ast-hfb-above-header-display":"","ast-hfb-below-header-display":"","ast-hfb-mobile-header-display":"","site-post-title":"","ast-breadcrumbs-content":"","ast-featured-img":"","footer-sml-layout":"","theme-transparent-header-meta":"","adv-header-id-meta":"","stick-header-meta":"","header-above-stick-meta":"","header-main-stick-meta":"","header-below-stick-meta":"","astra-migrate-meta-layouts":"default","ast-page-background-enabled":"default","ast-page-background-meta":{"desktop":{"background-color":"var(--ast-global-color-4)","background-image":"","background-repeat":"repeat","background-position":"center center","background-size":"auto","background-attachment":"scroll","background-type":"","background-media":"","overlay-type":"","overlay-color":"","overlay-opacity":"","overlay-gradient":""},"tablet":{"background-color":"","background-image":"","background-repeat":"repeat","background-position":"center center","background-size":"auto","background-attachment":"scroll","background-type":"","background-media":"","overlay-type":"","overlay-color":"","overlay-opacity":"","overlay-gradient":""},"mobile":{"background-color":"","background-image":"","background-repeat":"repeat","background-position":"center center","background-size":"auto","background-attachment":"scroll","background-type":"","background-media":"","overlay-type":"","overlay-color":"","overlay-opacity":"","overlay-gradient":""}},"ast-content-background-meta":{"desktop":{"background-color":"var(--ast-global-color-5)","background-image":"","background-repeat":"repeat","background-position":"center center","background-size":"auto","background-attachment":"scroll","background-type":"","background-media":"","overlay-type":"","overlay-color":"","overlay-opacity":"","overlay-gradient":""},"tablet":{"background-color":"var(--ast-global-color-5)","background-image":"","background-repeat":"repeat","background-position":"center center","background-size":"auto","background-attachment":"scroll","background-type":"","background-media":"","overlay-type":"","overlay-color":"","overlay-opacity":"","overlay-gradient":""},"mobile":{"background-color":"var(--ast-global-color-5)","background-image":"","background-repeat":"repeat","background-position":"center center","background-size":"auto","background-attachment":"scroll","background-type":"","background-media":"","overlay-type":"","overlay-color":"","overlay-opacity":"","overlay-gradient":""}},"footnotes":""},"categories":[1,221,137,140],"tags":[],"class_list":["post-2758","post","type-post","status-publish","format-standard","has-post-thumbnail","hentry","category-general","category-geografia","category-medi-social","category-medi-social-6e"],"post_mailing_queue_ids":[],"_links":{"self":[{"href":"https:\/\/agora.xtec.cat\/ceipestalella\/wp-json\/wp\/v2\/posts\/2758","targetHints":{"allow":["GET"]}}],"collection":[{"href":"https:\/\/agora.xtec.cat\/ceipestalella\/wp-json\/wp\/v2\/posts"}],"about":[{"href":"https:\/\/agora.xtec.cat\/ceipestalella\/wp-json\/wp\/v2\/types\/post"}],"author":[{"embeddable":true,"href":"https:\/\/agora.xtec.cat\/ceipestalella\/wp-json\/wp\/v2\/users\/28"}],"replies":[{"embeddable":true,"href":"https:\/\/agora.xtec.cat\/ceipestalella\/wp-json\/wp\/v2\/comments?post=2758"}],"version-history":[{"count":3,"href":"https:\/\/agora.xtec.cat\/ceipestalella\/wp-json\/wp\/v2\/posts\/2758\/revisions"}],"predecessor-version":[{"id":2827,"href":"https:\/\/agora.xtec.cat\/ceipestalella\/wp-json\/wp\/v2\/posts\/2758\/revisions\/2827"}],"wp:featuredmedia":[{"embeddable":true,"href":"https:\/\/agora.xtec.cat\/ceipestalella\/wp-json\/wp\/v2\/media\/2759"}],"wp:attachment":[{"href":"https:\/\/agora.xtec.cat\/ceipestalella\/wp-json\/wp\/v2\/media?parent=2758"}],"wp:term":[{"taxonomy":"category","embeddable":true,"href":"https:\/\/agora.xtec.cat\/ceipestalella\/wp-json\/wp\/v2\/categories?post=2758"},{"taxonomy":"post_tag","embeddable":true,"href":"https:\/\/agora.xtec.cat\/ceipestalella\/wp-json\/wp\/v2\/tags?post=2758"}],"curies":[{"name":"wp","href":"https:\/\/api.w.org\/{rel}","templated":true}]}}