{"id":666,"date":"2018-10-20T10:27:45","date_gmt":"2018-10-20T08:27:45","guid":{"rendered":"http:\/\/agora.xtec.cat\/ceipestacio\/?p=666"},"modified":"2021-01-02T21:26:13","modified_gmt":"2021-01-02T20:26:13","slug":"comencem-p-3-a-lescola-lestacio","status":"publish","type":"post","link":"https:\/\/agora.xtec.cat\/ceipestacio\/infantil\/i3\/comencem-p-3-a-lescola-lestacio\/","title":{"rendered":"COMENCEM P-3 A L&#8217;ESCOLA L&#8217;ESTACI\u00d3 Curs 18\/19"},"content":{"rendered":"<p><a href=\"https:\/\/agora.xtec.cat\/ceipestacio\/wp-content\/uploads\/usu1918\/2018\/10\/p3-70b-1024x768.jpg\"><img loading=\"lazy\" decoding=\"async\" class=\"alignnone size-medium wp-image-670\" src=\"https:\/\/agora.xtec.cat\/ceipestacio\/wp-content\/uploads\/usu1918\/2018\/10\/p3-70b-1024x768-300x225.jpg\" alt=\"\" width=\"300\" height=\"225\" srcset=\"https:\/\/agora.xtec.cat\/ceipestacio\/wp-content\/uploads\/usu1918\/2018\/10\/p3-70b-1024x768-300x225.jpg 300w, https:\/\/agora.xtec.cat\/ceipestacio\/wp-content\/uploads\/usu1918\/2018\/10\/p3-70b-1024x768-768x576.jpg 768w, https:\/\/agora.xtec.cat\/ceipestacio\/wp-content\/uploads\/usu1918\/2018\/10\/p3-70b-1024x768.jpg 1024w, https:\/\/agora.xtec.cat\/ceipestacio\/wp-content\/uploads\/usu1918\/2018\/10\/p3-70b-1024x768-200x150.jpg 200w\" sizes=\"auto, (max-width: 300px) 100vw, 300px\" \/><\/a><\/p>\n<p>Setembre del 2018, una nova promoci\u00f3 comen\u00e7a l&#8217;escolaritat a l&#8217;Estaci\u00f3. Sou 50 nens i nenes que aquest curs us estreneu a P-3. Benvinguts nens i nenes de la classe dels CONILLS i de la classe dels XAIS i benvingudes fam\u00edlies. Esperem que gaudiu de la vostra estada a l&#8217;escola. Junts ens ho passarem molt b\u00e9, farem moltes activitats i aprendrem molt\u00edssimes coses. De moment aqu\u00ed teniu un petit recull d&#8217;imatges dels primers dies a l&#8217;escola. Les veureu clicant a l&#8217;enlla\u00e7.\u00a0 Esperem que us agradin.<\/p>\n<p><a href=\"https:\/\/photos.app.goo.gl\/4xBF2RXVQo6hE3118\">https:\/\/photos.app.goo.gl\/4xBF2RXVQo6hE3118<\/a><\/p>\n<p><a href=\"https:\/\/agora.xtec.cat\/ceipestacio\/wp-content\/uploads\/usu1918\/2018\/10\/XAI-COLLAGE.jpg\"><img loading=\"lazy\" decoding=\"async\" class=\"alignnone size-full wp-image-675\" src=\"https:\/\/agora.xtec.cat\/ceipestacio\/wp-content\/uploads\/usu1918\/2018\/10\/XAI-COLLAGE.jpg\" alt=\"\" width=\"471\" height=\"471\" \/><\/a><\/p>\n","protected":false},"excerpt":{"rendered":"<p>Setembre del 2018, una nova promoci\u00f3 comen\u00e7a l&#8217;escolaritat a l&#8217;Estaci\u00f3. Sou 50 nens i nenes que aquest curs us estreneu [&hellip;]<\/p>\n","protected":false},"author":4,"featured_media":670,"comment_status":"open","ping_status":"closed","sticky":false,"template":"","format":"standard","meta":{"_bbp_topic_count":0,"_bbp_reply_count":0,"_bbp_total_topic_count":0,"_bbp_total_reply_count":0,"_bbp_voice_count":0,"_bbp_anonymous_reply_count":0,"_bbp_topic_count_hidden":0,"_bbp_reply_count_hidden":0,"_bbp_forum_subforum_count":0,"site-sidebar-layout":"default","site-content-layout":"","ast-site-content-layout":"","site-content-style":"default","site-sidebar-style":"default","ast-global-header-display":"","ast-banner-title-visibility":"","ast-main-header-display":"","ast-hfb-above-header-display":"","ast-hfb-below-header-display":"","ast-hfb-mobile-header-display":"","site-post-title":"","ast-breadcrumbs-content":"","ast-featured-img":"","footer-sml-layout":"","theme-transparent-header-meta":"","adv-header-id-meta":"","stick-header-meta":"","header-above-stick-meta":"","header-main-stick-meta":"","header-below-stick-meta":"","astra-migrate-meta-layouts":"default","ast-page-background-enabled":"default","ast-page-background-meta":{"desktop":{"background-color":"var(--ast-global-color-4)","background-image":"","background-repeat":"repeat","background-position":"center center","background-size":"auto","background-attachment":"scroll","background-type":"","background-media":"","overlay-type":"","overlay-color":"","overlay-opacity":"","overlay-gradient":""},"tablet":{"background-color":"","background-image":"","background-repeat":"repeat","background-position":"center center","background-size":"auto","background-attachment":"scroll","background-type":"","background-media":"","overlay-type":"","overlay-color":"","overlay-opacity":"","overlay-gradient":""},"mobile":{"background-color":"","background-image":"","background-repeat":"repeat","background-position":"center center","background-size":"auto","background-attachment":"scroll","background-type":"","background-media":"","overlay-type":"","overlay-color":"","overlay-opacity":"","overlay-gradient":""}},"ast-content-background-meta":{"desktop":{"background-color":"var(--ast-global-color-5)","background-image":"","background-repeat":"repeat","background-position":"center center","background-size":"auto","background-attachment":"scroll","background-type":"","background-media":"","overlay-type":"","overlay-color":"","overlay-opacity":"","overlay-gradient":""},"tablet":{"background-color":"var(--ast-global-color-5)","background-image":"","background-repeat":"repeat","background-position":"center center","background-size":"auto","background-attachment":"scroll","background-type":"","background-media":"","overlay-type":"","overlay-color":"","overlay-opacity":"","overlay-gradient":""},"mobile":{"background-color":"var(--ast-global-color-5)","background-image":"","background-repeat":"repeat","background-position":"center center","background-size":"auto","background-attachment":"scroll","background-type":"","background-media":"","overlay-type":"","overlay-color":"","overlay-opacity":"","overlay-gradient":""}},"footnotes":""},"categories":[3,4,72],"tags":[],"class_list":["post-666","post","type-post","status-publish","format-standard","has-post-thumbnail","hentry","category-i3","category-portada","category-promocio-18-27"],"post_mailing_queue_ids":[],"_links":{"self":[{"href":"https:\/\/agora.xtec.cat\/ceipestacio\/wp-json\/wp\/v2\/posts\/666","targetHints":{"allow":["GET"]}}],"collection":[{"href":"https:\/\/agora.xtec.cat\/ceipestacio\/wp-json\/wp\/v2\/posts"}],"about":[{"href":"https:\/\/agora.xtec.cat\/ceipestacio\/wp-json\/wp\/v2\/types\/post"}],"author":[{"embeddable":true,"href":"https:\/\/agora.xtec.cat\/ceipestacio\/wp-json\/wp\/v2\/users\/4"}],"replies":[{"embeddable":true,"href":"https:\/\/agora.xtec.cat\/ceipestacio\/wp-json\/wp\/v2\/comments?post=666"}],"version-history":[{"count":4,"href":"https:\/\/agora.xtec.cat\/ceipestacio\/wp-json\/wp\/v2\/posts\/666\/revisions"}],"predecessor-version":[{"id":3590,"href":"https:\/\/agora.xtec.cat\/ceipestacio\/wp-json\/wp\/v2\/posts\/666\/revisions\/3590"}],"wp:featuredmedia":[{"embeddable":true,"href":"https:\/\/agora.xtec.cat\/ceipestacio\/wp-json\/wp\/v2\/media\/670"}],"wp:attachment":[{"href":"https:\/\/agora.xtec.cat\/ceipestacio\/wp-json\/wp\/v2\/media?parent=666"}],"wp:term":[{"taxonomy":"category","embeddable":true,"href":"https:\/\/agora.xtec.cat\/ceipestacio\/wp-json\/wp\/v2\/categories?post=666"},{"taxonomy":"post_tag","embeddable":true,"href":"https:\/\/agora.xtec.cat\/ceipestacio\/wp-json\/wp\/v2\/tags?post=666"}],"curies":[{"name":"wp","href":"https:\/\/api.w.org\/{rel}","templated":true}]}}