{"id":5172,"date":"2024-04-09T11:01:00","date_gmt":"2024-04-09T09:01:00","guid":{"rendered":"https:\/\/agora.xtec.cat\/ceipestacio\/?p=5172"},"modified":"2024-04-09T11:01:00","modified_gmt":"2024-04-09T09:01:00","slug":"curses-de-la-trailwalker","status":"publish","type":"post","link":"https:\/\/agora.xtec.cat\/ceipestacio\/general\/curses-de-la-trailwalker\/","title":{"rendered":"CURSES DE LA TRAILWALKER"},"content":{"rendered":"<p>Els alumnes de l&#8217;escola des de I3 fins a 6\u00e8 han participat aquest cap de setmana a les curses pr\u00e8vies a l&#8217;arribada de la Trailwalker.\u00a0 Es tracta d&#8217;una activitat organitzada pels mestres d&#8217;educaci\u00f3 f\u00edsica del municipi, l&#8217;Ajuntament de Sant Feliu i Interm\u00f3n Oxfam.<\/p>\n<p>Va ser una activitat amb una gran participaci\u00f3 de nens i nenes i a on les fam\u00edlies van gaudir veient els seus fills c\u00f3rrer. La cursa dels atletes\u00a0 finalitzava a la mateixa l\u00ednia d&#8217;arribada on ho feren tamb\u00e9 els corredors participants a la Trailwalker.<\/p>\n<p>Les nenes del grup de funky tamb\u00e9 van col\u00b7laborar ballant a l&#8217;escenari preparat per les actuacions que ambientaven l&#8217;arribada dels participants.<\/p>\n<p><img loading=\"lazy\" decoding=\"async\" class=\"wp-image-5173 aligncenter\" style=\"border: none; color: #2795b6;\" src=\"https:\/\/agora.xtec.cat\/ceipestacio\/wp-content\/uploads\/usu1918\/2024\/04\/trail.jpg\" alt=\"\" width=\"815\" height=\"579\" srcset=\"https:\/\/agora.xtec.cat\/ceipestacio\/wp-content\/uploads\/usu1918\/2024\/04\/trail.jpg 960w, https:\/\/agora.xtec.cat\/ceipestacio\/wp-content\/uploads\/usu1918\/2024\/04\/trail-300x213.jpg 300w, https:\/\/agora.xtec.cat\/ceipestacio\/wp-content\/uploads\/usu1918\/2024\/04\/trail-768x546.jpg 768w\" sizes=\"auto, (max-width: 815px) 100vw, 815px\" \/><\/p>\n<p>&nbsp;<\/p>\n<p>VEURE M\u00c9S FOTOS<a href=\"https:\/\/drive.google.com\/drive\/folders\/1YvfizxLsC8I0XaeUdnlfiQkkSa0w2MyS?usp=sharing\">https:\/\/drive.google.com\/drive\/folders\/1YvfizxLsC8I0XaeUdnlfiQkkSa0w2MyS?usp=sharing<\/a><\/p>\n<p>&nbsp;<\/p>\n<p>&nbsp;<\/p>\n<p>&nbsp;<\/p>\n<p>&nbsp;<\/p>\n<p>&nbsp;<\/p>\n","protected":false},"excerpt":{"rendered":"<p>Els alumnes de l&#8217;escola des de I3 fins a 6\u00e8 han participat aquest cap de setmana a les curses pr\u00e8vies [&hellip;]<\/p>\n","protected":false},"author":26,"featured_media":5173,"comment_status":"closed","ping_status":"closed","sticky":false,"template":"","format":"standard","meta":{"_bbp_topic_count":0,"_bbp_reply_count":0,"_bbp_total_topic_count":0,"_bbp_total_reply_count":0,"_bbp_voice_count":0,"_bbp_anonymous_reply_count":0,"_bbp_topic_count_hidden":0,"_bbp_reply_count_hidden":0,"_bbp_forum_subforum_count":0,"site-sidebar-layout":"default","site-content-layout":"","ast-site-content-layout":"","site-content-style":"default","site-sidebar-style":"default","ast-global-header-display":"","ast-banner-title-visibility":"","ast-main-header-display":"","ast-hfb-above-header-display":"","ast-hfb-below-header-display":"","ast-hfb-mobile-header-display":"","site-post-title":"","ast-breadcrumbs-content":"","ast-featured-img":"","footer-sml-layout":"","theme-transparent-header-meta":"","adv-header-id-meta":"","stick-header-meta":"","header-above-stick-meta":"","header-main-stick-meta":"","header-below-stick-meta":"","astra-migrate-meta-layouts":"default","ast-page-background-enabled":"default","ast-page-background-meta":{"desktop":{"background-color":"var(--ast-global-color-4)","background-image":"","background-repeat":"repeat","background-position":"center center","background-size":"auto","background-attachment":"scroll","background-type":"","background-media":"","overlay-type":"","overlay-color":"","overlay-opacity":"","overlay-gradient":""},"tablet":{"background-color":"","background-image":"","background-repeat":"repeat","background-position":"center center","background-size":"auto","background-attachment":"scroll","background-type":"","background-media":"","overlay-type":"","overlay-color":"","overlay-opacity":"","overlay-gradient":""},"mobile":{"background-color":"","background-image":"","background-repeat":"repeat","background-position":"center center","background-size":"auto","background-attachment":"scroll","background-type":"","background-media":"","overlay-type":"","overlay-color":"","overlay-opacity":"","overlay-gradient":""}},"ast-content-background-meta":{"desktop":{"background-color":"var(--ast-global-color-5)","background-image":"","background-repeat":"repeat","background-position":"center center","background-size":"auto","background-attachment":"scroll","background-type":"","background-media":"","overlay-type":"","overlay-color":"","overlay-opacity":"","overlay-gradient":""},"tablet":{"background-color":"var(--ast-global-color-5)","background-image":"","background-repeat":"repeat","background-position":"center center","background-size":"auto","background-attachment":"scroll","background-type":"","background-media":"","overlay-type":"","overlay-color":"","overlay-opacity":"","overlay-gradient":""},"mobile":{"background-color":"var(--ast-global-color-5)","background-image":"","background-repeat":"repeat","background-position":"center center","background-size":"auto","background-attachment":"scroll","background-type":"","background-media":"","overlay-type":"","overlay-color":"","overlay-opacity":"","overlay-gradient":""}},"footnotes":""},"categories":[7,70,1,2,4,5],"tags":[],"class_list":["post-5172","post","type-post","status-publish","format-standard","has-post-thumbnail","hentry","category-ampa","category-esport-escolar","category-general","category-infantil","category-portada","category-primaria"],"post_mailing_queue_ids":[],"_links":{"self":[{"href":"https:\/\/agora.xtec.cat\/ceipestacio\/wp-json\/wp\/v2\/posts\/5172","targetHints":{"allow":["GET"]}}],"collection":[{"href":"https:\/\/agora.xtec.cat\/ceipestacio\/wp-json\/wp\/v2\/posts"}],"about":[{"href":"https:\/\/agora.xtec.cat\/ceipestacio\/wp-json\/wp\/v2\/types\/post"}],"author":[{"embeddable":true,"href":"https:\/\/agora.xtec.cat\/ceipestacio\/wp-json\/wp\/v2\/users\/26"}],"replies":[{"embeddable":true,"href":"https:\/\/agora.xtec.cat\/ceipestacio\/wp-json\/wp\/v2\/comments?post=5172"}],"version-history":[{"count":1,"href":"https:\/\/agora.xtec.cat\/ceipestacio\/wp-json\/wp\/v2\/posts\/5172\/revisions"}],"predecessor-version":[{"id":5174,"href":"https:\/\/agora.xtec.cat\/ceipestacio\/wp-json\/wp\/v2\/posts\/5172\/revisions\/5174"}],"wp:featuredmedia":[{"embeddable":true,"href":"https:\/\/agora.xtec.cat\/ceipestacio\/wp-json\/wp\/v2\/media\/5173"}],"wp:attachment":[{"href":"https:\/\/agora.xtec.cat\/ceipestacio\/wp-json\/wp\/v2\/media?parent=5172"}],"wp:term":[{"taxonomy":"category","embeddable":true,"href":"https:\/\/agora.xtec.cat\/ceipestacio\/wp-json\/wp\/v2\/categories?post=5172"},{"taxonomy":"post_tag","embeddable":true,"href":"https:\/\/agora.xtec.cat\/ceipestacio\/wp-json\/wp\/v2\/tags?post=5172"}],"curies":[{"name":"wp","href":"https:\/\/api.w.org\/{rel}","templated":true}]}}