{"id":5166,"date":"2024-04-02T18:04:06","date_gmt":"2024-04-02T16:04:06","guid":{"rendered":"https:\/\/agora.xtec.cat\/ceipestacio\/?p=5166"},"modified":"2024-04-02T18:04:06","modified_gmt":"2024-04-02T16:04:06","slug":"5e-visita-el-jaciment-arqueologic-dullastret","status":"publish","type":"post","link":"https:\/\/agora.xtec.cat\/ceipestacio\/portada\/5e-visita-el-jaciment-arqueologic-dullastret\/","title":{"rendered":"5\u00e8 VISITA EL JACIMENT ARQUEOL\u00d2GIC D\u2019ULLASTRET"},"content":{"rendered":"<p><span style=\"font-weight: 400;\">El passat divendres 22 de mar\u00e7 com a cloenda del segon trimestre l\u2019alumnat de 5\u00e8 de la nostra escola van visitar l\u2019antiga ciutat d\u2019Indica, capital dels indigets. Aquesta sortida ens ha servit per viatjar en el temps al m\u00f3n antic dels ibers.\u00a0 Al jaciment arqueol\u00f2gic d\u2019Ullastret ens esperaven dos personatges ibers de la tribu dels indigets que ens van fer de guies durant tot el mat\u00ed. Ens van acompanyar a fer una passejada per la ciutat, ens van mostrar diferents estris, utensilis i armes de la seva \u00e8poca i ens van ensenyar a moldre el blat. Va ser una visita molt enriquidora i va servir veure i practicar all\u00f2 que vam treballar a classe anteriorment.<\/span><\/p>\n<p><span style=\"font-weight: 400;\">Despr\u00e9s per finalitzar la jornada vam anar a dinar al mirador de Pals.<\/span><\/p>\n<p><a href=\"https:\/\/agora.xtec.cat\/ceipestacio\/wp-content\/uploads\/usu1918\/2024\/04\/IMG_01.jpg\"><img loading=\"lazy\" decoding=\"async\" class=\"size-full wp-image-5167 aligncenter\" src=\"https:\/\/agora.xtec.cat\/ceipestacio\/wp-content\/uploads\/usu1918\/2024\/04\/IMG_01.jpg\" alt=\"\" width=\"954\" height=\"435\" srcset=\"https:\/\/agora.xtec.cat\/ceipestacio\/wp-content\/uploads\/usu1918\/2024\/04\/IMG_01.jpg 954w, https:\/\/agora.xtec.cat\/ceipestacio\/wp-content\/uploads\/usu1918\/2024\/04\/IMG_01-300x137.jpg 300w, https:\/\/agora.xtec.cat\/ceipestacio\/wp-content\/uploads\/usu1918\/2024\/04\/IMG_01-768x350.jpg 768w\" sizes=\"auto, (max-width: 954px) 100vw, 954px\" \/><\/a><\/p>\n<p>VEURE M\u00c9S IMATGES:\u00a0<a href=\"https:\/\/drive.google.com\/drive\/folders\/1lMZzTAfR8AgKTqHR4QpvoSL0UIZx3-yN?usp=sharing\">https:\/\/drive.google.com\/drive\/folders\/1lMZzTAfR8AgKTqHR4QpvoSL0UIZx3-yN?usp=sharing<\/a><\/p>\n","protected":false},"excerpt":{"rendered":"<p>El passat divendres 22 de mar\u00e7 com a cloenda del segon trimestre l\u2019alumnat de 5\u00e8 de la nostra escola van [&hellip;]<\/p>\n","protected":false},"author":8,"featured_media":5167,"comment_status":"closed","ping_status":"closed","sticky":false,"template":"","format":"standard","meta":{"_bbp_topic_count":0,"_bbp_reply_count":0,"_bbp_total_topic_count":0,"_bbp_total_reply_count":0,"_bbp_voice_count":0,"_bbp_anonymous_reply_count":0,"_bbp_topic_count_hidden":0,"_bbp_reply_count_hidden":0,"_bbp_forum_subforum_count":0,"site-sidebar-layout":"default","site-content-layout":"","ast-site-content-layout":"","site-content-style":"default","site-sidebar-style":"default","ast-global-header-display":"","ast-banner-title-visibility":"","ast-main-header-display":"","ast-hfb-above-header-display":"","ast-hfb-below-header-display":"","ast-hfb-mobile-header-display":"","site-post-title":"","ast-breadcrumbs-content":"","ast-featured-img":"","footer-sml-layout":"","theme-transparent-header-meta":"","adv-header-id-meta":"","stick-header-meta":"","header-above-stick-meta":"","header-main-stick-meta":"","header-below-stick-meta":"","astra-migrate-meta-layouts":"default","ast-page-background-enabled":"default","ast-page-background-meta":{"desktop":{"background-color":"var(--ast-global-color-4)","background-image":"","background-repeat":"repeat","background-position":"center center","background-size":"auto","background-attachment":"scroll","background-type":"","background-media":"","overlay-type":"","overlay-color":"","overlay-opacity":"","overlay-gradient":""},"tablet":{"background-color":"","background-image":"","background-repeat":"repeat","background-position":"center center","background-size":"auto","background-attachment":"scroll","background-type":"","background-media":"","overlay-type":"","overlay-color":"","overlay-opacity":"","overlay-gradient":""},"mobile":{"background-color":"","background-image":"","background-repeat":"repeat","background-position":"center center","background-size":"auto","background-attachment":"scroll","background-type":"","background-media":"","overlay-type":"","overlay-color":"","overlay-opacity":"","overlay-gradient":""}},"ast-content-background-meta":{"desktop":{"background-color":"var(--ast-global-color-5)","background-image":"","background-repeat":"repeat","background-position":"center center","background-size":"auto","background-attachment":"scroll","background-type":"","background-media":"","overlay-type":"","overlay-color":"","overlay-opacity":"","overlay-gradient":""},"tablet":{"background-color":"var(--ast-global-color-5)","background-image":"","background-repeat":"repeat","background-position":"center center","background-size":"auto","background-attachment":"scroll","background-type":"","background-media":"","overlay-type":"","overlay-color":"","overlay-opacity":"","overlay-gradient":""},"mobile":{"background-color":"var(--ast-global-color-5)","background-image":"","background-repeat":"repeat","background-position":"center center","background-size":"auto","background-attachment":"scroll","background-type":"","background-media":"","overlay-type":"","overlay-color":"","overlay-opacity":"","overlay-gradient":""}},"footnotes":""},"categories":[14,4],"tags":[],"class_list":["post-5166","post","type-post","status-publish","format-standard","has-post-thumbnail","hentry","category-5e","category-portada"],"post_mailing_queue_ids":[],"_links":{"self":[{"href":"https:\/\/agora.xtec.cat\/ceipestacio\/wp-json\/wp\/v2\/posts\/5166","targetHints":{"allow":["GET"]}}],"collection":[{"href":"https:\/\/agora.xtec.cat\/ceipestacio\/wp-json\/wp\/v2\/posts"}],"about":[{"href":"https:\/\/agora.xtec.cat\/ceipestacio\/wp-json\/wp\/v2\/types\/post"}],"author":[{"embeddable":true,"href":"https:\/\/agora.xtec.cat\/ceipestacio\/wp-json\/wp\/v2\/users\/8"}],"replies":[{"embeddable":true,"href":"https:\/\/agora.xtec.cat\/ceipestacio\/wp-json\/wp\/v2\/comments?post=5166"}],"version-history":[{"count":1,"href":"https:\/\/agora.xtec.cat\/ceipestacio\/wp-json\/wp\/v2\/posts\/5166\/revisions"}],"predecessor-version":[{"id":5168,"href":"https:\/\/agora.xtec.cat\/ceipestacio\/wp-json\/wp\/v2\/posts\/5166\/revisions\/5168"}],"wp:featuredmedia":[{"embeddable":true,"href":"https:\/\/agora.xtec.cat\/ceipestacio\/wp-json\/wp\/v2\/media\/5167"}],"wp:attachment":[{"href":"https:\/\/agora.xtec.cat\/ceipestacio\/wp-json\/wp\/v2\/media?parent=5166"}],"wp:term":[{"taxonomy":"category","embeddable":true,"href":"https:\/\/agora.xtec.cat\/ceipestacio\/wp-json\/wp\/v2\/categories?post=5166"},{"taxonomy":"post_tag","embeddable":true,"href":"https:\/\/agora.xtec.cat\/ceipestacio\/wp-json\/wp\/v2\/tags?post=5166"}],"curies":[{"name":"wp","href":"https:\/\/api.w.org\/{rel}","templated":true}]}}