{"id":5029,"date":"2023-11-17T09:28:53","date_gmt":"2023-11-17T08:28:53","guid":{"rendered":"https:\/\/agora.xtec.cat\/ceipestacio\/?p=5029"},"modified":"2023-11-17T09:34:52","modified_gmt":"2023-11-17T08:34:52","slug":"quinzena-del-medi-i-la-ciencia-3","status":"publish","type":"post","link":"https:\/\/agora.xtec.cat\/ceipestacio\/general\/quinzena-del-medi-i-la-ciencia-3\/","title":{"rendered":"QUINZENA DEL MEDI I LA CI\u00c8NCIA"},"content":{"rendered":"<div dir=\"auto\">\n<p>Durant aquest mes de novembre, l\u2019alumnat de l\u2019escola de l\u2019Estaci\u00f3 ha comen\u00e7at la quinzena del medi i la ci\u00e8ncia. Aquesta vegada, dedicada a un b\u00e9 tan esc\u00e0s com \u00e9s l\u2019aigua. L\u2019alumnat est\u00e0 portant a terme diferents activitats que engloben totes les \u00e0rees per tal de ser conscients i sensibilitzar-se sobre el seu \u00fas i escassetat. Tamb\u00e9 hem rebut la visita de dos col\u00b7laboradors de la Universitat de Girona que han explicat als i les estudiants el funcionament d&#8217;una potabilitzadora i una depuradora.<\/p>\n<p>Si voleu veure un petit resum del que s\u2019est\u00e0 fent, podeu donar un cop d\u2019ull a l\u2019enlla\u00e7 seg\u00fcent:<br \/>\n<a href=\"https:\/\/www.tvcostabrava.com\/leyre-esparza-\/societat\/educacio-\/lescola-lestacio-de-sant-feliu-consciencia-als-alumnes-sobre-laigua\">https:\/\/www.tvcostabrava.com\/leyre-esparza-\/societat\/educacio-\/lescola-lestacio-de-sant-feliu-consciencia-als-alumnes-sobre-laigua<\/a><\/p>\n<\/div>\n<div dir=\"auto\"><img loading=\"lazy\" decoding=\"async\" class=\"alignnone size-full wp-image-5031\" src=\"https:\/\/agora.xtec.cat\/ceipestacio\/wp-content\/uploads\/usu1918\/2023\/11\/image_6483441.jpg\" alt=\"\" width=\"1536\" height=\"2048\" srcset=\"https:\/\/agora.xtec.cat\/ceipestacio\/wp-content\/uploads\/usu1918\/2023\/11\/image_6483441.jpg 1536w, https:\/\/agora.xtec.cat\/ceipestacio\/wp-content\/uploads\/usu1918\/2023\/11\/image_6483441-225x300.jpg 225w, https:\/\/agora.xtec.cat\/ceipestacio\/wp-content\/uploads\/usu1918\/2023\/11\/image_6483441-768x1024.jpg 768w, https:\/\/agora.xtec.cat\/ceipestacio\/wp-content\/uploads\/usu1918\/2023\/11\/image_6483441-1152x1536.jpg 1152w\" sizes=\"auto, (max-width: 1536px) 100vw, 1536px\" \/><\/div>\n<div dir=\"auto\"><\/div>\n<p dir=\"auto\">VEURE M\u00c9S FOTOS <a href=\"https:\/\/drive.google.com\/drive\/folders\/1jbY03ZtZo93yYOlTWTqgaBQqc6KjoiP9?usp=sharing\">https:\/\/drive.google.com\/drive\/folders\/1jbY03ZtZo93yYOlTWTqgaBQqc6KjoiP9?usp=sharing<\/a><\/p>\n","protected":false},"excerpt":{"rendered":"<p>Durant aquest mes de novembre, l\u2019alumnat de l\u2019escola de l\u2019Estaci\u00f3 ha comen\u00e7at la quinzena del medi i la ci\u00e8ncia. Aquesta [&hellip;]<\/p>\n","protected":false},"author":1,"featured_media":5031,"comment_status":"open","ping_status":"closed","sticky":false,"template":"","format":"standard","meta":{"_bbp_topic_count":0,"_bbp_reply_count":0,"_bbp_total_topic_count":0,"_bbp_total_reply_count":0,"_bbp_voice_count":0,"_bbp_anonymous_reply_count":0,"_bbp_topic_count_hidden":0,"_bbp_reply_count_hidden":0,"_bbp_forum_subforum_count":0,"site-sidebar-layout":"default","site-content-layout":"","ast-site-content-layout":"","site-content-style":"default","site-sidebar-style":"default","ast-global-header-display":"","ast-banner-title-visibility":"","ast-main-header-display":"","ast-hfb-above-header-display":"","ast-hfb-below-header-display":"","ast-hfb-mobile-header-display":"","site-post-title":"","ast-breadcrumbs-content":"","ast-featured-img":"","footer-sml-layout":"","theme-transparent-header-meta":"","adv-header-id-meta":"","stick-header-meta":"","header-above-stick-meta":"","header-main-stick-meta":"","header-below-stick-meta":"","astra-migrate-meta-layouts":"default","ast-page-background-enabled":"default","ast-page-background-meta":{"desktop":{"background-color":"var(--ast-global-color-4)","background-image":"","background-repeat":"repeat","background-position":"center center","background-size":"auto","background-attachment":"scroll","background-type":"","background-media":"","overlay-type":"","overlay-color":"","overlay-opacity":"","overlay-gradient":""},"tablet":{"background-color":"","background-image":"","background-repeat":"repeat","background-position":"center center","background-size":"auto","background-attachment":"scroll","background-type":"","background-media":"","overlay-type":"","overlay-color":"","overlay-opacity":"","overlay-gradient":""},"mobile":{"background-color":"","background-image":"","background-repeat":"repeat","background-position":"center center","background-size":"auto","background-attachment":"scroll","background-type":"","background-media":"","overlay-type":"","overlay-color":"","overlay-opacity":"","overlay-gradient":""}},"ast-content-background-meta":{"desktop":{"background-color":"var(--ast-global-color-5)","background-image":"","background-repeat":"repeat","background-position":"center center","background-size":"auto","background-attachment":"scroll","background-type":"","background-media":"","overlay-type":"","overlay-color":"","overlay-opacity":"","overlay-gradient":""},"tablet":{"background-color":"var(--ast-global-color-5)","background-image":"","background-repeat":"repeat","background-position":"center center","background-size":"auto","background-attachment":"scroll","background-type":"","background-media":"","overlay-type":"","overlay-color":"","overlay-opacity":"","overlay-gradient":""},"mobile":{"background-color":"var(--ast-global-color-5)","background-image":"","background-repeat":"repeat","background-position":"center center","background-size":"auto","background-attachment":"scroll","background-type":"","background-media":"","overlay-type":"","overlay-color":"","overlay-opacity":"","overlay-gradient":""}},"footnotes":""},"categories":[1,4],"tags":[],"class_list":["post-5029","post","type-post","status-publish","format-standard","has-post-thumbnail","hentry","category-general","category-portada"],"post_mailing_queue_ids":[],"_links":{"self":[{"href":"https:\/\/agora.xtec.cat\/ceipestacio\/wp-json\/wp\/v2\/posts\/5029","targetHints":{"allow":["GET"]}}],"collection":[{"href":"https:\/\/agora.xtec.cat\/ceipestacio\/wp-json\/wp\/v2\/posts"}],"about":[{"href":"https:\/\/agora.xtec.cat\/ceipestacio\/wp-json\/wp\/v2\/types\/post"}],"author":[{"embeddable":true,"href":"https:\/\/agora.xtec.cat\/ceipestacio\/wp-json\/wp\/v2\/users\/1"}],"replies":[{"embeddable":true,"href":"https:\/\/agora.xtec.cat\/ceipestacio\/wp-json\/wp\/v2\/comments?post=5029"}],"version-history":[{"count":6,"href":"https:\/\/agora.xtec.cat\/ceipestacio\/wp-json\/wp\/v2\/posts\/5029\/revisions"}],"predecessor-version":[{"id":5037,"href":"https:\/\/agora.xtec.cat\/ceipestacio\/wp-json\/wp\/v2\/posts\/5029\/revisions\/5037"}],"wp:featuredmedia":[{"embeddable":true,"href":"https:\/\/agora.xtec.cat\/ceipestacio\/wp-json\/wp\/v2\/media\/5031"}],"wp:attachment":[{"href":"https:\/\/agora.xtec.cat\/ceipestacio\/wp-json\/wp\/v2\/media?parent=5029"}],"wp:term":[{"taxonomy":"category","embeddable":true,"href":"https:\/\/agora.xtec.cat\/ceipestacio\/wp-json\/wp\/v2\/categories?post=5029"},{"taxonomy":"post_tag","embeddable":true,"href":"https:\/\/agora.xtec.cat\/ceipestacio\/wp-json\/wp\/v2\/tags?post=5029"}],"curies":[{"name":"wp","href":"https:\/\/api.w.org\/{rel}","templated":true}]}}