{"id":4918,"date":"2023-06-25T12:25:40","date_gmt":"2023-06-25T10:25:40","guid":{"rendered":"https:\/\/agora.xtec.cat\/ceipestacio\/?p=4918"},"modified":"2023-06-25T12:25:40","modified_gmt":"2023-06-25T10:25:40","slug":"comiat-de-sise-curs-2022-23","status":"publish","type":"post","link":"https:\/\/agora.xtec.cat\/ceipestacio\/portada\/comiat-de-sise-curs-2022-23\/","title":{"rendered":"COMIAT DE SIS\u00c8 curs 2022-23"},"content":{"rendered":"<p><span style=\"font-weight: 400;\">El dijous 22 hem acomiadat els nostres i les nostres alumnes de 6\u00e8. Ha estat un dia ple d\u2019emocions i sentiment, de records i de remoure el passat viscut a la nostra escola.\u00a0<\/span><\/p>\n<p><span style=\"font-weight: 400;\">Tants moments que s&#8217;amunteguen a la memoria!<\/span><\/p>\n<p><span style=\"font-weight: 400;\">S&#8217;acaba una etapa i tot just ara en comen\u00e7a una de nova. Esperem i desitgem que tinguin molta sort en tot all\u00f2 que es proposin fer. S\u00f3n uns alumnes i unes alumnes valents i amb molta empenta i cap repte per feixuc que sigui els far\u00e0 desistir dels seus objectius.<\/span><\/p>\n<p><span style=\"font-weight: 400;\">Som-hi equip! <a href=\"https:\/\/agora.xtec.cat\/ceipestacio\/wp-content\/uploads\/usu1918\/2023\/06\/01-1.jpg\"><img loading=\"lazy\" decoding=\"async\" class=\"alignnone size-full wp-image-4919\" src=\"https:\/\/agora.xtec.cat\/ceipestacio\/wp-content\/uploads\/usu1918\/2023\/06\/01-1.jpg\" alt=\"\" width=\"1000\" height=\"451\" srcset=\"https:\/\/agora.xtec.cat\/ceipestacio\/wp-content\/uploads\/usu1918\/2023\/06\/01-1.jpg 1000w, https:\/\/agora.xtec.cat\/ceipestacio\/wp-content\/uploads\/usu1918\/2023\/06\/01-1-300x135.jpg 300w, https:\/\/agora.xtec.cat\/ceipestacio\/wp-content\/uploads\/usu1918\/2023\/06\/01-1-768x346.jpg 768w\" sizes=\"auto, (max-width: 1000px) 100vw, 1000px\" \/><\/a><\/span><\/p>\n<p><span style=\"font-weight: 400;\">Compartim les imatges i algun v\u00eddeo de les activitats que hem fet aquests \u00faltims dies com:<\/span><\/p>\n<ul>\n<li style=\"font-weight: 400;\" aria-level=\"1\"><span style=\"font-weight: 400;\">El musical: <a href=\"https:\/\/drive.google.com\/drive\/folders\/1Yj85-iEsbGp16HpvQLlrcZu1lM7v-wgN?usp=sharing\">https:\/\/drive.google.com\/drive\/folders\/1Yj85-iEsbGp16HpvQLlrcZu1lM7v-wgN?usp=sharing<\/a><\/span><\/li>\n<li style=\"font-weight: 400;\" aria-level=\"1\"><span style=\"font-weight: 400;\">L\u2019activitat de For\u00e7a:\u00a0<a href=\"https:\/\/drive.google.com\/drive\/folders\/1oraNAVNzTX-xhMIoRB8o9VbVKZOYndm4?usp=sharing\">https:\/\/drive.google.com\/drive\/folders\/1oraNAVNzTX-xhMIoRB8o9VbVKZOYndm4?usp=sharing<\/a><\/span><\/li>\n<li style=\"font-weight: 400;\" aria-level=\"1\"><span style=\"font-weight: 400;\">La Ruta de la Guerra Civil:\u00a0<a href=\"https:\/\/drive.google.com\/drive\/folders\/1mYN1WSKJQkBW35DRT60RFTyozWhx88PT?usp=sharing\">https:\/\/drive.google.com\/drive\/folders\/1mYN1WSKJQkBW35DRT60RFTyozWhx88PT?usp=sharing<\/a><\/span><\/li>\n<li style=\"font-weight: 400;\" aria-level=\"1\"><span style=\"font-weight: 400;\">El Jard\u00ed Melangi\u00f3s:\u00a0<a href=\"https:\/\/drive.google.com\/drive\/folders\/1HXdG3vZZVyEvAeKZfR4ZiiJH-SFMKYBp?usp=sharing\">https:\/\/drive.google.com\/drive\/folders\/1HXdG3vZZVyEvAeKZfR4ZiiJH-SFMKYBp?usp=sharing<\/a><\/span><\/li>\n<li style=\"font-weight: 400;\" aria-level=\"1\"><span style=\"font-weight: 400;\">La Graduaci\u00f3:\u00a0<a href=\"https:\/\/drive.google.com\/drive\/folders\/1M_JBDhZ2cd593UrgObFcBSDhS122forp?usp=sharing\">https:\/\/drive.google.com\/drive\/folders\/1M_JBDhZ2cd593UrgObFcBSDhS122forp?usp=sharing<\/a><\/span><\/li>\n<li style=\"font-weight: 400;\" aria-level=\"1\"><span style=\"font-weight: 400;\">Les dues orles:\u00a0<a href=\"https:\/\/drive.google.com\/drive\/folders\/1VMa6VhhXWoO4WxCpGMYyJHIcQ0mR8gnq?usp=sharing\">https:\/\/drive.google.com\/drive\/folders\/1VMa6VhhXWoO4WxCpGMYyJHIcQ0mR8gnq?usp=sharing\u00a0<\/a><\/span><\/li>\n<li aria-level=\"1\"><span style=\"font-weight: 400;\">Recordeu que al llarg del curs 2021-22 i 2022-23 hem anat penjants fotografies de totes les activitats que hem anat fent a l\u2019escola i a les sortides i excursions.<\/span>\n<p><span style=\"font-weight: 400;\">SALUT!<\/span><\/li>\n<\/ul>\n","protected":false},"excerpt":{"rendered":"<p>El dijous 22 hem acomiadat els nostres i les nostres alumnes de 6\u00e8. Ha estat un dia ple d\u2019emocions i [&hellip;]<\/p>\n","protected":false},"author":8,"featured_media":4919,"comment_status":"closed","ping_status":"closed","sticky":false,"template":"","format":"standard","meta":{"_bbp_topic_count":0,"_bbp_reply_count":0,"_bbp_total_topic_count":0,"_bbp_total_reply_count":0,"_bbp_voice_count":0,"_bbp_anonymous_reply_count":0,"_bbp_topic_count_hidden":0,"_bbp_reply_count_hidden":0,"_bbp_forum_subforum_count":0,"site-sidebar-layout":"default","site-content-layout":"","ast-site-content-layout":"","site-content-style":"default","site-sidebar-style":"default","ast-global-header-display":"","ast-banner-title-visibility":"","ast-main-header-display":"","ast-hfb-above-header-display":"","ast-hfb-below-header-display":"","ast-hfb-mobile-header-display":"","site-post-title":"","ast-breadcrumbs-content":"","ast-featured-img":"","footer-sml-layout":"","theme-transparent-header-meta":"","adv-header-id-meta":"","stick-header-meta":"","header-above-stick-meta":"","header-main-stick-meta":"","header-below-stick-meta":"","astra-migrate-meta-layouts":"default","ast-page-background-enabled":"default","ast-page-background-meta":{"desktop":{"background-color":"var(--ast-global-color-4)","background-image":"","background-repeat":"repeat","background-position":"center center","background-size":"auto","background-attachment":"scroll","background-type":"","background-media":"","overlay-type":"","overlay-color":"","overlay-opacity":"","overlay-gradient":""},"tablet":{"background-color":"","background-image":"","background-repeat":"repeat","background-position":"center center","background-size":"auto","background-attachment":"scroll","background-type":"","background-media":"","overlay-type":"","overlay-color":"","overlay-opacity":"","overlay-gradient":""},"mobile":{"background-color":"","background-image":"","background-repeat":"repeat","background-position":"center center","background-size":"auto","background-attachment":"scroll","background-type":"","background-media":"","overlay-type":"","overlay-color":"","overlay-opacity":"","overlay-gradient":""}},"ast-content-background-meta":{"desktop":{"background-color":"var(--ast-global-color-5)","background-image":"","background-repeat":"repeat","background-position":"center center","background-size":"auto","background-attachment":"scroll","background-type":"","background-media":"","overlay-type":"","overlay-color":"","overlay-opacity":"","overlay-gradient":""},"tablet":{"background-color":"var(--ast-global-color-5)","background-image":"","background-repeat":"repeat","background-position":"center center","background-size":"auto","background-attachment":"scroll","background-type":"","background-media":"","overlay-type":"","overlay-color":"","overlay-opacity":"","overlay-gradient":""},"mobile":{"background-color":"var(--ast-global-color-5)","background-image":"","background-repeat":"repeat","background-position":"center center","background-size":"auto","background-attachment":"scroll","background-type":"","background-media":"","overlay-type":"","overlay-color":"","overlay-opacity":"","overlay-gradient":""}},"footnotes":""},"categories":[81,4,5],"tags":[],"class_list":["post-4918","post","type-post","status-publish","format-standard","has-post-thumbnail","hentry","category-6e","category-portada","category-primaria"],"post_mailing_queue_ids":[],"_links":{"self":[{"href":"https:\/\/agora.xtec.cat\/ceipestacio\/wp-json\/wp\/v2\/posts\/4918","targetHints":{"allow":["GET"]}}],"collection":[{"href":"https:\/\/agora.xtec.cat\/ceipestacio\/wp-json\/wp\/v2\/posts"}],"about":[{"href":"https:\/\/agora.xtec.cat\/ceipestacio\/wp-json\/wp\/v2\/types\/post"}],"author":[{"embeddable":true,"href":"https:\/\/agora.xtec.cat\/ceipestacio\/wp-json\/wp\/v2\/users\/8"}],"replies":[{"embeddable":true,"href":"https:\/\/agora.xtec.cat\/ceipestacio\/wp-json\/wp\/v2\/comments?post=4918"}],"version-history":[{"count":1,"href":"https:\/\/agora.xtec.cat\/ceipestacio\/wp-json\/wp\/v2\/posts\/4918\/revisions"}],"predecessor-version":[{"id":4920,"href":"https:\/\/agora.xtec.cat\/ceipestacio\/wp-json\/wp\/v2\/posts\/4918\/revisions\/4920"}],"wp:featuredmedia":[{"embeddable":true,"href":"https:\/\/agora.xtec.cat\/ceipestacio\/wp-json\/wp\/v2\/media\/4919"}],"wp:attachment":[{"href":"https:\/\/agora.xtec.cat\/ceipestacio\/wp-json\/wp\/v2\/media?parent=4918"}],"wp:term":[{"taxonomy":"category","embeddable":true,"href":"https:\/\/agora.xtec.cat\/ceipestacio\/wp-json\/wp\/v2\/categories?post=4918"},{"taxonomy":"post_tag","embeddable":true,"href":"https:\/\/agora.xtec.cat\/ceipestacio\/wp-json\/wp\/v2\/tags?post=4918"}],"curies":[{"name":"wp","href":"https:\/\/api.w.org\/{rel}","templated":true}]}}