{"id":4902,"date":"2023-06-09T09:51:53","date_gmt":"2023-06-09T07:51:53","guid":{"rendered":"https:\/\/agora.xtec.cat\/ceipestacio\/?p=4902"},"modified":"2023-06-27T09:36:50","modified_gmt":"2023-06-27T07:36:50","slug":"mifas","status":"publish","type":"post","link":"https:\/\/agora.xtec.cat\/ceipestacio\/general\/mifas\/","title":{"rendered":"\u00a0MIFAS"},"content":{"rendered":"<p><span style=\"font-weight: 400;\">\u00a0<\/span><span style=\"font-weight: 400;\">Dijous 1 de juny del 2023<\/span><\/p>\n<p><span style=\"font-weight: 400;\">El passat dimarts 30 de maig, va venir en Carles, que \u00e9s un senyor que pertany a una associaci\u00f3 de b\u00e0squet que es diu MIFAS.<\/span><\/p>\n<p><span style=\"font-weight: 400;\">Aquesta associaci\u00f3 \u00e9s per a persones amb mobilitat redu\u00efda, aix\u00f2 vol dir que necessiten una cadira de rodes per poder despla\u00e7ar-se.<\/span><\/p>\n<p><span style=\"font-weight: 400;\">Abans de fer res, ens va explicar sobre la seva vida i com va acabar anant amb cadira de rodes.\u00a0 En Carles amb 15 anys va tenir un accident de cotxe\u00a0 en el que es\u00a0 va xocar amb un vehicle i com no tenia posat el cintur\u00f3 de seguretat, va sortir volant.<\/span><\/p>\n<p><span style=\"font-weight: 400;\">Amb aix\u00f2 ens vam adonar de que \u00e9s molt important portar posat\u00a0 el cintur\u00f3 de seguretat, perqu\u00e8 en Carles al no haver-se\u2019l posat va patir no poder caminar mai m\u00e9s. Va estar 11 mesos en coma i igualment al despertar-se, despr\u00e9s de tant de temps, el seu cervell no funcionava b\u00e9.\u00a0 Va ser 2 anys despr\u00e9s, quan ja es va recuperar mentalment i va poder donar-se d\u2019alta.<\/span><\/p>\n<p><span style=\"font-weight: 400;\">Els metges li van dir que no podria moure les mans, que no sentiria les cames\u2026<\/span><\/p>\n<p><span style=\"font-weight: 400;\">Per\u00f2 en Carles encara de no sentir la cama dreta\u00a0 i gran part de l\u2019 esquerra,\u00a0 s\u2019ho fa tot i fa molt esports com: b\u00e0squet, paddle surf, paddle, kayak, quads, puenting, paracaigudisme, parapent, tennis\u2026<\/span><\/p>\n<p><span style=\"font-weight: 400;\">Ens vam quedar molt sorpresos en veure que una persona que t\u00e9 m\u00e9s dificultats en el dia a dia que nosaltres, fa m\u00e9s coses que nosaltres.\u00a0<\/span><\/p>\n<p><span style=\"font-weight: 400;\">Despr\u00e9s d&#8217;aix\u00f2, ens va explicar les normes del b\u00e0squet amb cadira de rodes i vam comen\u00e7ar a jugar. Despr\u00e9s de poder experimentar com juga una persona que porta una cadira de rodes i veure que realment \u00e9s molt dif\u00edcil, ens vam acomiadar d\u2019en Carles.<\/span><\/p>\n<p><span style=\"font-weight: 400;\">Ens ho vam passar molt b\u00e9!<\/span><\/p>\n<p><span style=\"font-weight: 400;\">Fatou, Iune, Loay,\u00a0 Mohamed, Neo i Richard.<\/span><\/p>\n<p><a href=\"https:\/\/agora.xtec.cat\/ceipestacio\/wp-content\/uploads\/usu1918\/2023\/06\/MIFAS.jpg\"><img loading=\"lazy\" decoding=\"async\" class=\"alignnone size-large wp-image-4903\" src=\"https:\/\/agora.xtec.cat\/ceipestacio\/wp-content\/uploads\/usu1918\/2023\/06\/MIFAS-1024x817.jpg\" alt=\"\" width=\"1024\" height=\"817\" srcset=\"https:\/\/agora.xtec.cat\/ceipestacio\/wp-content\/uploads\/usu1918\/2023\/06\/MIFAS-1024x817.jpg 1024w, https:\/\/agora.xtec.cat\/ceipestacio\/wp-content\/uploads\/usu1918\/2023\/06\/MIFAS-300x239.jpg 300w, https:\/\/agora.xtec.cat\/ceipestacio\/wp-content\/uploads\/usu1918\/2023\/06\/MIFAS-768x612.jpg 768w, https:\/\/agora.xtec.cat\/ceipestacio\/wp-content\/uploads\/usu1918\/2023\/06\/MIFAS-1536x1225.jpg 1536w, https:\/\/agora.xtec.cat\/ceipestacio\/wp-content\/uploads\/usu1918\/2023\/06\/MIFAS-2048x1633.jpg 2048w\" sizes=\"auto, (max-width: 1024px) 100vw, 1024px\" \/><\/a><\/p>\n<p>VEURE M\u00c9S FOTOS:\u00a0<a href=\"https:\/\/drive.google.com\/drive\/folders\/1qrRhI_yL9bKJFtr7NMWm2Vn0UZYfORsQ?usp=sharing\">https:\/\/drive.google.com\/drive\/folders\/1qrRhI_yL9bKJFtr7NMWm2Vn0UZYfORsQ?usp=sharing<\/a><\/p>\n<p>&nbsp;<\/p>\n<p>&nbsp;<\/p>\n","protected":false},"excerpt":{"rendered":"<p>\u00a0Dijous 1 de juny del 2023 El passat dimarts 30 de maig, va venir en Carles, que \u00e9s un senyor [&hellip;]<\/p>\n","protected":false},"author":10,"featured_media":4903,"comment_status":"open","ping_status":"closed","sticky":false,"template":"","format":"standard","meta":{"_bbp_topic_count":0,"_bbp_reply_count":0,"_bbp_total_topic_count":0,"_bbp_total_reply_count":0,"_bbp_voice_count":0,"_bbp_anonymous_reply_count":0,"_bbp_topic_count_hidden":0,"_bbp_reply_count_hidden":0,"_bbp_forum_subforum_count":0,"site-sidebar-layout":"default","site-content-layout":"","ast-site-content-layout":"","site-content-style":"default","site-sidebar-style":"default","ast-global-header-display":"","ast-banner-title-visibility":"","ast-main-header-display":"","ast-hfb-above-header-display":"","ast-hfb-below-header-display":"","ast-hfb-mobile-header-display":"","site-post-title":"","ast-breadcrumbs-content":"","ast-featured-img":"","footer-sml-layout":"","theme-transparent-header-meta":"","adv-header-id-meta":"","stick-header-meta":"","header-above-stick-meta":"","header-main-stick-meta":"","header-below-stick-meta":"","astra-migrate-meta-layouts":"default","ast-page-background-enabled":"default","ast-page-background-meta":{"desktop":{"background-color":"var(--ast-global-color-4)","background-image":"","background-repeat":"repeat","background-position":"center center","background-size":"auto","background-attachment":"scroll","background-type":"","background-media":"","overlay-type":"","overlay-color":"","overlay-opacity":"","overlay-gradient":""},"tablet":{"background-color":"","background-image":"","background-repeat":"repeat","background-position":"center center","background-size":"auto","background-attachment":"scroll","background-type":"","background-media":"","overlay-type":"","overlay-color":"","overlay-opacity":"","overlay-gradient":""},"mobile":{"background-color":"","background-image":"","background-repeat":"repeat","background-position":"center center","background-size":"auto","background-attachment":"scroll","background-type":"","background-media":"","overlay-type":"","overlay-color":"","overlay-opacity":"","overlay-gradient":""}},"ast-content-background-meta":{"desktop":{"background-color":"var(--ast-global-color-5)","background-image":"","background-repeat":"repeat","background-position":"center center","background-size":"auto","background-attachment":"scroll","background-type":"","background-media":"","overlay-type":"","overlay-color":"","overlay-opacity":"","overlay-gradient":""},"tablet":{"background-color":"var(--ast-global-color-5)","background-image":"","background-repeat":"repeat","background-position":"center center","background-size":"auto","background-attachment":"scroll","background-type":"","background-media":"","overlay-type":"","overlay-color":"","overlay-opacity":"","overlay-gradient":""},"mobile":{"background-color":"var(--ast-global-color-5)","background-image":"","background-repeat":"repeat","background-position":"center center","background-size":"auto","background-attachment":"scroll","background-type":"","background-media":"","overlay-type":"","overlay-color":"","overlay-opacity":"","overlay-gradient":""}},"footnotes":""},"categories":[81,1,4],"tags":[],"class_list":["post-4902","post","type-post","status-publish","format-standard","has-post-thumbnail","hentry","category-6e","category-general","category-portada"],"post_mailing_queue_ids":[],"_links":{"self":[{"href":"https:\/\/agora.xtec.cat\/ceipestacio\/wp-json\/wp\/v2\/posts\/4902","targetHints":{"allow":["GET"]}}],"collection":[{"href":"https:\/\/agora.xtec.cat\/ceipestacio\/wp-json\/wp\/v2\/posts"}],"about":[{"href":"https:\/\/agora.xtec.cat\/ceipestacio\/wp-json\/wp\/v2\/types\/post"}],"author":[{"embeddable":true,"href":"https:\/\/agora.xtec.cat\/ceipestacio\/wp-json\/wp\/v2\/users\/10"}],"replies":[{"embeddable":true,"href":"https:\/\/agora.xtec.cat\/ceipestacio\/wp-json\/wp\/v2\/comments?post=4902"}],"version-history":[{"count":2,"href":"https:\/\/agora.xtec.cat\/ceipestacio\/wp-json\/wp\/v2\/posts\/4902\/revisions"}],"predecessor-version":[{"id":4922,"href":"https:\/\/agora.xtec.cat\/ceipestacio\/wp-json\/wp\/v2\/posts\/4902\/revisions\/4922"}],"wp:featuredmedia":[{"embeddable":true,"href":"https:\/\/agora.xtec.cat\/ceipestacio\/wp-json\/wp\/v2\/media\/4903"}],"wp:attachment":[{"href":"https:\/\/agora.xtec.cat\/ceipestacio\/wp-json\/wp\/v2\/media?parent=4902"}],"wp:term":[{"taxonomy":"category","embeddable":true,"href":"https:\/\/agora.xtec.cat\/ceipestacio\/wp-json\/wp\/v2\/categories?post=4902"},{"taxonomy":"post_tag","embeddable":true,"href":"https:\/\/agora.xtec.cat\/ceipestacio\/wp-json\/wp\/v2\/tags?post=4902"}],"curies":[{"name":"wp","href":"https:\/\/api.w.org\/{rel}","templated":true}]}}