{"id":4736,"date":"2023-03-16T13:52:10","date_gmt":"2023-03-16T12:52:10","guid":{"rendered":"https:\/\/agora.xtec.cat\/ceipestacio\/?p=4736"},"modified":"2023-03-30T13:33:00","modified_gmt":"2023-03-30T11:33:00","slug":"trobada-de-futbol-sala-a-lestacio","status":"publish","type":"post","link":"https:\/\/agora.xtec.cat\/ceipestacio\/general\/trobada-de-futbol-sala-a-lestacio\/","title":{"rendered":"TROBADA DE FUTBOL SALA A L&#8217;ESTACI\u00d3"},"content":{"rendered":"<p><span style=\"font-weight: 400;\">El dissabte 4 de mar\u00e7, vam fer un mini campionat de futbol sala en el nostre col\u00b7legi. L\u2019Anna Barb\u00e9 ens va donar l\u2019equipaci\u00f3 uns dies abans del partit. Primer vam fer nosaltres els partits i despr\u00e9s els petits van fer els seus. La nostra trobada va comen\u00e7ar a les 8:45 h i va acabar entre les 12:00 h i la 13:00 h. Cada partit tenia dues parts de 7 minuts. Nosaltres vam comen\u00e7ar el primer partit contra el Baldiri, despr\u00e9s contra el Gaziel i per \u00faltim contra l&#8217;Ardenya.\u00a0<\/span><\/p>\n<p><span style=\"font-weight: 400;\">Malauradament no vam guanyar cap partit, ja que vam quedar empatats o ens guayaven per un gol.\u00a0<\/span><\/p>\n<p><span style=\"font-weight: 400;\">Estem molt contentes, ja que vam ser nosaltres les que vam jugar millor, perqu\u00e8 ens vam posicionar b\u00e9 a la pista i vam fer passades entre tots i totes les membres de l\u2019equip i no an\u00e0vem darrere de la pilota com els altres.<\/span><\/p>\n<p><span style=\"font-weight: 400;\">Iratxe i Leyre<\/span><\/p>\n<p><a href=\"https:\/\/agora.xtec.cat\/ceipestacio\/wp-content\/uploads\/usu1918\/2023\/03\/jjjj.jpg\"><img loading=\"lazy\" decoding=\"async\" class=\"alignnone size-large wp-image-4738\" src=\"https:\/\/agora.xtec.cat\/ceipestacio\/wp-content\/uploads\/usu1918\/2023\/03\/jjjj-1024x987.jpg\" alt=\"\" width=\"1024\" height=\"987\" srcset=\"https:\/\/agora.xtec.cat\/ceipestacio\/wp-content\/uploads\/usu1918\/2023\/03\/jjjj-1024x987.jpg 1024w, https:\/\/agora.xtec.cat\/ceipestacio\/wp-content\/uploads\/usu1918\/2023\/03\/jjjj-300x289.jpg 300w, https:\/\/agora.xtec.cat\/ceipestacio\/wp-content\/uploads\/usu1918\/2023\/03\/jjjj-768x740.jpg 768w, https:\/\/agora.xtec.cat\/ceipestacio\/wp-content\/uploads\/usu1918\/2023\/03\/jjjj-1536x1480.jpg 1536w, https:\/\/agora.xtec.cat\/ceipestacio\/wp-content\/uploads\/usu1918\/2023\/03\/jjjj-2048x1973.jpg 2048w\" sizes=\"auto, (max-width: 1024px) 100vw, 1024px\" \/><\/a><\/p>\n<p>VEURE M\u00c9S FOTOS:<a href=\"https:\/\/drive.google.com\/drive\/folders\/1-syCaRBmjnAnJ4b-Tldbell4L6brzz-8?usp=share_link\">https:\/\/drive.google.com\/drive\/folders\/1-syCaRBmjnAnJ4b-Tldbell4L6brzz-8?usp=share_link<\/a><\/p>\n","protected":false},"excerpt":{"rendered":"<p>El dissabte 4 de mar\u00e7, vam fer un mini campionat de futbol sala en el nostre col\u00b7legi. L\u2019Anna Barb\u00e9 ens [&hellip;]<\/p>\n","protected":false},"author":26,"featured_media":4738,"comment_status":"closed","ping_status":"closed","sticky":false,"template":"","format":"standard","meta":{"_bbp_topic_count":0,"_bbp_reply_count":0,"_bbp_total_topic_count":0,"_bbp_total_reply_count":0,"_bbp_voice_count":0,"_bbp_anonymous_reply_count":0,"_bbp_topic_count_hidden":0,"_bbp_reply_count_hidden":0,"_bbp_forum_subforum_count":0,"site-sidebar-layout":"default","site-content-layout":"","ast-site-content-layout":"","site-content-style":"default","site-sidebar-style":"default","ast-global-header-display":"","ast-banner-title-visibility":"","ast-main-header-display":"","ast-hfb-above-header-display":"","ast-hfb-below-header-display":"","ast-hfb-mobile-header-display":"","site-post-title":"","ast-breadcrumbs-content":"","ast-featured-img":"","footer-sml-layout":"","theme-transparent-header-meta":"","adv-header-id-meta":"","stick-header-meta":"","header-above-stick-meta":"","header-main-stick-meta":"","header-below-stick-meta":"","astra-migrate-meta-layouts":"default","ast-page-background-enabled":"default","ast-page-background-meta":{"desktop":{"background-color":"var(--ast-global-color-4)","background-image":"","background-repeat":"repeat","background-position":"center center","background-size":"auto","background-attachment":"scroll","background-type":"","background-media":"","overlay-type":"","overlay-color":"","overlay-opacity":"","overlay-gradient":""},"tablet":{"background-color":"","background-image":"","background-repeat":"repeat","background-position":"center center","background-size":"auto","background-attachment":"scroll","background-type":"","background-media":"","overlay-type":"","overlay-color":"","overlay-opacity":"","overlay-gradient":""},"mobile":{"background-color":"","background-image":"","background-repeat":"repeat","background-position":"center center","background-size":"auto","background-attachment":"scroll","background-type":"","background-media":"","overlay-type":"","overlay-color":"","overlay-opacity":"","overlay-gradient":""}},"ast-content-background-meta":{"desktop":{"background-color":"var(--ast-global-color-5)","background-image":"","background-repeat":"repeat","background-position":"center center","background-size":"auto","background-attachment":"scroll","background-type":"","background-media":"","overlay-type":"","overlay-color":"","overlay-opacity":"","overlay-gradient":""},"tablet":{"background-color":"var(--ast-global-color-5)","background-image":"","background-repeat":"repeat","background-position":"center center","background-size":"auto","background-attachment":"scroll","background-type":"","background-media":"","overlay-type":"","overlay-color":"","overlay-opacity":"","overlay-gradient":""},"mobile":{"background-color":"var(--ast-global-color-5)","background-image":"","background-repeat":"repeat","background-position":"center center","background-size":"auto","background-attachment":"scroll","background-type":"","background-media":"","overlay-type":"","overlay-color":"","overlay-opacity":"","overlay-gradient":""}},"footnotes":""},"categories":[7,70,1,4,5],"tags":[],"class_list":["post-4736","post","type-post","status-publish","format-standard","has-post-thumbnail","hentry","category-ampa","category-esport-escolar","category-general","category-portada","category-primaria"],"post_mailing_queue_ids":[],"_links":{"self":[{"href":"https:\/\/agora.xtec.cat\/ceipestacio\/wp-json\/wp\/v2\/posts\/4736","targetHints":{"allow":["GET"]}}],"collection":[{"href":"https:\/\/agora.xtec.cat\/ceipestacio\/wp-json\/wp\/v2\/posts"}],"about":[{"href":"https:\/\/agora.xtec.cat\/ceipestacio\/wp-json\/wp\/v2\/types\/post"}],"author":[{"embeddable":true,"href":"https:\/\/agora.xtec.cat\/ceipestacio\/wp-json\/wp\/v2\/users\/26"}],"replies":[{"embeddable":true,"href":"https:\/\/agora.xtec.cat\/ceipestacio\/wp-json\/wp\/v2\/comments?post=4736"}],"version-history":[{"count":2,"href":"https:\/\/agora.xtec.cat\/ceipestacio\/wp-json\/wp\/v2\/posts\/4736\/revisions"}],"predecessor-version":[{"id":4739,"href":"https:\/\/agora.xtec.cat\/ceipestacio\/wp-json\/wp\/v2\/posts\/4736\/revisions\/4739"}],"wp:featuredmedia":[{"embeddable":true,"href":"https:\/\/agora.xtec.cat\/ceipestacio\/wp-json\/wp\/v2\/media\/4738"}],"wp:attachment":[{"href":"https:\/\/agora.xtec.cat\/ceipestacio\/wp-json\/wp\/v2\/media?parent=4736"}],"wp:term":[{"taxonomy":"category","embeddable":true,"href":"https:\/\/agora.xtec.cat\/ceipestacio\/wp-json\/wp\/v2\/categories?post=4736"},{"taxonomy":"post_tag","embeddable":true,"href":"https:\/\/agora.xtec.cat\/ceipestacio\/wp-json\/wp\/v2\/tags?post=4736"}],"curies":[{"name":"wp","href":"https:\/\/api.w.org\/{rel}","templated":true}]}}