{"id":4688,"date":"2023-01-19T14:15:39","date_gmt":"2023-01-19T13:15:39","guid":{"rendered":"https:\/\/agora.xtec.cat\/ceipestacio\/?p=4688"},"modified":"2023-03-16T14:06:34","modified_gmt":"2023-03-16T13:06:34","slug":"cinquena-jornada-comarcal-de-cors-sfg","status":"publish","type":"post","link":"https:\/\/agora.xtec.cat\/ceipestacio\/general\/cinquena-jornada-comarcal-de-cors-sfg\/","title":{"rendered":"CINQUENA JORNADA COMARCAL DE CROS SFG"},"content":{"rendered":"<p><span style=\"font-weight: 400;\">El passat dissabte 14 de gener es va celebrar el cros escolar de Sant Feliu de Gu\u00edxols organitzat pel Consell Esportiu del Baix Empord\u00e0.<\/span><\/p>\n<p><span style=\"font-weight: 400;\">La nostra Escola va participar i es van apuntar forces nens i nenes de diferents edats.<\/span><\/p>\n<p><span style=\"font-weight: 400;\">El tra\u00e7at del circuit era una baixada lleugera, despr\u00e9s venia un tram dif\u00edcil, una pujada molt i molt forta i inclinada. La experi\u00e8ncia va se mot bona. Vam acabar molt cansades.Les medalles s\u00f3n de fusta amb un dibuix d\u2019un noi que corre. Si fas\u00a0 podi\u00a0 et donen una medalla i una llibreta. L&#8217;experi\u00e8ncia va ser molt divertida, encara que a la vegada cansant. Va ser un experi\u00e8ncia que recordarem amb molta felicitat quan siguem grans.<\/span><\/p>\n<p>Donem les gr\u00e0cies a totes les persones ha van fer possible aquesta activitat.<\/p>\n<p>Gr\u00e0cies.<\/p>\n<p><span style=\"font-weight: 400;\">Isona, \u00c0ngela, Mar, Basmae.<\/span><\/p>\n<p><a href=\"https:\/\/agora.xtec.cat\/ceipestacio\/wp-content\/uploads\/usu1918\/2023\/01\/02.jpg\"><img loading=\"lazy\" decoding=\"async\" class=\"alignnone size-large wp-image-4689\" src=\"https:\/\/agora.xtec.cat\/ceipestacio\/wp-content\/uploads\/usu1918\/2023\/01\/02-1024x785.jpg\" alt=\"\" width=\"1024\" height=\"785\" srcset=\"https:\/\/agora.xtec.cat\/ceipestacio\/wp-content\/uploads\/usu1918\/2023\/01\/02-1024x785.jpg 1024w, https:\/\/agora.xtec.cat\/ceipestacio\/wp-content\/uploads\/usu1918\/2023\/01\/02-300x230.jpg 300w, https:\/\/agora.xtec.cat\/ceipestacio\/wp-content\/uploads\/usu1918\/2023\/01\/02-768x589.jpg 768w, https:\/\/agora.xtec.cat\/ceipestacio\/wp-content\/uploads\/usu1918\/2023\/01\/02-1536x1178.jpg 1536w, https:\/\/agora.xtec.cat\/ceipestacio\/wp-content\/uploads\/usu1918\/2023\/01\/02.jpg 1713w\" sizes=\"auto, (max-width: 1024px) 100vw, 1024px\" \/><\/a><\/p>\n<p><strong>Classificacions:<\/strong> <a href=\"https:\/\/esports.baixemporda.cat\/documents\/contingut\/contingut2433.pdf\">https:\/\/esports.baixemporda.cat\/documents\/contingut\/contingut2433.pdf<\/a><\/p>\n<p><strong>Fotos del Consell Esportiu del Baix Empord\u00e0:<\/strong>\u00a0<a href=\"https:\/\/esports.baixemporda.cat\/ca\/fotografies-5a-jornada-de-cros-a-sant-feliu-de-guixols-14-01-2023.html\">https:\/\/esports.baixemporda.cat\/ca\/fotografies-5a-jornada-de-cros-a-sant-feliu-de-guixols-14-01-2023.html<\/a><\/p>\n<p><strong>LES NOSTRES FOTOS:\u00a0<a href=\"https:\/\/drive.google.com\/drive\/folders\/1TJinDqcXi_gy4UsfmZrg0-wLh2cq4Mli?usp=share_link\">https:\/\/drive.google.com\/drive\/folders\/1TJinDqcXi_gy4UsfmZrg0-wLh2cq4Mli?usp=share_link<\/a><\/strong><\/p>\n","protected":false},"excerpt":{"rendered":"<p>El passat dissabte 14 de gener es va celebrar el cros escolar de Sant Feliu de Gu\u00edxols organitzat pel Consell [&hellip;]<\/p>\n","protected":false},"author":8,"featured_media":4689,"comment_status":"open","ping_status":"closed","sticky":false,"template":"","format":"standard","meta":{"_bbp_topic_count":0,"_bbp_reply_count":0,"_bbp_total_topic_count":0,"_bbp_total_reply_count":0,"_bbp_voice_count":0,"_bbp_anonymous_reply_count":0,"_bbp_topic_count_hidden":0,"_bbp_reply_count_hidden":0,"_bbp_forum_subforum_count":0,"site-sidebar-layout":"default","site-content-layout":"","ast-site-content-layout":"","site-content-style":"default","site-sidebar-style":"default","ast-global-header-display":"","ast-banner-title-visibility":"","ast-main-header-display":"","ast-hfb-above-header-display":"","ast-hfb-below-header-display":"","ast-hfb-mobile-header-display":"","site-post-title":"","ast-breadcrumbs-content":"","ast-featured-img":"","footer-sml-layout":"","theme-transparent-header-meta":"","adv-header-id-meta":"","stick-header-meta":"","header-above-stick-meta":"","header-main-stick-meta":"","header-below-stick-meta":"","astra-migrate-meta-layouts":"default","ast-page-background-enabled":"default","ast-page-background-meta":{"desktop":{"background-color":"var(--ast-global-color-4)","background-image":"","background-repeat":"repeat","background-position":"center center","background-size":"auto","background-attachment":"scroll","background-type":"","background-media":"","overlay-type":"","overlay-color":"","overlay-opacity":"","overlay-gradient":""},"tablet":{"background-color":"","background-image":"","background-repeat":"repeat","background-position":"center center","background-size":"auto","background-attachment":"scroll","background-type":"","background-media":"","overlay-type":"","overlay-color":"","overlay-opacity":"","overlay-gradient":""},"mobile":{"background-color":"","background-image":"","background-repeat":"repeat","background-position":"center center","background-size":"auto","background-attachment":"scroll","background-type":"","background-media":"","overlay-type":"","overlay-color":"","overlay-opacity":"","overlay-gradient":""}},"ast-content-background-meta":{"desktop":{"background-color":"var(--ast-global-color-5)","background-image":"","background-repeat":"repeat","background-position":"center center","background-size":"auto","background-attachment":"scroll","background-type":"","background-media":"","overlay-type":"","overlay-color":"","overlay-opacity":"","overlay-gradient":""},"tablet":{"background-color":"var(--ast-global-color-5)","background-image":"","background-repeat":"repeat","background-position":"center center","background-size":"auto","background-attachment":"scroll","background-type":"","background-media":"","overlay-type":"","overlay-color":"","overlay-opacity":"","overlay-gradient":""},"mobile":{"background-color":"var(--ast-global-color-5)","background-image":"","background-repeat":"repeat","background-position":"center center","background-size":"auto","background-attachment":"scroll","background-type":"","background-media":"","overlay-type":"","overlay-color":"","overlay-opacity":"","overlay-gradient":""}},"footnotes":""},"categories":[70,1,2,4,5],"tags":[],"class_list":["post-4688","post","type-post","status-publish","format-standard","has-post-thumbnail","hentry","category-esport-escolar","category-general","category-infantil","category-portada","category-primaria"],"post_mailing_queue_ids":[],"_links":{"self":[{"href":"https:\/\/agora.xtec.cat\/ceipestacio\/wp-json\/wp\/v2\/posts\/4688","targetHints":{"allow":["GET"]}}],"collection":[{"href":"https:\/\/agora.xtec.cat\/ceipestacio\/wp-json\/wp\/v2\/posts"}],"about":[{"href":"https:\/\/agora.xtec.cat\/ceipestacio\/wp-json\/wp\/v2\/types\/post"}],"author":[{"embeddable":true,"href":"https:\/\/agora.xtec.cat\/ceipestacio\/wp-json\/wp\/v2\/users\/8"}],"replies":[{"embeddable":true,"href":"https:\/\/agora.xtec.cat\/ceipestacio\/wp-json\/wp\/v2\/comments?post=4688"}],"version-history":[{"count":2,"href":"https:\/\/agora.xtec.cat\/ceipestacio\/wp-json\/wp\/v2\/posts\/4688\/revisions"}],"predecessor-version":[{"id":4691,"href":"https:\/\/agora.xtec.cat\/ceipestacio\/wp-json\/wp\/v2\/posts\/4688\/revisions\/4691"}],"wp:featuredmedia":[{"embeddable":true,"href":"https:\/\/agora.xtec.cat\/ceipestacio\/wp-json\/wp\/v2\/media\/4689"}],"wp:attachment":[{"href":"https:\/\/agora.xtec.cat\/ceipestacio\/wp-json\/wp\/v2\/media?parent=4688"}],"wp:term":[{"taxonomy":"category","embeddable":true,"href":"https:\/\/agora.xtec.cat\/ceipestacio\/wp-json\/wp\/v2\/categories?post=4688"},{"taxonomy":"post_tag","embeddable":true,"href":"https:\/\/agora.xtec.cat\/ceipestacio\/wp-json\/wp\/v2\/tags?post=4688"}],"curies":[{"name":"wp","href":"https:\/\/api.w.org\/{rel}","templated":true}]}}