{"id":4386,"date":"2022-04-09T14:32:39","date_gmt":"2022-04-09T12:32:39","guid":{"rendered":"https:\/\/agora.xtec.cat\/ceipestacio\/?p=4386"},"modified":"2022-04-09T14:42:44","modified_gmt":"2022-04-09T12:42:44","slug":"moments-descola-dels-nens-i-nenes-de-2n","status":"publish","type":"post","link":"https:\/\/agora.xtec.cat\/ceipestacio\/general\/moments-descola-dels-nens-i-nenes-de-2n\/","title":{"rendered":"Moments d&#8217;escola dels nens i nenes de 2N!"},"content":{"rendered":"<p style=\"text-align: center;\"><a href=\"https:\/\/agora.xtec.cat\/ceipestacio\/wp-content\/uploads\/usu1918\/2022\/04\/Captura-de-pantalla-2022-04-07-a-las-22.53.17-copia-2.jpg\"><img loading=\"lazy\" decoding=\"async\" class=\"alignnone wp-image-4396\" src=\"https:\/\/agora.xtec.cat\/ceipestacio\/wp-content\/uploads\/usu1918\/2022\/04\/Captura-de-pantalla-2022-04-07-a-las-22.53.17-copia-2-1024x768.jpg\" alt=\"\" width=\"392\" height=\"294\" srcset=\"https:\/\/agora.xtec.cat\/ceipestacio\/wp-content\/uploads\/usu1918\/2022\/04\/Captura-de-pantalla-2022-04-07-a-las-22.53.17-copia-2-1024x768.jpg 1024w, https:\/\/agora.xtec.cat\/ceipestacio\/wp-content\/uploads\/usu1918\/2022\/04\/Captura-de-pantalla-2022-04-07-a-las-22.53.17-copia-2-300x225.jpg 300w, https:\/\/agora.xtec.cat\/ceipestacio\/wp-content\/uploads\/usu1918\/2022\/04\/Captura-de-pantalla-2022-04-07-a-las-22.53.17-copia-2-768x576.jpg 768w, https:\/\/agora.xtec.cat\/ceipestacio\/wp-content\/uploads\/usu1918\/2022\/04\/Captura-de-pantalla-2022-04-07-a-las-22.53.17-copia-2-200x150.jpg 200w, https:\/\/agora.xtec.cat\/ceipestacio\/wp-content\/uploads\/usu1918\/2022\/04\/Captura-de-pantalla-2022-04-07-a-las-22.53.17-copia-2.jpg 1300w\" sizes=\"auto, (max-width: 392px) 100vw, 392px\" \/><\/a> <a href=\"https:\/\/agora.xtec.cat\/ceipestacio\/wp-content\/uploads\/usu1918\/2022\/04\/Captura-de-pantalla-2022-04-07-a-las-22.53.43-2.jpg\"><img loading=\"lazy\" decoding=\"async\" class=\"alignnone wp-image-4397\" src=\"https:\/\/agora.xtec.cat\/ceipestacio\/wp-content\/uploads\/usu1918\/2022\/04\/Captura-de-pantalla-2022-04-07-a-las-22.53.43-2-1024x768.jpg\" alt=\"\" width=\"394\" height=\"295\" srcset=\"https:\/\/agora.xtec.cat\/ceipestacio\/wp-content\/uploads\/usu1918\/2022\/04\/Captura-de-pantalla-2022-04-07-a-las-22.53.43-2-1024x768.jpg 1024w, https:\/\/agora.xtec.cat\/ceipestacio\/wp-content\/uploads\/usu1918\/2022\/04\/Captura-de-pantalla-2022-04-07-a-las-22.53.43-2-300x225.jpg 300w, https:\/\/agora.xtec.cat\/ceipestacio\/wp-content\/uploads\/usu1918\/2022\/04\/Captura-de-pantalla-2022-04-07-a-las-22.53.43-2-768x576.jpg 768w, https:\/\/agora.xtec.cat\/ceipestacio\/wp-content\/uploads\/usu1918\/2022\/04\/Captura-de-pantalla-2022-04-07-a-las-22.53.43-2-200x150.jpg 200w, https:\/\/agora.xtec.cat\/ceipestacio\/wp-content\/uploads\/usu1918\/2022\/04\/Captura-de-pantalla-2022-04-07-a-las-22.53.43-2.jpg 1300w\" sizes=\"auto, (max-width: 394px) 100vw, 394px\" \/><\/a><\/p>\n<p style=\"text-align: center;\">Els nens i nenes de 2n ens ho passem molt b\u00e9 a l&#8217;escola. Fem moltes activitats com: llengua, matem\u00e0tiques, valors, inform\u00e0tica&#8230;tamb\u00e9 visitem espais i indrets de la nostra ciutat o a vegades anem m\u00e9s lluny i marxem d&#8217;excursi\u00f3!<\/p>\n<p style=\"text-align: center;\">Tot aix\u00f2, \u00e9s el que s&#8217;ha recollit en un video amb moments i instants on aprenen, descobreixen, comparteixen, treballen en grup i sobretot s&#8217;ho passen genial!<\/p>\n<p style=\"text-align: center;\">Esperem que us agradi!<\/p>\n<p style=\"text-align: center;\"><em>Clica la imatge per veure el v\u00eddeo<\/em><a href=\"https:\/\/www.youtube.com\/watch?v=laahLw-Uzjo\"><img loading=\"lazy\" decoding=\"async\" class=\"aligncenter wp-image-4393\" title=\"Video 2N\" src=\"https:\/\/agora.xtec.cat\/ceipestacio\/wp-content\/uploads\/usu1918\/2022\/04\/images.png\" alt=\"\" width=\"170\" height=\"170\" srcset=\"https:\/\/agora.xtec.cat\/ceipestacio\/wp-content\/uploads\/usu1918\/2022\/04\/images.png 225w, https:\/\/agora.xtec.cat\/ceipestacio\/wp-content\/uploads\/usu1918\/2022\/04\/images-150x150.png 150w\" sizes=\"auto, (max-width: 170px) 100vw, 170px\" \/><\/a><\/p>\n<div style=\"text-align: left;\"><\/div>\n","protected":false},"excerpt":{"rendered":"<p>Els nens i nenes de 2n ens ho passem molt b\u00e9 a l&#8217;escola. Fem moltes activitats com: llengua, matem\u00e0tiques, valors, [&hellip;]<\/p>\n","protected":false},"author":52,"featured_media":4393,"comment_status":"open","ping_status":"closed","sticky":false,"template":"","format":"standard","meta":{"_bbp_topic_count":0,"_bbp_reply_count":0,"_bbp_total_topic_count":0,"_bbp_total_reply_count":0,"_bbp_voice_count":0,"_bbp_anonymous_reply_count":0,"_bbp_topic_count_hidden":0,"_bbp_reply_count_hidden":0,"_bbp_forum_subforum_count":0,"site-sidebar-layout":"default","site-content-layout":"","ast-site-content-layout":"","site-content-style":"default","site-sidebar-style":"default","ast-global-header-display":"","ast-banner-title-visibility":"","ast-main-header-display":"","ast-hfb-above-header-display":"","ast-hfb-below-header-display":"","ast-hfb-mobile-header-display":"","site-post-title":"","ast-breadcrumbs-content":"","ast-featured-img":"","footer-sml-layout":"","theme-transparent-header-meta":"","adv-header-id-meta":"","stick-header-meta":"","header-above-stick-meta":"","header-main-stick-meta":"","header-below-stick-meta":"","astra-migrate-meta-layouts":"default","ast-page-background-enabled":"default","ast-page-background-meta":{"desktop":{"background-color":"var(--ast-global-color-4)","background-image":"","background-repeat":"repeat","background-position":"center center","background-size":"auto","background-attachment":"scroll","background-type":"","background-media":"","overlay-type":"","overlay-color":"","overlay-opacity":"","overlay-gradient":""},"tablet":{"background-color":"","background-image":"","background-repeat":"repeat","background-position":"center center","background-size":"auto","background-attachment":"scroll","background-type":"","background-media":"","overlay-type":"","overlay-color":"","overlay-opacity":"","overlay-gradient":""},"mobile":{"background-color":"","background-image":"","background-repeat":"repeat","background-position":"center center","background-size":"auto","background-attachment":"scroll","background-type":"","background-media":"","overlay-type":"","overlay-color":"","overlay-opacity":"","overlay-gradient":""}},"ast-content-background-meta":{"desktop":{"background-color":"var(--ast-global-color-5)","background-image":"","background-repeat":"repeat","background-position":"center center","background-size":"auto","background-attachment":"scroll","background-type":"","background-media":"","overlay-type":"","overlay-color":"","overlay-opacity":"","overlay-gradient":""},"tablet":{"background-color":"var(--ast-global-color-5)","background-image":"","background-repeat":"repeat","background-position":"center center","background-size":"auto","background-attachment":"scroll","background-type":"","background-media":"","overlay-type":"","overlay-color":"","overlay-opacity":"","overlay-gradient":""},"mobile":{"background-color":"var(--ast-global-color-5)","background-image":"","background-repeat":"repeat","background-position":"center center","background-size":"auto","background-attachment":"scroll","background-type":"","background-media":"","overlay-type":"","overlay-color":"","overlay-opacity":"","overlay-gradient":""}},"footnotes":""},"categories":[11,1,4,5],"tags":[93,80],"class_list":["post-4386","post","type-post","status-publish","format-standard","has-post-thumbnail","hentry","category-2n","category-general","category-portada","category-primaria","tag-2n","tag-escola-lestacio"],"post_mailing_queue_ids":[],"_links":{"self":[{"href":"https:\/\/agora.xtec.cat\/ceipestacio\/wp-json\/wp\/v2\/posts\/4386","targetHints":{"allow":["GET"]}}],"collection":[{"href":"https:\/\/agora.xtec.cat\/ceipestacio\/wp-json\/wp\/v2\/posts"}],"about":[{"href":"https:\/\/agora.xtec.cat\/ceipestacio\/wp-json\/wp\/v2\/types\/post"}],"author":[{"embeddable":true,"href":"https:\/\/agora.xtec.cat\/ceipestacio\/wp-json\/wp\/v2\/users\/52"}],"replies":[{"embeddable":true,"href":"https:\/\/agora.xtec.cat\/ceipestacio\/wp-json\/wp\/v2\/comments?post=4386"}],"version-history":[{"count":3,"href":"https:\/\/agora.xtec.cat\/ceipestacio\/wp-json\/wp\/v2\/posts\/4386\/revisions"}],"predecessor-version":[{"id":4401,"href":"https:\/\/agora.xtec.cat\/ceipestacio\/wp-json\/wp\/v2\/posts\/4386\/revisions\/4401"}],"wp:featuredmedia":[{"embeddable":true,"href":"https:\/\/agora.xtec.cat\/ceipestacio\/wp-json\/wp\/v2\/media\/4393"}],"wp:attachment":[{"href":"https:\/\/agora.xtec.cat\/ceipestacio\/wp-json\/wp\/v2\/media?parent=4386"}],"wp:term":[{"taxonomy":"category","embeddable":true,"href":"https:\/\/agora.xtec.cat\/ceipestacio\/wp-json\/wp\/v2\/categories?post=4386"},{"taxonomy":"post_tag","embeddable":true,"href":"https:\/\/agora.xtec.cat\/ceipestacio\/wp-json\/wp\/v2\/tags?post=4386"}],"curies":[{"name":"wp","href":"https:\/\/api.w.org\/{rel}","templated":true}]}}